{"id":349398,"date":"2025-08-28T06:41:11","date_gmt":"2025-08-28T06:41:11","guid":{"rendered":"https:\/\/www.europesays.com\/fr\/349398\/"},"modified":"2025-08-28T06:41:11","modified_gmt":"2025-08-28T06:41:11","slug":"miss-univers-2025-eve-gilles-miss-france-2024-representera-la-france-et-saffiche-combattive-sur-instagram","status":"publish","type":"post","link":"https:\/\/www.europesays.com\/fr\/349398\/","title":{"rendered":"Miss Univers 2025 : Eve Gilles, Miss France 2024, repr\u00e9sentera la France et s&rsquo;affiche combattive sur Instagram"},"content":{"rendered":"<p class=\"article-p mdl\">Elle portera les couleurs de la France sur la sc\u00e8ne de Miss Univers en Tha\u00eflande. Le comit\u00e9 Miss France a annonc\u00e9 le nom de la reine de beaut\u00e9 fran\u00e7aise qui tentera de remporter le prix international de beaut\u00e9. \u00ab\u00a0La Soci\u00e9t\u00e9 Miss France est heureuse d&rsquo;annoncer la participation d&rsquo;Eve Gilles, Miss France 2024, \u00e0 la 74e \u00e9dition du concours Miss Univers. Apr\u00e8s Mexico en novembre dernier, cette ann\u00e9e le concours se tiendra \u00e0 l&rsquo;Impact Challenger Hall, situ\u00e9 \u00e0 Pak Kret, en Tha\u00eflande, le 21 novembre 2025\u00a0\u00bb, a pr\u00e9cis\u00e9 l&rsquo;institution dans un communiqu\u00e9 de presse.\u00a0<\/p>\n<p class=\"article-p mdl\">\u00c0 22 ans, la Miss France originaire du Nord de la France a d\u00e9clar\u00e9 \u00eatre enchant\u00e9e de cette opportunit\u00e9. \u00ab\u00a0C&rsquo;est un immense honneur de repr\u00e9senter la France au concours Miss Univers en Tha\u00eflande en novembre prochain et de montrer que la diversit\u00e9 est une richesse dans un concours permettant \u00e0 toutes les femmes d&rsquo;atteindre leurs objectifs tout en s&rsquo;appropriant ce qu&rsquo;elles sont, a affirm\u00e9 la reine de beaut\u00e9. Merci \u00e0 la Soci\u00e9t\u00e9 Miss France pour sa confiance et \u00e0 chacun de vous pour votre soutien depuis le 16 d\u00e9cembre 2023. Je suis pr\u00eate \u00e0 vivre cette aventure et d\u00e9termin\u00e9e \u00e0 faire briller la France sur la sc\u00e8ne internationale\u00a0\u00bb.<\/p>\n<p class=\"article-p mdl\">Miss France a publi\u00e9, pour accompagner cette annonce, plusieurs photos et une vid\u00e9o d&rsquo;Eve Gilles. Attitude combative, maquillage impeccable, couronne sur la t\u00eate, la jeune femme aux cheveux courts avance ses arguments pour s\u00e9duire le public international dans quelques mois.\u00a0<\/p>\n<p class=\"article-p mdl\">\u00ab\u00a0Eve incarne les valeurs d&rsquo;une femme affirm\u00e9e, engag\u00e9e et ambitieuse. Sa participation \u00e0 Miss Univers est une belle opportunit\u00e9 de faire rayonner la France \u00e0 l&rsquo;\u00e9chelle internationale. Nous lui souhaitons riche en \u00e9motions, en rencontres et en r\u00e9ussite !\u00a0\u00bb, a d\u00e9clar\u00e9 \u00e0 son tour Fr\u00e9d\u00e9ric Gilbert Pr\u00e9sident de la Soci\u00e9t\u00e9 Miss France. La derni\u00e8re fran\u00e7aise \u00e0 avoir remport\u00e9 le prestigieux titre est\u00a0<strong>Iris Mittenaere<\/strong>, triomphante en 2016 \u00e0 Manille.\u00a0<\/p>\n<p>    La r\u00e9daction vous recommande<\/p>\n<p class=\"s-newsletter__title\">\n                L\u2019actualit\u00e9 par la r\u00e9daction de RTL dans votre bo\u00eete mail.\n            <\/p>\n<p class=\"s-newsletter__subtitle\">\n                Gr\u00e2ce \u00e0 votre compte RTL abonnez-vous \u00e0 la newsletter RTL info pour suivre toute l&rsquo;actualit\u00e9 au quotidien\n            <\/p>\n<p>\n                                    Lire la suite\n                                <\/p>\n","protected":false},"excerpt":{"rendered":"Elle portera les couleurs de la France sur la sc\u00e8ne de Miss Univers en Tha\u00eflande. Le comit\u00e9 Miss&hellip;\n","protected":false},"author":2,"featured_media":349399,"comment_status":"","ping_status":"","sticky":false,"template":"","format":"standard","meta":{"footnotes":""},"categories":[4],"tags":[11,2424,2414,107,1011,27,3034,30091,12,973,25],"class_list":{"0":"post-349398","1":"post","2":"type-post","3":"status-publish","4":"format-standard","5":"has-post-thumbnail","7":"category-france","8":"tag-actualites","9":"tag-beaute","10":"tag-fil-culture","11":"tag-fil-info","12":"tag-fr","13":"tag-france","14":"tag-miss-france","15":"tag-miss-univers","16":"tag-news","17":"tag-people","18":"tag-republique-francaise"},"share_on_mastodon":{"url":"https:\/\/pubeurope.com\/@fr\/115105031190931862","error":""},"_links":{"self":[{"href":"https:\/\/www.europesays.com\/fr\/wp-json\/wp\/v2\/posts\/349398","targetHints":{"allow":["GET"]}}],"collection":[{"href":"https:\/\/www.europesays.com\/fr\/wp-json\/wp\/v2\/posts"}],"about":[{"href":"https:\/\/www.europesays.com\/fr\/wp-json\/wp\/v2\/types\/post"}],"author":[{"embeddable":true,"href":"https:\/\/www.europesays.com\/fr\/wp-json\/wp\/v2\/users\/2"}],"replies":[{"embeddable":true,"href":"https:\/\/www.europesays.com\/fr\/wp-json\/wp\/v2\/comments?post=349398"}],"version-history":[{"count":0,"href":"https:\/\/www.europesays.com\/fr\/wp-json\/wp\/v2\/posts\/349398\/revisions"}],"wp:featuredmedia":[{"embeddable":true,"href":"https:\/\/www.europesays.com\/fr\/wp-json\/wp\/v2\/media\/349399"}],"wp:attachment":[{"href":"https:\/\/www.europesays.com\/fr\/wp-json\/wp\/v2\/media?parent=349398"}],"wp:term":[{"taxonomy":"category","embeddable":true,"href":"https:\/\/www.europesays.com\/fr\/wp-json\/wp\/v2\/categories?post=349398"},{"taxonomy":"post_tag","embeddable":true,"href":"https:\/\/www.europesays.com\/fr\/wp-json\/wp\/v2\/tags?post=349398"}],"curies":[{"name":"wp","href":"https:\/\/api.w.org\/{rel}","templated":true}]}}