{"id":349400,"date":"2025-08-28T06:42:20","date_gmt":"2025-08-28T06:42:20","guid":{"rendered":"https:\/\/www.europesays.com\/fr\/349400\/"},"modified":"2025-08-28T06:42:20","modified_gmt":"2025-08-28T06:42:20","slug":"pourquoi-les-americains-sont-favoris-sur-le-papier","status":"publish","type":"post","link":"https:\/\/www.europesays.com\/fr\/349400\/","title":{"rendered":"Pourquoi les Am\u00e9ricains sont favoris (sur le papier) ?"},"content":{"rendered":"<p>\t\t\t\t\t\t<img width=\"770\" height=\"556\" src=\"https:\/\/www.europesays.com\/fr\/wp-content\/uploads\/2025\/08\/team-usa-rydercup-770x556.jpg\" class=\"img-responsive wp-post-image\" alt=\"\" decoding=\"async\" fetchpriority=\"high\"  \/>\t\t\t\t\t<\/p>\n<p>\t\t\t\t\t\t Partager cet article <\/p>\n<p class=\"screen-reader-text juiz_sps_maybe_hidden_text\">Partager la publication \u00ab\u00a0Pourquoi les Am\u00e9ricains sont favoris (sur le papier) ?\u00a0\u00bb<\/p>\n<p><strong>Comme souvent, la Team USA partira avec l\u2019\u00e9tiquette de favori \u00e0 Bethpage dans 1 mois pour la 45e Ryder Cup. Une r\u00e9alit\u00e9 qui prend source dans l\u2019analyse du classement mondial des joueurs qui composent la formation de Keegan Bradley.<\/strong><\/p>\n<p>\t\t\t\t\t<a id=\"183294\" href=\"https:\/\/golfplus.fr\/kit-1-2-serie-graphite-p4785.html\" target=\"_blank\" rel=\"sponsorised nofollow noopener\"><img decoding=\"async\" src=\"data:image\/svg+xml,%3Csvg%20xmlns=\" http:=\"\" class=\"img-responsive\" alt=\"\" data-lazy-src=\"https:\/\/www.europesays.com\/fr\/wp-content\/uploads\/2025\/08\/golfplus-e22-kits-greens-1170x275-1.jpg\"\/><\/a><\/p>\n<p>Vainqueurs de 10 des 14 derni\u00e8res \u00e9ditions de la <strong>Ryder Cup<\/strong>, les Europ\u00e9ens ont souvent d\u00e9jou\u00e9 les pronostics en s\u2019appuyant notamment sur une coh\u00e9sion d\u2019\u00e9quipe plus franche et aussi parfois sur d\u2019\u00e9tonnants choix du capitaine am\u00e9ricain. (L\u2019association <strong>DeChambeau \u2013 Mickelson<\/strong> en foursomes \u00e0 Paris en 2018 sur un parcours \u00e9troit avec des roughs \u00e9pais demeure un myst\u00e8re.)<\/p>\n<p>Et cette ann\u00e9e, si les joueurs de <strong>Luke Donald<\/strong> veulent s\u2019imposer sur le sol am\u00e9ricain pour la premi\u00e8re fois depuis le <strong>\u201cMiracle\u201d de Medinah<\/strong> en 2012, ils vont de nouveau devoir battre une \u00e9quipe nettement plus forte sur le papier.<\/p>\n<p>\t\t\t\t\t<a id=\"181442\" href=\"https:\/\/www.formigolf.fr\/voyage-pays~fairplay_golf__spa_resort_5etoiles_cadiz~199~espagne\" target=\"_blank\" rel=\"sponsorised nofollow noopener\"><img decoding=\"async\" src=\"data:image\/svg+xml,%3Csvg%20xmlns=\" http:=\"\" class=\"img-responsive\" alt=\"\" data-lazy-src=\"https:\/\/www.europesays.com\/fr\/wp-content\/uploads\/2025\/08\/formigolf-e08-andalousie-cadiz-1170x275-1.gif\"\/><\/a><br \/>\nUn classement mondial moyen inf\u00e9rieur<\/p>\n<p>En effet, apr\u00e8s l\u2019annonce des <a href=\"https:\/\/www.golfplanete.com\/actualites\/keegan-bradley-devoile-ses-six-picks-pour-bethpage-et-il-ne-selectionne-pas\/\" target=\"_blank\" rel=\"noopener nofollow\">6 joueurs retenus par Keegan Bradley et ses vice-capitaines<\/a> pour compl\u00e9ter l\u2019\u00e9quipe am\u00e9ricaine, c\u2019est une certitude <a href=\"https:\/\/www.golfplanete.com\/actualites\/tout-savoir-sur-les-12-joueurs-americains-de-ryder-cup\/\" target=\"_blank\" rel=\"noopener nofollow\">la Team USA<\/a> poss\u00e8de plus d\u2019armes avec un classement mondial moyen de 11,33 :<br \/><strong>Scottie Scheffler<\/strong> (1er), <strong>Xander<\/strong> <strong>Schauffele<\/strong> (3e), <strong>Russell<\/strong> <strong>Henley<\/strong> (4e), <strong>Justin Thomas<\/strong> (5e), <strong>J.J. Spaun<\/strong> (7e) <strong>Collin Morikawa<\/strong> (8e), <strong>Harris English<\/strong> (10e), <strong>Ben Griffin<\/strong> (17e), <strong>Bryson DeChambeau<\/strong> (18e), <strong>Cameron<\/strong> <strong>Young<\/strong> (20e), <strong>Patrick<\/strong> <strong>Cantlay<\/strong> (21e), <strong>Sam Burns<\/strong> (22e).<\/p>\n<p>\t\t\t\t\t<a id=\"177181\" href=\"http:\/\/charleskent-golf.com\/andalucia-majors\/\" target=\"_blank\" rel=\"sponsorised nofollow noopener\"><img decoding=\"async\" src=\"data:image\/svg+xml,%3Csvg%20xmlns=\" http:=\"\" class=\"img-responsive\" alt=\"\" data-lazy-src=\"https:\/\/www.europesays.com\/fr\/wp-content\/uploads\/2025\/06\/charleskent-e03-andalucia-majors-1170x275-1.gif\"\/><\/a><br \/>\nLes \u201dpicks\u201d am\u00e9ricains plus forts que les \u201cqualifi\u00e9s\u201d europ\u00e9ens<\/p>\n<p>Plus \u00e9tonnant encore, le classement mondial moyen des 6 Am\u00e9ricains non qualifi\u00e9s math\u00e9matiquement est inf\u00e9rieur (donc meilleur) \u00e0 celui des 6 Europ\u00e9ens s\u00e9lectionn\u00e9s automatiquement selon leurs performances au cours des 12 derniers mois.<\/p>\n<p>15,5 pour les 6 \u201cpicks\u201d de Bradley contre 19,66 pour les 6 qualifi\u00e9s math\u00e9matiques de Luke Donald.<\/p>\n<p>Si 4 des 6 joueurs europ\u00e9ens s\u00e9lectionn\u00e9s par <a href=\"https:\/\/www.golfplanete.com\/actualites\/exit-les-points-mondiaux-le-processus-de-qualification-automatique-pour-lequipe-europeenne-de-ryder-cup-evolue\/\" rel=\"nofollow noopener\" target=\"_blank\">le syst\u00e8me de qualification europ\u00e9en<\/a> sont dans le top 12 mondial (<strong>Rory McIlroy, Tommy Fleetwood, Robert MacIntyre, Justin Rose<\/strong>), les deux derniers font figure de \u201cmauvais \u00e9l\u00e8ves\u201d.<\/p>\n<p>A sa d\u00e9charge, <strong>Tyrrell Hatton<\/strong> (25e), poss\u00e8de un classement mondial fauss\u00e9 par le fait que l\u2019Anglais \u00e9volue sur le <strong>LIV Golf<\/strong>. Il n\u2019a donc jou\u00e9 que 22 tournois comptant pour le classement mondial officiel alors que le diviseur est au minimum de 40. (La remarque vaut \u00e9galement pour Bryson DeChambeau c\u00f4t\u00e9 am\u00e9ricain)<\/p>\n<p><a href=\"https:\/\/www.golfplanete.com\/actualites\/rasmus-hojgaard-le-sixieme-homme-pour-bethpage\/\" rel=\"nofollow noopener\" target=\"_blank\">Dernier qualifi\u00e9<\/a>, <strong>Rasmus H\u00f8jgaard<\/strong> n\u2019apparait lui qu\u2019au 64e rang dans la hi\u00e9rarchie. Parti de loin (90e, fin aout 2024) il a r\u00e9alis\u00e9 une bonne saison et gagn\u00e9 26 places au cours des 12 derniers mois. Aucun autre joueur du vieux continent n\u2019affiche une telle progression sur cette p\u00e9riode et c\u2019est la raison pour laquelle le Danois a int\u00e9gr\u00e9 l\u2019\u00e9quipe aux points.<\/p>\n<p>\t\t\t\t\t<a id=\"181426\" href=\"https:\/\/leclub-golf.com\/fr\/green-fees?online=1&amp;utm_source=golf+planete&amp;utm_medium=referral&amp;utm_campaign=green+fee+en+ligne&amp;utm_id=green+fee+en+ligne_golf+planete_referral_banner\" target=\"_blank\" rel=\"sponsorised nofollow noopener\"><img decoding=\"async\" src=\"data:image\/svg+xml,%3Csvg%20xmlns=\" http:=\"\" class=\"img-responsive\" alt=\"\" data-lazy-src=\"https:\/\/www.europesays.com\/fr\/wp-content\/uploads\/2025\/08\/leclubgolf-e09-effet-classique-1170x275png.png\"\/><\/a><\/p>\n<p>\u00a9Team USA Ryder Cup<\/p>\n","protected":false},"excerpt":{"rendered":"Partager cet article Partager la publication \u00ab\u00a0Pourquoi les Am\u00e9ricains sont favoris (sur le papier) ?\u00a0\u00bb Comme souvent, la&hellip;\n","protected":false},"author":2,"featured_media":349401,"comment_status":"","ping_status":"","sticky":false,"template":"","format":"standard","meta":{"footnotes":""},"categories":[1418],"tags":[1011,27,1472,60],"class_list":{"0":"post-349400","1":"post","2":"type-post","3":"status-publish","4":"format-standard","5":"has-post-thumbnail","7":"category-golf","8":"tag-fr","9":"tag-france","10":"tag-golf","11":"tag-sports"},"share_on_mastodon":{"url":"https:\/\/pubeurope.com\/@fr\/115105034622168487","error":""},"_links":{"self":[{"href":"https:\/\/www.europesays.com\/fr\/wp-json\/wp\/v2\/posts\/349400","targetHints":{"allow":["GET"]}}],"collection":[{"href":"https:\/\/www.europesays.com\/fr\/wp-json\/wp\/v2\/posts"}],"about":[{"href":"https:\/\/www.europesays.com\/fr\/wp-json\/wp\/v2\/types\/post"}],"author":[{"embeddable":true,"href":"https:\/\/www.europesays.com\/fr\/wp-json\/wp\/v2\/users\/2"}],"replies":[{"embeddable":true,"href":"https:\/\/www.europesays.com\/fr\/wp-json\/wp\/v2\/comments?post=349400"}],"version-history":[{"count":0,"href":"https:\/\/www.europesays.com\/fr\/wp-json\/wp\/v2\/posts\/349400\/revisions"}],"wp:featuredmedia":[{"embeddable":true,"href":"https:\/\/www.europesays.com\/fr\/wp-json\/wp\/v2\/media\/349401"}],"wp:attachment":[{"href":"https:\/\/www.europesays.com\/fr\/wp-json\/wp\/v2\/media?parent=349400"}],"wp:term":[{"taxonomy":"category","embeddable":true,"href":"https:\/\/www.europesays.com\/fr\/wp-json\/wp\/v2\/categories?post=349400"},{"taxonomy":"post_tag","embeddable":true,"href":"https:\/\/www.europesays.com\/fr\/wp-json\/wp\/v2\/tags?post=349400"}],"curies":[{"name":"wp","href":"https:\/\/api.w.org\/{rel}","templated":true}]}}