{"id":349402,"date":"2025-08-28T06:44:11","date_gmt":"2025-08-28T06:44:11","guid":{"rendered":"https:\/\/www.europesays.com\/fr\/349402\/"},"modified":"2025-08-28T06:44:11","modified_gmt":"2025-08-28T06:44:11","slug":"rugby-top-14-le-droit-de-grandir-notre-hors-serie-consacre-a-la-section-paloise-sort-ce-jeudi-28-aout","status":"publish","type":"post","link":"https:\/\/www.europesays.com\/fr\/349402\/","title":{"rendered":"Rugby &#8211; Top 14\u00a0: \u00ab\u00a0Le droit de grandir\u00a0\u00bb, notre hors-s\u00e9rie consacr\u00e9 \u00e0 la Section Paloise sort ce jeudi 28\u00a0ao\u00fbt"},"content":{"rendered":"<p>D\u00e9couvrez les visages et les infos sur l\u2019effectif palois mais aussi ceux de ses treize adversaires, les prochains mois de comp\u00e9tition racont\u00e9s de mani\u00e8re (l\u00e9g\u00e8rement) d\u00e9cal\u00e9e, le calendrier complet, des confidences sur les recrues sectionnistes de l\u2019\u00e9t\u00e9 mais aussi le bilan de dix ann\u00e9es de Top 14 depuis la remont\u00e9e en 2015, suite au titre glan\u00e9 en Pro D2. Une d\u00e9cennie plus tard, les joueurs qui l\u2019ont conquis nous racontent leurs souvenirs.<\/p>\n<p>Thibault Daubagna, jeune pro \u00e0 l\u2019\u00e9poque, explique son amour exclusif pour Pau, dans une transition parfaite entre rappel du pass\u00e9 et projection vers le futur, dont se charge \u00e9galement le manager S\u00e9bastien Piqueronies. Il nous livre ses satisfactions et les axes de progr\u00e8s de ses troupes pour int\u00e9grer le top 6 et retrouver enfin la phase finale du championnat.<\/p>\n<p>Le droit et la n\u00e9cessit\u00e9 pour la Section Paloise de grandir<\/p>\n<p>Pour que cet avenir soit durable, l\u2019encadrement du centre de formation travaille \u00e0 la s\u00e9lection des futurs talents, qu\u2019il d\u00e9taille. En attendant, le pr\u00e9sent est radieux. Apr\u00e8s 25\u00a0ans d\u2019absence, la Section Paloise a le bonheur de retrouver la grande Coupe d\u2019Europe, dans un Hameau de plus en plus vibrant, \u00e0 l\u2019image des cant\u00e8ras qui l\u2019anime \u00e0 chaque avant-match.<\/p>\n<p>Parce que dans l\u2019agglom\u00e9ration paloise, le rugby ne se conjugue pas qu\u2019au masculin, zoom sur Lons Section Paloise, qui retrouve ses racines avec le d\u00e9sir de retrouver l\u2019Elite 1 et le top niveau fran\u00e7ais. Enfin, TotalEnergies, partenaire majeur du club, raconte son attachement aux clubs locaux. 28 pages qui dessinent le droit et la n\u00e9cessit\u00e9 pour la Section Paloise de grandir.<\/p>\n<p><strong>Ce jeudi 28\u00a0ao\u00fbt, parution du hors-s\u00e9rie Section Paloise, 28 pages, 3\u00a0euros. \u00c0 retrouver en kiosque, sur <a href=\"https:\/\/abonnement.larepubliquedespyrenees.fr\/rubriques\/hors-series\" target=\"_blank\" rel=\"nofollow noopener\">notre boutique en ligne<\/a> et \u00e0 l\u2019accueil de la r\u00e9daction, 6 rue Despourrins, 64000 PAU<\/strong><\/p>\n","protected":false},"excerpt":{"rendered":"D\u00e9couvrez les visages et les infos sur l\u2019effectif palois mais aussi ceux de ses treize adversaires, les prochains&hellip;\n","protected":false},"author":2,"featured_media":349403,"comment_status":"","ping_status":"","sticky":false,"template":"","format":"standard","meta":{"footnotes":""},"categories":[1416],"tags":[1011,27,479,1468,60],"class_list":{"0":"post-349402","1":"post","2":"type-post","3":"status-publish","4":"format-standard","5":"has-post-thumbnail","7":"category-rugby","8":"tag-fr","9":"tag-france","10":"tag-rugby","11":"tag-rugby-football","12":"tag-sports"},"share_on_mastodon":{"url":"https:\/\/pubeurope.com\/@fr\/115105042584579638","error":""},"_links":{"self":[{"href":"https:\/\/www.europesays.com\/fr\/wp-json\/wp\/v2\/posts\/349402","targetHints":{"allow":["GET"]}}],"collection":[{"href":"https:\/\/www.europesays.com\/fr\/wp-json\/wp\/v2\/posts"}],"about":[{"href":"https:\/\/www.europesays.com\/fr\/wp-json\/wp\/v2\/types\/post"}],"author":[{"embeddable":true,"href":"https:\/\/www.europesays.com\/fr\/wp-json\/wp\/v2\/users\/2"}],"replies":[{"embeddable":true,"href":"https:\/\/www.europesays.com\/fr\/wp-json\/wp\/v2\/comments?post=349402"}],"version-history":[{"count":0,"href":"https:\/\/www.europesays.com\/fr\/wp-json\/wp\/v2\/posts\/349402\/revisions"}],"wp:featuredmedia":[{"embeddable":true,"href":"https:\/\/www.europesays.com\/fr\/wp-json\/wp\/v2\/media\/349403"}],"wp:attachment":[{"href":"https:\/\/www.europesays.com\/fr\/wp-json\/wp\/v2\/media?parent=349402"}],"wp:term":[{"taxonomy":"category","embeddable":true,"href":"https:\/\/www.europesays.com\/fr\/wp-json\/wp\/v2\/categories?post=349402"},{"taxonomy":"post_tag","embeddable":true,"href":"https:\/\/www.europesays.com\/fr\/wp-json\/wp\/v2\/tags?post=349402"}],"curies":[{"name":"wp","href":"https:\/\/api.w.org\/{rel}","templated":true}]}}