{"id":349406,"date":"2025-08-28T06:47:17","date_gmt":"2025-08-28T06:47:17","guid":{"rendered":"https:\/\/www.europesays.com\/fr\/349406\/"},"modified":"2025-08-28T06:47:17","modified_gmt":"2025-08-28T06:47:17","slug":"les-pionniers-des-campings-du-gp-moto-sont-arrives-au-mans-avant-larrivee-de-dizaine-de-milliers-de-personnes","status":"publish","type":"post","link":"https:\/\/www.europesays.com\/fr\/349406\/","title":{"rendered":"Les \u00ab\u00a0pionniers\u00a0\u00bb des campings du GP moto sont arriv\u00e9s au Mans, avant l&rsquo;arriv\u00e9e de dizaine de milliers de personnes"},"content":{"rendered":"<p>   <img decoding=\"async\" src=\"https:\/\/www.europesays.com\/fr\/wp-content\/uploads\/2025\/08\/1756363636_742_1200x680\" alt=\"illustration agrandir l'image\" style=\"--_image-preview:url('data:image\/jpeg;base64,\/9j\/2wBDACgcHiMeGSgjISMtKygwPGRBPDc3PHtYXUlkkYCZlo+AjIqgtObDoKrarYqMyP\/L2u71\/\/\/\/m8H\/\/\/\/6\/+b9\/\/j\/2wBDASstLTw1PHZBQXb4pYyl+Pj4+Pj4+Pj4+Pj4+Pj4+Pj4+Pj4+Pj4+Pj4+Pj4+Pj4+Pj4+Pj4+Pj4+Pj4+Pj4+Pj\/wAARCAAqACoDASIAAhEBAxEB\/8QAGAAAAwEBAAAAAAAAAAAAAAAAAAIDBAH\/xAAYEAEBAQEBAAAAAAAAAAAAAAAAARIRAv\/EABYBAQEBAAAAAAAAAAAAAAAAAAEAAv\/EABURAQEAAAAAAAAAAAAAAAAAAAAR\/9oADAMBAAIRAxEAPwDfPRpWeezT2WVujqWxtFTo6npzSDPPTu0euX0zWovsbZ9DZqaNu7Z56NpItJT0lYJbR1ygo0pukhiH\/9k=');\" loading=\"eager\" fetchpriority=\"high\" aria-hidden=\"true\" class=\"svelte-1pnmlwx rounded\" onload=\"this.__e=event\" onerror=\"this.__e=event\"\/> Des dizaines de milliers de personnes passent le week-end dans les campings. \u00a9 Radio France &#8211; C\u00e9dric Hermel    <\/p>\n<p class=\"g-ici-body-regular-3 info svelte-1a514ib\">Diffus\u00e9 le jeudi 8 mai 2025 \u00e0 7:31 <\/p>\n<p class=\"g-ici-body-regular-3 info svelte-1a514ib\">Publi\u00e9 le jeudi 8 mai 2025 \u00e0 7:31 <\/p>\n<p class=\"g-ici-body-bold-1 standFirst svelte-g22axr\">Les premiers spectateurs du grand prix de France moto sont arriv\u00e9s ce mercredi sur les premi\u00e8res aires de camping ouvertes. Ils pr\u00e9parent le terrain pour des dizaines de milliers de personnes.<\/p>\n<p>Le Panorama au nord, le Houx au sud&#8230;\u00a0<a class=\"IciLink ici-link IciArticleLink g-ici-body-regular-1 underline brand svelte-lu7k6w\" href=\"https:\/\/www.francebleu.fr\/sports\/tous-les-sports\/une-partie-des-aires-d-accueil-du-grand-prix-de-france-de-moto-au-mans-ouvrent-des-ce-mercredi-midi-au-public-1941221\" target=\"_blank\" rel=\"noopener\"><strong>les premi\u00e8res aires de camping, les plus proches\u00a0du circuit Bugatti du Mans, ont ouvert<\/strong><\/a>\u00a0ce jeudi 7 mai 2025.<\/p>\n<p>Les aires de campings <strong>vont \u00eatre ouvertes de plus en plus loin<\/strong> et continuer \u00e0 se remplir d&rsquo;ici <a class=\"IciLink ici-link IciArticleLink g-ici-body-regular-1 underline brand svelte-lu7k6w\" href=\"https:\/\/www.francebleu.fr\/sports\/tous-les-sports\/motogp-programme-parking-billetterie-tout-ce-qu-il-faut-savoir-sur-le-grand-prix-de-france-2025-au-mans-6519470\" target=\"_blank\" rel=\"noopener\">aux courses du Grand prix de France moto<\/a>, ce samedi et dimanche, et accueillir des dizaines de milliers de spectateurs.<\/p>\n<p>Pour beaucoup de campeurs, c&rsquo;est <strong>important d&rsquo;arriver t\u00f4t<\/strong> pour r\u00e9server le \u00ab\u00a0bon\u00a0\u00bb emplacement, celui o\u00f9 ils ont leur habitude, qui est proche des toilettes ou bien d&rsquo;un autre groupe avec lequel ils passent du temps ensemble.<\/p>\n<p>Les abris \u00e0 bestiaux pl\u00e9biscit\u00e9s<\/p>\n<p>Certains utilisent aussi des \u00e9quipements originaux\u00a0: par exemple, sur l&rsquo;aire du Parc des expositions, les abris \u00e0 bestiaux sont pris\u00e9s, car ils fournissent un toit en dur. On ne sait jamais&#8230;<\/p>\n<p>\u00c0 lire aussi   <img decoding=\"async\" src=\"https:\/\/www.europesays.com\/fr\/wp-content\/uploads\/2025\/08\/1756363637_239_200x200\" alt=\"L'entr\u00e9e d'une aire d'accueil des 24 Heures du Mans motos (illustration)\" style=\"--_image-preview:url('data:image\/jpeg;base64,\/9j\/2wBDACgcHiMeGSgjISMtKygwPGRBPDc3PHtYXUlkkYCZlo+AjIqgtObDoKrarYqMyP\/L2u71\/\/\/\/m8H\/\/\/\/6\/+b9\/\/j\/2wBDASstLTw1PHZBQXb4pYyl+Pj4+Pj4+Pj4+Pj4+Pj4+Pj4+Pj4+Pj4+Pj4+Pj4+Pj4+Pj4+Pj4+Pj4+Pj4+Pj4+Pj\/wAARCAAqACoDASIAAhEBAxEB\/8QAGAAAAwEBAAAAAAAAAAAAAAAAAQIDBAD\/xAAaEAEAAwEBAQAAAAAAAAAAAAAAAQIREgMT\/8QAFQEBAQAAAAAAAAAAAAAAAAAAAAH\/xAAUEQEAAAAAAAAAAAAAAAAAAAAA\/9oADAMBAAIRAxEAPwDZFh1ni5ouqLaEyn2E2A02J0S1idASLjHozdD2K0\/R03Zux7QVm5ek5sGglrtK4D6OkGANo6UQf\/\/Z');\" loading=\"lazy\" fetchpriority=\"low\" aria-hidden=\"true\" class=\"svelte-1pnmlwx rounded\" onload=\"this.__e=event\" onerror=\"this.__e=event\"\/>\u00c0 lire aussi   <img decoding=\"async\" src=\"https:\/\/www.europesays.com\/fr\/wp-content\/uploads\/2025\/08\/1756363637_724_200x200\" alt=\"En 2023, le Grand prix de France Moto avait attir\u00e9 plus de 278.000 spectateurs.\" style=\"--_image-preview:url('data:image\/jpeg;base64,\/9j\/2wBDACgcHiMeGSgjISMtKygwPGRBPDc3PHtYXUlkkYCZlo+AjIqgtObDoKrarYqMyP\/L2u71\/\/\/\/m8H\/\/\/\/6\/+b9\/\/j\/2wBDASstLTw1PHZBQXb4pYyl+Pj4+Pj4+Pj4+Pj4+Pj4+Pj4+Pj4+Pj4+Pj4+Pj4+Pj4+Pj4+Pj4+Pj4+Pj4+Pj4+Pj\/wAARCAAqACoDASIAAhEBAxEB\/8QAGQAAAwEBAQAAAAAAAAAAAAAAAAIDBAEF\/8QAFxABAQEBAAAAAAAAAAAAAAAAAAIBEv\/EABcBAQEBAQAAAAAAAAAAAAAAAAABAgP\/xAAVEQEBAAAAAAAAAAAAAAAAAAAAEf\/aAAwDAQACEQMRAD8AWbVm2SdVmmka5pSaZZpWaBpyjdM+WbtB5WYpLvLuYUhp0+aTMNiVYfodFBSDgcqhzrcTyTcmdKQvI5O6lWP\/2Q==');\" loading=\"lazy\" fetchpriority=\"low\" aria-hidden=\"true\" class=\"svelte-1pnmlwx rounded\" onload=\"this.__e=event\" onerror=\"this.__e=event\"\/> <\/p>\n<ul class=\"SocialNetworks svelte-bt5901\">\n<li class=\"svelte-bt5901\"><\/li>\n<li class=\"svelte-bt5901\"><\/li>\n<li class=\"svelte-bt5901\"><\/li>\n<li class=\"svelte-bt5901\"><\/li>\n<li class=\"svelte-bt5901\"><\/li>\n<\/ul>\n<p class=\"g-ici-body-regular-3 description svelte-1vha4t1\">Tous les vendredis, recevez le meilleur de la semaine d\u2019ici Maine\u00a0: certifi\u00e9 100% local\u00a0!<\/p>\n<p>En cliquant sur \u00ab\u00a0S\u2019abonner\u00a0\u00bb, j&rsquo;accepte que les donn\u00e9es recueillies par<br \/>\n        Radio France soient destin\u00e9es \u00e0 l&rsquo;envoi par courrier \u00e9lectronique de<br \/>\n        contenus et d&rsquo;informations relatifs aux programmes. Plus d&rsquo;informations.<\/p>\n<p>Les \u00e9pisodes de l\u2019\u00e9mission\u00a0: L&rsquo;info d&rsquo;ici, ici Maine<\/p>\n<p class=\"IciLink ici-link disabled title no-color g-ici-title-5 svelte-lu7k6w\">Les infos de 7h30, ici Maine<\/p>\n<p class=\"IciLink ici-link disabled title no-color g-ici-title-5 svelte-lu7k6w\">Les infos de 7h30, ici Maine<\/p>\n<p class=\"IciLink ici-link disabled title no-color g-ici-title-5 svelte-lu7k6w\">Les infos de 7h30, ici Maine<\/p>\n<p class=\"IciLink ici-link disabled title no-color g-ici-title-5 svelte-lu7k6w\">Les infos de 7h30, ici Maine<\/p>\n<p>Sur le m\u00eame th\u00e8me<\/p>\n<ul slot=\"container\" class=\"content svelte-bu824\">\n<li class=\"IciCard  standard svelte-1m85qvx\">\n<p class=\"standfirst g-ici-body-regular-2 svelte-1m85qvx\">C&rsquo;est une journ\u00e9e historique dont les fans de MotoGP se souviendront pendant longtemps. Le pilote fran\u00e7ais Johann Zarco a remport\u00e9 le Grand Prix de France Moto au Mans ce dimanche 11 mai 2025, sous la pluie, devant plus de 120.000 spectateurs.\n<\/p>\n<\/li>\n<li class=\"IciCard  standard svelte-1m85qvx\">\n<p class=\"standfirst g-ici-body-regular-2 svelte-1m85qvx\">REPLAY &#8211; Suivez nos invit\u00e9s\u00a0: <\/p>\n<\/li>\n<li class=\"IciCard  standard svelte-1m85qvx\">\n<p class=\"standfirst g-ici-body-regular-2 svelte-1m85qvx\">REPLAY &#8211; Suivez nos invit\u00e9s\u00a0: <\/p>\n<\/li>\n<li class=\"IciCard  standard svelte-1m85qvx\">\n<p class=\"standfirst g-ici-body-regular-2 svelte-1m85qvx\">Le pr\u00e9fet de la Sarthe invit\u00e9 de \u00ab\u00a0ici Maine\u00a0\u00bb vendredi surveille avec attention les orages violents annonc\u00e9s par M\u00e9t\u00e9o France. Le d\u00e9partement sera en vigilance orange orages au moment m\u00eame o\u00f9 d\u00e9butera la grande parade des pilotes des 24 heures dans le centre-ville. <\/p>\n<\/li>\n<\/ul>\n","protected":false},"excerpt":{"rendered":"Des dizaines de milliers de personnes passent le week-end dans les campings. \u00a9 Radio France &#8211; C\u00e9dric Hermel&hellip;\n","protected":false},"author":2,"featured_media":349407,"comment_status":"","ping_status":"","sticky":false,"template":"","format":"standard","meta":{"footnotes":""},"categories":[1413],"tags":[1011,27,1457,1456,60],"class_list":{"0":"post-349406","1":"post","2":"type-post","3":"status-publish","4":"format-standard","5":"has-post-thumbnail","7":"category-moto","8":"tag-fr","9":"tag-france","10":"tag-moto","11":"tag-motocycle","12":"tag-sports"},"share_on_mastodon":{"url":"https:\/\/pubeurope.com\/@fr\/115105054493655105","error":""},"_links":{"self":[{"href":"https:\/\/www.europesays.com\/fr\/wp-json\/wp\/v2\/posts\/349406","targetHints":{"allow":["GET"]}}],"collection":[{"href":"https:\/\/www.europesays.com\/fr\/wp-json\/wp\/v2\/posts"}],"about":[{"href":"https:\/\/www.europesays.com\/fr\/wp-json\/wp\/v2\/types\/post"}],"author":[{"embeddable":true,"href":"https:\/\/www.europesays.com\/fr\/wp-json\/wp\/v2\/users\/2"}],"replies":[{"embeddable":true,"href":"https:\/\/www.europesays.com\/fr\/wp-json\/wp\/v2\/comments?post=349406"}],"version-history":[{"count":0,"href":"https:\/\/www.europesays.com\/fr\/wp-json\/wp\/v2\/posts\/349406\/revisions"}],"wp:featuredmedia":[{"embeddable":true,"href":"https:\/\/www.europesays.com\/fr\/wp-json\/wp\/v2\/media\/349407"}],"wp:attachment":[{"href":"https:\/\/www.europesays.com\/fr\/wp-json\/wp\/v2\/media?parent=349406"}],"wp:term":[{"taxonomy":"category","embeddable":true,"href":"https:\/\/www.europesays.com\/fr\/wp-json\/wp\/v2\/categories?post=349406"},{"taxonomy":"post_tag","embeddable":true,"href":"https:\/\/www.europesays.com\/fr\/wp-json\/wp\/v2\/tags?post=349406"}],"curies":[{"name":"wp","href":"https:\/\/api.w.org\/{rel}","templated":true}]}}