{"id":349408,"date":"2025-08-28T06:48:07","date_gmt":"2025-08-28T06:48:07","guid":{"rendered":"https:\/\/www.europesays.com\/fr\/349408\/"},"modified":"2025-08-28T06:48:07","modified_gmt":"2025-08-28T06:48:07","slug":"messi-ramene-miami-en-finale-de-la-leagues-cup-grace-a-un-double-eurosport","status":"publish","type":"post","link":"https:\/\/www.europesays.com\/fr\/349408\/","title":{"rendered":"Messi ram\u00e8ne Miami en finale de la Leagues Cup gr\u00e2ce \u00e0 un doubl\u00e9 &#8211; Eurosport"},"content":{"rendered":"<ol>\n<li><a href=\"https:\/\/news.google.com\/rss\/articles\/CBMi-AFBVV95cUxNRk5DcV9EanFlS0MzZVJsaDlwQ2FiS3FqdGZHdlRoRE1Ta0duTHJMZFUySDBvTS1DNlY1R1U3d1hlcjYyMmItSXVMVTdIMGtlUktTcWt1ZHBwVHg4NjhEVFppbGR3VXZ5a2RaUXpQNzBIVWpPc1g2Tnk2cHhuM0VuOWljMXg2Zm45VDFhNDlILXRUVVVYMFRnVUU4NTcweVpuVmU5dDBtWEJpenEwaXJXc0JoTVZXTThLUUM4Q0hJc1JXd2hMNVhUQVo1bFRQZkgtVjM5cHoybzdOQ3VpMEpYMVdKbElGNWZJTXBrQ2lqQTdoMHo2Ul9Jdw?oc=5\" target=\"_blank\" rel=\"nofollow noopener\">Messi ram\u00e8ne Miami en finale de la Leagues Cup gr\u00e2ce \u00e0 un doubl\u00e9<\/a>&nbsp;&nbsp;Eurosport<\/li>\n<li><a href=\"https:\/\/news.google.com\/rss\/articles\/CBMivgFBVV95cUxNaTBqNkJCMDNXNkJPaVNKZmhZU0dnOGFNeGY4R1Z4VnJhSVhrX0ZPTzZ3UndXNFBxbHRLU2EzZHFZbzlMazJhOURSSzBkcTF2Y2p1b0ZQT0Ryd1RRUEZIQ2FFLVE2UzUzVUJ2Vy16bXQ0Y2tOSXI0VTY3WGR6QXJyM091SEZBQTJWRnVOS0Z2TXVEdnVicmJPdzNQWUxUYnVwQUE1RXFQSkR1Q0FDUHVpOTRRQlF4dE03WERTZnBB?oc=5\" target=\"_blank\" rel=\"nofollow noopener\">Foot : insaisissable, Lionel Messi envoie Miami en finale de la Leagues Cup<\/a>&nbsp;&nbsp;Le Figaro<\/li>\n<li><a href=\"https:\/\/news.google.com\/rss\/articles\/CBMi5gFBVV95cUxOaXF2NTh6TFVUeWlnM2pjNm1JVmV5WE5sUVV1VW5GWGNRZDZpaXRVUkJJV29pOE5Nc3h1NG9KdUtmdUZ6Zzg1bGx4cUJTUzdrdW9XWnBfajRYQnQ2U2UxV3d4ZDJfWUZpZVdaZVhtaUM2XzhTME95ekMwaVp1WTVHaVBZMGVIaDhPMWp2TzF5UzNKREpMaVhMaS1CTlY0RlFZSV9xUXVNNzFuc2NmQ3ZaU1ZTOHJqUjZQb0ltY1FfZFZMSV9EVzlUdmMyZTZJLVFvZnV4UkhLWGZjcEpMSW9OT2N4T0E5dw?oc=5\" target=\"_blank\" rel=\"nofollow noopener\">Un doubl\u00e9 de Lionel Messi envoie l&rsquo;Inter Miami en finale de la Leagues Cup<\/a>&nbsp;&nbsp;RMC Sport<\/li>\n<li><a href=\"https:\/\/news.google.com\/rss\/articles\/CBMirAFBVV95cUxPN2FOaEhhLWdJcmlnNWlPcHJEMURJdkpGMHpGQ2pydXZCWkpHckU3Ty15UVBNVUxpOUlJRkF4YXF5VTdBQ2hyTlVHZ1FlLTRWbVBLZXJ3SEF3X3dhSWN5UUF1ZjcwSFNKRC0tQ2M1ZDlfXzE2NXFBN1lDTTRkQ2xmUUxPeDJQYUltQUV1aXdoWUV1OF83RnpvN0FSejhMSmhYRG9NdUhKbEx0aXBG?oc=5\" target=\"_blank\" rel=\"nofollow noopener\">Leagues Cup 2025 : place au sprint final<\/a>&nbsp;&nbsp;Lucarne Oppos\u00e9e<\/li>\n<li><a href=\"https:\/\/news.google.com\/rss\/articles\/CBMirAFBVV95cUxPRGEtVTZCWWw5TkR4ZDFxRkROeXVyNWd0VDRNSHIzY3pHbTI5UGMxYjdIb2FFM3BtXzhXaExvMjB2RllSYXdHOTlkYjNoVXJTd19JTDRpT2FRV0IxanlKUEZYY2JVbjkxeWtSWDNQa1U4a2xKdVhTTlBkcjZJVy1kZ3RxX2QzZkRKeHdNdkM1c0FmS2lwUWRmTzdQeVlmTVZ4T19VN2daQzJLTk9J?oc=5\" target=\"_blank\" rel=\"nofollow noopener\">Etats-Unis \u2013 Inter Miami : Lionel Messi et Jordi Alba ont repris les entra\u00eenements<\/a>&nbsp;&nbsp;AfricaFootUnited<\/li>\n<\/ol>\n","protected":false},"excerpt":{"rendered":"Messi ram\u00e8ne Miami en finale de la Leagues Cup gr\u00e2ce \u00e0 un doubl\u00e9&nbsp;&nbsp;Eurosport Foot : insaisissable, Lionel Messi&hellip;\n","protected":false},"author":2,"featured_media":1445,"comment_status":"","ping_status":"","sticky":false,"template":"","format":"standard","meta":{"footnotes":""},"categories":[1412],"tags":[1451,1452,1453,1454,1455,1011,27,60],"class_list":{"0":"post-349408","1":"post","2":"type-post","3":"status-publish","4":"format-standard","5":"has-post-thumbnail","7":"category-f1","8":"tag-f1","9":"tag-formula-1","10":"tag-formula1","11":"tag-formule-1","12":"tag-formule1","13":"tag-fr","14":"tag-france","15":"tag-sports"},"share_on_mastodon":{"url":"https:\/\/pubeurope.com\/@fr\/115105058302435125","error":""},"_links":{"self":[{"href":"https:\/\/www.europesays.com\/fr\/wp-json\/wp\/v2\/posts\/349408","targetHints":{"allow":["GET"]}}],"collection":[{"href":"https:\/\/www.europesays.com\/fr\/wp-json\/wp\/v2\/posts"}],"about":[{"href":"https:\/\/www.europesays.com\/fr\/wp-json\/wp\/v2\/types\/post"}],"author":[{"embeddable":true,"href":"https:\/\/www.europesays.com\/fr\/wp-json\/wp\/v2\/users\/2"}],"replies":[{"embeddable":true,"href":"https:\/\/www.europesays.com\/fr\/wp-json\/wp\/v2\/comments?post=349408"}],"version-history":[{"count":0,"href":"https:\/\/www.europesays.com\/fr\/wp-json\/wp\/v2\/posts\/349408\/revisions"}],"wp:featuredmedia":[{"embeddable":true,"href":"https:\/\/www.europesays.com\/fr\/wp-json\/wp\/v2\/media\/1445"}],"wp:attachment":[{"href":"https:\/\/www.europesays.com\/fr\/wp-json\/wp\/v2\/media?parent=349408"}],"wp:term":[{"taxonomy":"category","embeddable":true,"href":"https:\/\/www.europesays.com\/fr\/wp-json\/wp\/v2\/categories?post=349408"},{"taxonomy":"post_tag","embeddable":true,"href":"https:\/\/www.europesays.com\/fr\/wp-json\/wp\/v2\/tags?post=349408"}],"curies":[{"name":"wp","href":"https:\/\/api.w.org\/{rel}","templated":true}]}}