{"id":349411,"date":"2025-08-28T06:50:14","date_gmt":"2025-08-28T06:50:14","guid":{"rendered":"https:\/\/www.europesays.com\/fr\/349411\/"},"modified":"2025-08-28T06:50:14","modified_gmt":"2025-08-28T06:50:14","slug":"psg-desire-doue-la-manipulation-qui-lui-evite-des-problemes","status":"publish","type":"post","link":"https:\/\/www.europesays.com\/fr\/349411\/","title":{"rendered":"PSG &#8211; D\u00e9sir\u00e9 Dou\u00e9 : La manipulation qui lui \u00e9vite des probl\u00e8mes !"},"content":{"rendered":"<p>                    Thibault Morlain<br \/>\n                        &#8211;<\/p>\n<p>Journaliste<\/p>\n<p>Apr\u00e8s s\u2019\u00eatre essay\u00e9 \u00e0 diff\u00e9rents sports, Thibault se tourne vers une carri\u00e8re de footballeur amateur. Au moment de faire un choix entre devenir footballeur professionnel et journaliste, les qualit\u00e9s ont fait pencher la balance d\u2019un c\u00f4t\u00e9. Le voil\u00e0 d\u00e9sormais au sein de la r\u00e9daction du 10 Sport, apr\u00e8s un dipl\u00f4me obtenu \u00e0 l\u2019Institut International de Communication de Paris.<\/p>\n<p class=\"heading\">Alors que l&rsquo;\u00e9quipe de France affronte dans quelques jours l&rsquo;Ukraine et l&rsquo;Islande, Didier Deschamps a donn\u00e9 sa liste ce mercredi. D\u00e9sir\u00e9 Dou\u00e9 y figure bien et a \u00e9t\u00e9 appel\u00e9 parmi les milieux de terrain. Mais voil\u00e0 que tout cela n&rsquo;est qu&rsquo;une petite manipulation de la part du s\u00e9lectionneur pour s&rsquo;\u00e9viter certaines remarques des journalistes.\n<\/p>\n<p>Sauf blessure d&rsquo;ici l\u00e0, <strong>D\u00e9sir\u00e9 Dou\u00e9<\/strong> sera bien \u00e0 Clairefontaine \u00e0 partir de lundi prochain. En effet, le joueur du <a href=\"https:\/\/le10sport.com\/football\/ligue1\/psg\/daniel-riolo-pris-dun-moment-de-panique-la-grande-inquietude-avec-les-stars-du-psg-755808\" rel=\"nofollow noopener\" target=\"_blank\">PSG <\/a>a appel\u00e9 par <strong>Didier Deschamps<\/strong> pour les prochains matchs de l&rsquo;<strong>\u00e9quipe de France<\/strong> face \u00e0 l&rsquo;<strong>Ukraine<\/strong> et l&rsquo;<strong>Islande.<\/strong> Tr\u00e8s port\u00e9 vers l&rsquo;attaque, <strong>Dou\u00e9 <\/strong>a pourtant \u00e9t\u00e9 appel\u00e9 avec les milieux de terrain comme <strong>Adrien Rabiot<\/strong> ou encore <strong>Aur\u00e9lien Tchouam\u00e9ni<\/strong> par <strong>Deschamps<\/strong>. Pour quelle raison ? <\/p>\n<p>                                            \u00ab Je le mets au milieu pour \u00e9quilibrer \u00bb<\/p>\n<p>En conf\u00e9rence de presse, <strong>Didier Deschamps<\/strong> a \u00e9t\u00e9 interrog\u00e9 sur la pr\u00e9sence de <strong>D\u00e9sir\u00e9 Dou\u00e9<\/strong> parmi les milieux et non les attaquants. C&rsquo;est alors que le s\u00e9lectionneur de l&rsquo;<strong>\u00e9quipe de France<\/strong> a expliqu\u00e9 : \u00ab Pour D\u00e9sir\u00e9 Dou\u00e9 je le mets au milieu pour \u00e9quilibrer parce que sinon vous direz que je suis un entra\u00eeneur trop offensif \u00bb. <\/p>\n<p>                                            \u00ab Il a la possibilit\u00e9 et la polyvalence de jouer au milieu aussi \u00bb<\/p>\n<p>\u00ab Mais Olise et Cherki sont aussi des milieux offensifs comme Dou\u00e9. Dou\u00e9 est moins d\u00e9cisif au milieu qu&rsquo;en attaque mais il a la possibilit\u00e9 et la polyvalence de jouer au milieu aussi \u00bb, a poursuivi <strong>Didier Deschamps<\/strong>. <\/p>\n","protected":false},"excerpt":{"rendered":"Thibault Morlain &#8211; Journaliste Apr\u00e8s s\u2019\u00eatre essay\u00e9 \u00e0 diff\u00e9rents sports, Thibault se tourne vers une carri\u00e8re de footballeur&hellip;\n","protected":false},"author":2,"featured_media":349412,"comment_status":"","ping_status":"","sticky":false,"template":"","format":"standard","meta":{"footnotes":""},"categories":[1410],"tags":[63,1011,27,60],"class_list":{"0":"post-349411","1":"post","2":"type-post","3":"status-publish","4":"format-standard","5":"has-post-thumbnail","7":"category-football","8":"tag-football","9":"tag-fr","10":"tag-france","11":"tag-sports"},"share_on_mastodon":{"url":"https:\/\/pubeurope.com\/@fr\/115105066158792625","error":""},"_links":{"self":[{"href":"https:\/\/www.europesays.com\/fr\/wp-json\/wp\/v2\/posts\/349411","targetHints":{"allow":["GET"]}}],"collection":[{"href":"https:\/\/www.europesays.com\/fr\/wp-json\/wp\/v2\/posts"}],"about":[{"href":"https:\/\/www.europesays.com\/fr\/wp-json\/wp\/v2\/types\/post"}],"author":[{"embeddable":true,"href":"https:\/\/www.europesays.com\/fr\/wp-json\/wp\/v2\/users\/2"}],"replies":[{"embeddable":true,"href":"https:\/\/www.europesays.com\/fr\/wp-json\/wp\/v2\/comments?post=349411"}],"version-history":[{"count":0,"href":"https:\/\/www.europesays.com\/fr\/wp-json\/wp\/v2\/posts\/349411\/revisions"}],"wp:featuredmedia":[{"embeddable":true,"href":"https:\/\/www.europesays.com\/fr\/wp-json\/wp\/v2\/media\/349412"}],"wp:attachment":[{"href":"https:\/\/www.europesays.com\/fr\/wp-json\/wp\/v2\/media?parent=349411"}],"wp:term":[{"taxonomy":"category","embeddable":true,"href":"https:\/\/www.europesays.com\/fr\/wp-json\/wp\/v2\/categories?post=349411"},{"taxonomy":"post_tag","embeddable":true,"href":"https:\/\/www.europesays.com\/fr\/wp-json\/wp\/v2\/tags?post=349411"}],"curies":[{"name":"wp","href":"https:\/\/api.w.org\/{rel}","templated":true}]}}