{"id":349415,"date":"2025-08-28T06:52:19","date_gmt":"2025-08-28T06:52:19","guid":{"rendered":"https:\/\/www.europesays.com\/fr\/349415\/"},"modified":"2025-08-28T06:52:19","modified_gmt":"2025-08-28T06:52:19","slug":"aux-baux-de-provence-claude-monet-et-limpressionnisme-celebres-aux-carrieres-des-lumieres","status":"publish","type":"post","link":"https:\/\/www.europesays.com\/fr\/349415\/","title":{"rendered":"Aux Baux-de-Provence, Claude Monet et l\u2019impressionnisme c\u00e9l\u00e9br\u00e9s aux Carri\u00e8res des Lumi\u00e8res"},"content":{"rendered":"<p>D\u00e8s l\u2019entr\u00e9e dans les Carri\u00e8res des Lumi\u00e8res, l\u2019illusion est parfaite\u00a0: Impression, soleil levant de Claude Monet s\u2019anime d\u00e9licatement sur les parois calcaires, baign\u00e9es de reflets orang\u00e9s. En quelques transitions fluides, l\u2019image glisse vers Le D\u00e9jeuner sur l\u2019herbe (1865)\u00a0: une nappe immacul\u00e9e s\u2019\u00e9tale sur l\u2019herbe, une jeune femme en robe claire y est assise, comme fig\u00e9e dans une sc\u00e8ne paisible. Au total, pr\u00e8s de<strong> <\/strong>300 chefs-d\u2019\u0153uvre prennent vie sur les murs monumentaux de ce site unique nich\u00e9 au c\u0153ur des Alpilles, dans le village des Baux-de-Provence. Jusqu\u2019au 4\u00a0janvier, les Carri\u00e8res c\u00e9l\u00e8brent les 150 ans de l\u2019impressionnisme avec une exposition immersive de 30\u00a0minutes d\u00e9di\u00e9e \u00e0 Monet. Le tout sublim\u00e9 par une bande-son enveloppante, pens\u00e9e pour accompagner le voyage visuel.<\/p>\n<p>Plonger le spectateur dans l\u2019univers du peintre<\/p>\n<p>Fruit d\u2019une ann\u00e9e de travail, cette cr\u00e9ation ambitionne de<strong> <\/strong>plonger le spectateur dans l\u2019univers du peintre en r\u00e9v\u00e9lant l\u2019influence de son \u00e9poque sur son \u0153uvre. L\u2019essor du chemin de fer, les mutations sociales et les progr\u00e8s techniques y sont subtilement \u00e9voqu\u00e9s, comme autant de cl\u00e9s pour comprendre la r\u00e9volution esth\u00e9tique port\u00e9e par Monet.<\/p>\n<p>\u00ab\u00a0Il ne s\u2019agissait pas seulem&#8230;<\/p>\n","protected":false},"excerpt":{"rendered":"D\u00e8s l\u2019entr\u00e9e dans les Carri\u00e8res des Lumi\u00e8res, l\u2019illusion est parfaite\u00a0: Impression, soleil levant de Claude Monet s\u2019anime d\u00e9licatement&hellip;\n","protected":false},"author":2,"featured_media":349416,"comment_status":"","ping_status":"","sticky":false,"template":"","format":"standard","meta":{"footnotes":""},"categories":[1358],"tags":[17,1348,1384,1385,1007,48590,18115,7859,1386,58,59,1011,27,48591,11177,16],"class_list":{"0":"post-349415","1":"post","2":"type-post","3":"status-publish","4":"format-standard","5":"has-post-thumbnail","7":"category-arts-et-design","8":"tag-17","9":"tag-arts","10":"tag-arts-and-design","11":"tag-arts-et-design","12":"tag-aux","13":"tag-baux-de-provence","14":"tag-celebres","15":"tag-claude","16":"tag-design","17":"tag-divertissement","18":"tag-entertainment","19":"tag-fr","20":"tag-france","21":"tag-limpressionnisme","22":"tag-monet","23":"tag-region"},"share_on_mastodon":{"url":"https:\/\/pubeurope.com\/@fr\/115105073992784220","error":""},"_links":{"self":[{"href":"https:\/\/www.europesays.com\/fr\/wp-json\/wp\/v2\/posts\/349415","targetHints":{"allow":["GET"]}}],"collection":[{"href":"https:\/\/www.europesays.com\/fr\/wp-json\/wp\/v2\/posts"}],"about":[{"href":"https:\/\/www.europesays.com\/fr\/wp-json\/wp\/v2\/types\/post"}],"author":[{"embeddable":true,"href":"https:\/\/www.europesays.com\/fr\/wp-json\/wp\/v2\/users\/2"}],"replies":[{"embeddable":true,"href":"https:\/\/www.europesays.com\/fr\/wp-json\/wp\/v2\/comments?post=349415"}],"version-history":[{"count":0,"href":"https:\/\/www.europesays.com\/fr\/wp-json\/wp\/v2\/posts\/349415\/revisions"}],"wp:featuredmedia":[{"embeddable":true,"href":"https:\/\/www.europesays.com\/fr\/wp-json\/wp\/v2\/media\/349416"}],"wp:attachment":[{"href":"https:\/\/www.europesays.com\/fr\/wp-json\/wp\/v2\/media?parent=349415"}],"wp:term":[{"taxonomy":"category","embeddable":true,"href":"https:\/\/www.europesays.com\/fr\/wp-json\/wp\/v2\/categories?post=349415"},{"taxonomy":"post_tag","embeddable":true,"href":"https:\/\/www.europesays.com\/fr\/wp-json\/wp\/v2\/tags?post=349415"}],"curies":[{"name":"wp","href":"https:\/\/api.w.org\/{rel}","templated":true}]}}