{"id":349419,"date":"2025-08-28T06:54:18","date_gmt":"2025-08-28T06:54:18","guid":{"rendered":"https:\/\/www.europesays.com\/fr\/349419\/"},"modified":"2025-08-28T06:54:18","modified_gmt":"2025-08-28T06:54:18","slug":"en-direct-sur-tf1-bayrou-se-dit-pret-a-toutes-les-negociations-necessaires-sil-y-a-un-accord-sur-limportance-de-leffort","status":"publish","type":"post","link":"https:\/\/www.europesays.com\/fr\/349419\/","title":{"rendered":"EN DIRECT &#8211; Sur TF1, Bayrou se dit pr\u00eat \u00e0 \u00ab\u00a0toutes les n\u00e9gociations n\u00e9cessaires\u00a0\u00bb s&rsquo;il y a un accord sur \u00ab\u00a0l&rsquo;importance de l&rsquo;effort\u00a0\u00bb"},"content":{"rendered":"<ul class=\"jsx-862013697 ArticleChapo__List\">\n<li class=\"jsx-862013697 ArticleChapo__List_Item flex\">Fran\u00e7ois Bayrou \u00e9tait l&rsquo;invit\u00e9 de Gilles Bouleau ce mercredi soir au 20H de TF1.<\/li>\n<li class=\"jsx-862013697 ArticleChapo__List_Item flex\">Le Premier ministre s&rsquo;est dit pr\u00eat \u00e0 \u00ab\u00a0toutes les n\u00e9gociations n\u00e9cessaires\u00a0\u00bb s&rsquo;il y a un accord sur \u00ab\u00a0l&rsquo;importance de l&rsquo;effort\u00a0\u00bb.<\/li>\n<li class=\"jsx-862013697 ArticleChapo__List_Item flex\">Suivez les derni\u00e8res informations.<\/li>\n<\/ul>\n<p><a href=\"https:\/\/www.tf1info.fr\/actualite\/francois-bayrou-nomme-premier-ministre-gouvernement-ministres-13846\/\" rel=\"noopener\" class=\"jsx-484472199 Link jsx-1428418400 jsx-2392744303\" target=\"_blank\"><\/p>\n<p style=\"font-weight:400\" class=\"jsx-1837267516\">Suivez la couverture compl\u00e8te<\/p>\n<p style=\"font-weight:800\" class=\"jsx-1837267516\">Le gouvernement Bayrou tente tant bien que mal de tenir le cap<\/p>\n<p><\/a>Les \u00e9l\u00e9ments marquants<\/p>\n<p>INTERVIEW DE FRAN\u00c7OIS BAYROU SUR TF122:45<br class=\"jsx-494582681\"\/> 27 ao\u00fbt 2025<\/p>\n<p>Politique<img decoding=\"async\" src=\"https:\/\/www.europesays.com\/fr\/wp-content\/uploads\/2025\/08\/francois-bayrou-tf1-268c69-0@1x.jpeg\" alt=\"EN BREF - Vote de confiance : ce qu'il faut retenir de l\u2019interview de Fran\u00e7ois Bayrou sur TF1\" loading=\"lazy\" importance=\"low\" fetchpriority=\"low\" class=\"\" aria-hidden=\"true\"\/><\/p>\n<p>Valider les filtresR\u00e9initialiser les filtres<\/p>\n<p>Minute par minuteFiltrer par ActionsFiltrer23:44<br class=\"jsx-494582681\"\/> 27 ao\u00fbt 2025<\/p>\n<p><strong>Ce live est \u00e0 pr\u00e9sent termin\u00e9.\u00a0<\/strong><\/p>\n<p>Suivez notre dernier direct dans l&rsquo;article ci-dessous.<\/p>\n<p>Politique<img decoding=\"async\" src=\"https:\/\/www.europesays.com\/fr\/wp-content\/uploads\/2025\/08\/sebastien-chenu-28-aout-2025-d091a1-0@1x.jpeg\" alt=\"EN DIRECT - Le RN ouvert \u00e0 une rencontre \u00e0 Matignon, m\u00eame s'il est &quot;trop tard&quot;, d\u00e9clare S\u00e9bastien Chenu sur TF1\" loading=\"lazy\" importance=\"low\" fetchpriority=\"low\" class=\"\" aria-hidden=\"true\"\/>Publi\u00e9 aujourd&rsquo;hui \u00e0 8h06INTERVIEW DE FRAN\u00c7OIS BAYROU SUR TF122:45<br class=\"jsx-494582681\"\/> 27 ao\u00fbt 2025Politique<img decoding=\"async\" src=\"https:\/\/www.europesays.com\/fr\/wp-content\/uploads\/2025\/08\/francois-bayrou-tf1-268c69-0@1x.jpeg\" alt=\"EN BREF - Vote de confiance : ce qu'il faut retenir de l\u2019interview de Fran\u00e7ois Bayrou sur TF1\" loading=\"lazy\" importance=\"low\" fetchpriority=\"low\" class=\"\" aria-hidden=\"true\"\/>LE RN SE RENDRA A MATIGNON22:12<br class=\"jsx-494582681\"\/> 27 ao\u00fbt 2025<\/p>\n<p>\u00ab\u00a0Le RN r\u00e9pond toujours positivement \u00e0 une invitation \u00e0 dialoguer, m\u00eame vaine et extr\u00eamement tardive. Nous nous rendrons donc \u00e0 Matignon avec Marine Le Pen la semaine prochaine, sans aucune illusion\u00a0\u00bb, r\u00e9agit \u00e0 son tour Jordan Bardella, pr\u00e9sident du Rassemblement national sur X.<\/p>\n<blockquote data-testid=\"EmbedTwitter\" id=\"tweet-1960792313933988009-:Rso6j5klcmj9n79m:\" class=\"jsx-aeff1a1c40f54d7a twitter-tweet flex justify-center items-center\"><p>L\u2019inflexibilit\u00e9 affich\u00e9e ce soir par le Premier ministre sur nos lignes rouges nous conforte dans notre choix de voter contre la confiance au gouvernement le 8 septembre. Le RN r\u00e9pond toujours positivement \u00e0 une invitation \u00e0 dialoguer, m\u00eame vaine et extr\u00eamement tardive. Nous\u2026 \u2014 Jordan Bardella (@J_Bardella)  August 27, 2025<\/p><\/blockquote>\n<p>MARINE LE PEN21:31<br class=\"jsx-494582681\"\/> 27 ao\u00fbt 2025<\/p>\n<p>\u00ab\u00a0Contrairement \u00e0 ce que vous avez affirm\u00e9 devant des millions de Fran\u00e7ais au 20h de TF1, le Rassemblement national n\u2019\u00e9tait pas &lsquo;en vacances'\u00a0\u00bb, \u00e9crit notamment sur X Marine Le Pen en r\u00e9action \u00e0 l&rsquo;interview du Premier ministre.\u00a0<\/p>\n<blockquote data-testid=\"EmbedTwitter\" id=\"tweet-1960785954903359810-:Rso8j5klcmj9n79m:\" class=\"jsx-aeff1a1c40f54d7a twitter-tweet flex justify-center items-center\"><p>Monsieur le Premier ministre, vous dites ne pas aimer la ruse\u2026 Pour ma part, je n\u2019aime pas le mensonge.  Contrairement \u00e0 ce que vous avez affirm\u00e9 devant des millions de Fran\u00e7ais au 20h de TF1, le Rassemblement national n\u2019\u00e9tait pas \u00ab en vacances \u00bb.  Tout le monde peut v\u00e9rifier\u2026 \u2014 Marine Le Pen (@MLP_officiel)  August 27, 2025<\/p><\/blockquote>\n<p>OLIVIER FAURE21:26<br class=\"jsx-494582681\"\/> 27 ao\u00fbt 2025<\/p>\n<p>\u00ab\u00a0Nous pr\u00e9senterons cette semaine un autre chemin pour rompre avec cette logique qui conduit le pays \u00e0 la mis\u00e8re et \u00e0 la r\u00e9cession\u00a0\u00bb, a post\u00e9 sur X le premier secr\u00e9taire du PS.<\/p>\n<blockquote data-testid=\"EmbedTwitter\" id=\"tweet-1960781779201069184-:Rsoaj5klcmj9n79m:\" class=\"jsx-aeff1a1c40f54d7a twitter-tweet flex justify-center items-center\"><p>\u00ab T\u2019en fais pas Simone \u00bb, Bayrou traite avec d\u00e9sinvolture un sujet qui m\u00e9riterait de se hisser \u00e0 la hauteur de l\u2019enjeu. Personne ne conteste le niveau de la dette dont il est, avec Emmanuel Macron, comptable apr\u00e8s 8 ann\u00e9es au pouvoir. Ce que nous contestons c\u2019est la punition\u2026 \u2014 Olivier Faure (@faureolivier)  August 27, 2025<\/p><\/blockquote>\n<p>L&rsquo;INTERVIEW DE FRAN\u00c7OIS BAYROU SUR TF121:07<br class=\"jsx-494582681\"\/> 27 ao\u00fbt 2025<\/p>\n<p>Fran\u00e7ois Bayrou sur TF1 : retrouvez l&rsquo;interview du 20HSource : TF1 Info<\/p>\n<p><img decoding=\"async\" src=\"https:\/\/www.europesays.com\/fr\/wp-content\/uploads\/2025\/08\/francois-bayrou-sur-tf1-retrouvez-l-interview-du-20h-b3a835-0@1x.jpeg\" alt=\"Fran\u00e7ois Bayrou sur TF1 : retrouvez l'interview du 20H\" loading=\"lazy\" importance=\"low\" fetchpriority=\"low\" class=\"\"\/><img decoding=\"async\" src=\"https:\/\/www.tf1info.fr\/images\/icons\/player-logo-play.svg\" alt=\"Logo lecture\" class=\"jsx-d0de44c05fe3042c PlayerLazyload__Play\"\/>MARINE TONDELIER20:54<br class=\"jsx-494582681\"\/> 27 ao\u00fbt 2025<\/p>\n<p>\u00ab\u00a0Je suis extr\u00eamement choqu\u00e9e par tout ce que je viens d\u2019entendre. Je pense que quand on n&rsquo;a rien \u00e0 dire, on ne vient pas faire un journal t\u00e9l\u00e9vis\u00e9\u00a0\u00bb, affirme sur LCI Marine Tondelier, secr\u00e9taire nationale des \u00c9cologistes, qui a ajout\u00e9 que son parti n\u2019\u00e9tait absolument pas en vacances. Elle a ajout\u00e9 qu&rsquo;elle va revoir avec les pr\u00e9sidents de groupe \u00e0 l&rsquo;Assembl\u00e9e nationale et au S\u00e9nat pour savoir si les \u00c9cologistes vont r\u00e9pondre \u00e0 l&rsquo;appel de Fran\u00e7ois Bayrou.<\/p>\n<p>CONTRE UNE NOUVELLE DISSOLUTION20:47<br class=\"jsx-494582681\"\/> 27 ao\u00fbt 2025<\/p>\n<p>\u00ab\u00a0Est-ce qu\u2019une nouvelle dissolution nous permettrait d\u2019avoir une stabilit\u00e9, une volont\u00e9, une d\u00e9termination de pays et de ses gouvernants pour avancer ? Je ne le crois pas\u00a0\u00bb, a tranch\u00e9 Fran\u00e7ois Bayrou.<\/p>\n<p>\u00ab\u00a0Je ne crois pas aux ruses\u00a0\u00bb, a r\u00e9pondu le Premier ministre quand Gilles Bouleau l&rsquo;a questionn\u00e9 sur ce qu&rsquo;il ferait si Emmanuel Macron le renommerait \u00e0 Matignon en cas de rejet de la motion de confiance : \u00ab\u00a0nous d\u00e9fendons l&rsquo;int\u00e9r\u00eat g\u00e9n\u00e9ral.\u00a0\u00bb<\/p>\n<p>LA VIE DE LA NATION EST EN JEU20:45<br class=\"jsx-494582681\"\/> 27 ao\u00fbt 2025<\/p>\n<p>\u00ab\u00a0La vie de la nation est en jeu\u00a0\u00bb, a dit Fran\u00e7ois Bayrou, rappelant les contraintes \u00e9conomiques qui p\u00e8sent sur la France.<\/p>\n<p>PAS DE MAJORIT\u00c920:40<br class=\"jsx-494582681\"\/> 27 ao\u00fbt 2025<\/p>\n<p>\u00ab\u00a0Aujourd\u2019hui a priori, on ne peut pas obtenir cette confiance, mais on sait depuis les \u00e9lections qu\u2019il n\u2019y a pas de majorit\u00e9\u00a0\u00bb, a d\u00e9clar\u00e9 le Premier ministre.<\/p>\n<blockquote data-testid=\"EmbedTwitter\" id=\"tweet-1960773162347397437-:Rsokj5klcmj9n79m:\" class=\"jsx-aeff1a1c40f54d7a twitter-tweet flex justify-center items-center\"><p>Vote de confiance : \u00ab Aujourd\u2019hui, a priori, on ne peut pas obtenir cette confiance, mais on sait qu\u2019il n\u2019y a pas de majorit\u00e9 depuis longtemps \u00bb, d\u00e9clare Fran\u00e7ois  @Bayrou sur TF1 \u25b6\ufe0f  #LE20H @GillesBouleau pic.twitter.com\/tX0z4CEEim \u2014 TF1Info (@TF1Info)  August 27, 2025<\/p><\/blockquote>\n<p>PR\u00caT \u00c0 DISCUTER SUR TOUS LES SUJETS SAUF UN20:36<br class=\"jsx-494582681\"\/> 27 ao\u00fbt 2025<\/p>\n<p>\u00ab\u00a0Sur tous les sujets, je suis pr\u00eat \u00e0 discuter sauf sur un : c\u2019est l\u2019effort qu\u2019on va faire pour que la France sorte du surendettement\u00a0\u00bb, a affirm\u00e9 Fran\u00e7ois Bayrou qui r\u00e9p\u00e8te la question qui doit se poser selon lui : \u00ab\u00a0est-ce qu\u2019on s\u2019accorde sur la gravit\u00e9 et sur l\u2019urgence\u00a0\u00bb de la situation ?<\/p>\n<p>INVITATION DES CHEFS DE PARTI20:34<br class=\"jsx-494582681\"\/> 27 ao\u00fbt 2025<\/p>\n<p>Le Premier ministre dit qu&rsquo;il n&rsquo;a pas pu inviter les chefs de parti pendant l&rsquo;\u00e9t\u00e9 \u00ab\u00a0parce qu&rsquo;ils \u00e9taient en vacances\u00a0\u00bb. \u00ab\u00a0Il reste douze jours et douze jours, c&rsquo;est tr\u00e8s long pour parler de tout\u00a0\u00bb.<\/p>\n<p>PAS DE PASSAGE EN FORCE20:33<br class=\"jsx-494582681\"\/> 27 ao\u00fbt 2025<\/p>\n<p>\u00ab\u00a0Ma conviction est qu&rsquo;il faut qu&rsquo;il y ait un accord, nous ne pouvons pas passer en force\u00a0\u00bb, a indiqu\u00e9 ce soir le Premier ministre.<\/p>\n<p>CONSTAT20:32<br class=\"jsx-494582681\"\/> 27 ao\u00fbt 2025<\/p>\n<p>\u00ab\u00a0Confiance n\u2019est pas le bon mot. Le vote qui va \u00eatre \u00e9mis est de savoir si les parlementaires partagent le constat\u00a0\u00bb, a insist\u00e9 Fran\u00e7ois Bayrou, qui a dit qu&rsquo;il s&rsquo;agissait d&rsquo;une d\u00e9claration de politique g\u00e9n\u00e9rale plus que d&rsquo;un vote de confiance.<\/p>\n<p>FRAN\u00c7OIS BAYROU20:01<br class=\"jsx-494582681\"\/> 27 ao\u00fbt 2025<\/p>\n<p>Le Premier ministre est l&rsquo;invit\u00e9 de 20H de TF1, qui vient de commencer. Nous allons suivre ensemble sa prise de parole attendue, \u00e0 une dizaine de jours du vote de la motion de confiance par l&rsquo;Assembl\u00e9e nationale, le 8 septembre prochain.<\/p>\n<p>CHEFS DE PARTI RE\u00c7US PAR FRAN\u00c7OIS BAYROU LA SEMAINE PROCHAINE18:40<br class=\"jsx-494582681\"\/> 27 ao\u00fbt 2025<\/p>\n<p>Selon les information de TF1-LCI, le Premier ministre, invit\u00e9 du 20H de TF1 ce mercredi, va recevoir les chefs de parti la semaine prochaine \u00ab\u00a0pour \u00e9voquer l&rsquo;actualit\u00e9 politique et la pr\u00e9paration du budget\u00a0\u00bb.\u00a0Ce sera \u00e0 partir de lundi, selon l&rsquo;entourage du Premier ministre \u00e0 l&rsquo;AFP.<\/p>\n<blockquote data-testid=\"EmbedTwitter\" id=\"tweet-1960743225213264213-:Rsp0j5klcmj9n79m:\" class=\"jsx-aeff1a1c40f54d7a twitter-tweet flex justify-center items-center\"><p>#confiance Fran\u00e7ois Bayrou adresse ce mercredi des invitations aux chefs de partis pour les recevoir la semaine prochaine pour \u00e9voquer l&rsquo;actualit\u00e9 politique et la pr\u00e9paration du budget #directAN @LCI \u2014 Fr\u00e9d\u00e9ric Delpech (@fredericdelpech)  August 27, 2025<\/p><\/blockquote>\n<p>LE PREMIER MINISTRE DANS LE 20H DE TF118:30<br class=\"jsx-494582681\"\/> 27 ao\u00fbt 2025<\/p>\n<blockquote data-testid=\"EmbedTwitter\" id=\"tweet-1960679148667514920-:Rsp2j5klcmj9n79m:\" class=\"jsx-aeff1a1c40f54d7a twitter-tweet flex justify-center items-center\"><p>\ud83d\udd34 Ce soir, mercredi 27 ao\u00fbt dans  #LE20H de  @TF1 \ud83d\udde3\ufe0f Fran\u00e7ois Bayrou ( @bayrou ) est l\u2019invit\u00e9 du JT de 20H. Apr\u00e8s l\u2019annonce du vote de confiance \u00e0 l\u2019Assembl\u00e9e le 8 septembre, le Premier ministre r\u00e9pondra en direct aux questions de  @GillesBouleau cc  @agindre pic.twitter.com\/aB0vlAWUL5 \u2014 TF1Info (@TF1Info)  August 27, 2025<\/p><\/blockquote>\n<p>COMMENT SORTIR D&rsquo;UNE CRISE POLITIQUE PROFONDE ?18:28<br class=\"jsx-494582681\"\/> 27 ao\u00fbt 2025<\/p>\n<p>Sur le plateau de LCI, le constitutionnaliste Benjamin Morel apporte des \u00e9l\u00e9ments de r\u00e9ponse historiques de la vie politique fran\u00e7aise.\u00a0<\/p>\n<p>Comment sortir de cette crise politique profonde ? Le constitutionnaliste Benjamin Morel donne des \u00e9l\u00e9ments de r\u00e9ponse historiquesSource : TF1 Info<\/p>\n<p><img decoding=\"async\" src=\"https:\/\/www.europesays.com\/fr\/wp-content\/uploads\/2025\/08\/comment-sortir-de-cette-crise-politique-profonde-le-constitutionnaliste-benjamin-morel-donne-des-ele.jpeg\" alt=\"Comment sortir de cette crise politique profonde ? Le constitutionnaliste Benjamin Morel donne des \u00e9l\u00e9ments de r\u00e9ponse historiques\" loading=\"lazy\" importance=\"low\" fetchpriority=\"low\" class=\"\"\/><img decoding=\"async\" src=\"https:\/\/www.tf1info.fr\/images\/icons\/player-logo-play.svg\" alt=\"Logo lecture\" class=\"jsx-d0de44c05fe3042c PlayerLazyload__Play\"\/>LA BOURSE DE PARIS TERMINE EN L\u00c9G\u00c8RE HAUSSE18:00<br class=\"jsx-494582681\"\/> 27 ao\u00fbt 2025<\/p>\n<p>La Bourse de Paris a gagn\u00e9 0,44%, apr\u00e8s deux s\u00e9ances de fortes baisses dans le sillage de l&rsquo;annonce par le Premier ministre de son intention de se soumettre \u00e0 un vote de confiance devant l&rsquo;Assembl\u00e9e nationale. Quant aux bourses europ\u00e9ennes, Londres a termin\u00e9 en l\u00e9g\u00e8re baisse de 0,11% et Francfort a c\u00e9d\u00e9 0,44%.\u00a0<\/p>\n<p>S\u00c9BASTIEN CHENU JEUDI MATIN SUR TF117:34<br class=\"jsx-494582681\"\/> 27 ao\u00fbt 2025<\/p>\n<p>Le vice-pr\u00e9sident du Rassemblement national et d\u00e9put\u00e9 du Nord sera dans Bonjour ! La Matinale de TF1 demain, jeudi 28 ao\u00fbt, d\u00e8s 7h35.<\/p>\n<blockquote data-testid=\"EmbedTwitter\" id=\"tweet-1960726597545189667-:Rsp8j5klcmj9n79m:\" class=\"jsx-aeff1a1c40f54d7a twitter-tweet flex justify-center items-center\"><p>\ud83d\udd34 \ud835\udc03\ud835\udc1e\ud835\udc26\ud835\udc1a\ud835\udc22\ud835\udc27 \ud83d\udde3\ufe0f L&rsquo;invit\u00e9 d&rsquo;\ud835\udc04\ud835\udc27 \ud835\udc13\ud835\udc28\ud835\udc2e\ud835\udc2d\ud835\udc1e \ud835\udc05\ud835\udc2b\ud835\udc1a\ud835\udc27\ud835\udc1c\ud835\udc21\ud835\udc22\ud835\udc2c\ud835\udc1e avec \ud835\udc00\ud835\udc1d\ud835\udc2b\ud835\udc22\ud835\udc1e\ud835\udc27 \ud835\udc06\ud835\udc22\ud835\udc27\ud835\udc1d\ud835\udc2b\ud835\udc1e ( @agindre ) sera \ud835\udc12\ud835\udc1e\u0301\ud835\udc1b\ud835\udc1a\ud835\udc2c\ud835\udc2d\ud835\udc22\ud835\udc1e\ud835\udc27 \ud835\udc02\ud835\udc21\ud835\udc1e\ud835\udc27\ud835\udc2e ( @sebchenu ), vice-pr\u00e9sident du Rassemblement national et d\u00e9put\u00e9 du nord. \u23f0  #EnTouteFranchise : d\u00e8s 7h35 dans  #BonjourLaMatinaleTF1 pic.twitter.com\/1WPNPvFLEP \u2014 TF1Info (@TF1Info)  August 27, 2025<\/p><\/blockquote>\n<p>LA CGT FAVORABLE \u00c0 LA MOBILISATION DU 10 SEPTEMBRE17:13<br class=\"jsx-494582681\"\/> 27 ao\u00fbt 2025<\/p>\n<p>Prudente jusque-l\u00e0 sur sa participation au mouvement \u00ab\u00a0Bloquons tout\u00a0\u00bb, la CGT appelle mercredi \u00ab\u00a0\u00e0 construire la gr\u00e8ve partout o\u00f9 c&rsquo;est possible\u00a0\u00bb. Le syndicat veut que le 10 septembre \u00ab\u00a0soit une premi\u00e8re \u00e9tape r\u00e9ussie\u00a0\u00bb et souhaite \u00e9galement une autre journ\u00e9e de mobilisation intersyndicale.<\/p>\n<p>Politique<img decoding=\"async\" src=\"https:\/\/www.europesays.com\/fr\/wp-content\/uploads\/2025\/08\/sophie-binet-cgt-juin-2025-e8a704-0@1x.jpeg\" alt=\"Mouvement du 10 septembre : favorable \u00e0 la mobilisation, la CGT appelle \u00e0 &quot;construire la gr\u00e8ve partout o\u00f9 c'est possible&quot;\" loading=\"lazy\" importance=\"low\" fetchpriority=\"low\" class=\"\" aria-hidden=\"true\"\/> \u00c9DOUARD PHILIPPE SUR LCI16:19<br class=\"jsx-494582681\"\/> 27 ao\u00fbt 2025<\/p>\n<p>En direct sur LCI, \u00c9douard Philippe craint \u00ab\u00a0une dissolution in\u00e9luctable\u00a0\u00bb pour le vote du budget 2026.<\/p>\n<p>Edouard Philippe : \u00ab\u00a0Le constat de Fran\u00e7ois Bayrou est lucide\u00a0\u00bbSource : TF1 Info<\/p>\n<p><img decoding=\"async\" src=\"https:\/\/www.europesays.com\/fr\/wp-content\/uploads\/2025\/08\/edouard-philippe-le-constat-de-francois-bayrou-est-lucide-7c3ccc-0@1x.jpeg\" alt=\"Edouard Philippe : &quot;Le constat de Fran\u00e7ois Bayrou est lucide&quot;\" loading=\"lazy\" importance=\"low\" fetchpriority=\"low\" class=\"\"\/><img decoding=\"async\" src=\"https:\/\/www.tf1info.fr\/images\/icons\/player-logo-play.svg\" alt=\"Logo lecture\" class=\"jsx-d0de44c05fe3042c PlayerLazyload__Play\"\/>DISSOLUTION IN\u00c9LUCTABLE16:06<br class=\"jsx-494582681\"\/> 27 ao\u00fbt 2025<\/p>\n<p>\u00ab\u00a0Je crains que la dissolution soit in\u00e9luctable\u00a0\u00bb, a d\u00e9clar\u00e9 \u00c9douard Philippe, compte tenu de l&rsquo;absence de majorit\u00e9, de clart\u00e9 au sein de l&rsquo;Assembl\u00e9e nationale et de trois blocs politiques qui ne veulent pas travailler ensemble. \u00ab\u00a0Je pense que rien ne sera possible d&rsquo;ambitieux, de n\u00e9cessaire et au fond d&rsquo;utile pour le pays avant une clarification politique\u00a0\u00bb, a ajout\u00e9 l&rsquo;ancien Premier ministre.<\/p>\n<p>\u00c9DOUARD PHILIPPE16:05<br class=\"jsx-494582681\"\/> 27 ao\u00fbt 2025<\/p>\n<p>L&rsquo;ancien Premier ministre s&rsquo;exprime en direct sur LCI apr\u00e8s le discours de Fran\u00e7ois Bayrou : \u00ab\u00a0J&rsquo;ai trouv\u00e9 son discours bon. Le constat qu\u2019il dresse est terrible mais je crois qu\u2019il est assez lucide.\u00a0\u00bb Le maire du Havre a \u00e9galement affirm\u00e9 que la France est \u00ab\u00a0le pays de l&rsquo;UE qui a la situation \u00e9conomique la plus d\u00e9grad\u00e9e\u00a0\u00bb.<\/p>\n<p>TEXTES EN SUSPENS ?15:39<br class=\"jsx-494582681\"\/> 27 ao\u00fbt 2025<\/p>\n<p>En cas de chute du gouvernement Bayrou le 8 septembre lors du vote de confiance, l\u2019activit\u00e9 parlementaire serait fortement perturb\u00e9e. Audiovisuel public, fin de vie, \u00e9nergie\u2026 Plusieurs textes de loi pourraient rester en suspens au Parlement.<\/p>\n<p>Politique<img decoding=\"async\" src=\"https:\/\/www.europesays.com\/fr\/wp-content\/uploads\/2025\/08\/francois-bayrou-17-12-24-517654-0@1x.jpeg\" alt=\"Crise politique : ces textes de loi qui pourraient \u00eatre \u00e0 l'arr\u00eat en cas de chute du gouvernement\" loading=\"lazy\" importance=\"low\" fetchpriority=\"low\" class=\"\" aria-hidden=\"true\"\/>MEDEF : \u00ab\u00a0UN RETOUR DE L&rsquo;ISF SERAIT RAVAGEUR\u00a0\u00bb15:02<br class=\"jsx-494582681\"\/> 27 ao\u00fbt 2025<\/p>\n<p>Le pr\u00e9sident du Medef Patrick Martin a mis en garde contre tout retour, sous une forme ou une autre, de l&rsquo;Imp\u00f4t de solidarit\u00e9 sur la fortune, assurant que le Medef s&rsquo;y opposerait. \u00ab\u00a0Sous la menace d&rsquo;un retour d\u00e9guis\u00e9 de l&rsquo;ISF, nos entreprises familiales retiennent aujourd\u2019hui plus encore leurs investissements (&#8230;) Je veux \u00eatre clair (&#8230;): quelle qu&rsquo;en soit la forme, un retour de l&rsquo;ISF serait ravageur pour notre \u00e9conomie, et nous nous y opposerons\u00a0\u00bb, a-t-il d\u00e9clar\u00e9.<\/p>\n<p>PRIV\u00c9 VS. PUBLIC14:46<br class=\"jsx-494582681\"\/> 27 ao\u00fbt 2025<\/p>\n<p>\u00ab\u00a0\u00c0 qui veut-on faire croire qu&rsquo;il est impossible de trouver 10 milliards d&rsquo;euros d&rsquo;\u00e9conomies sur 1700 milliards de d\u00e9penses publiques, soit un effort de 0,6% ? \u00c7a n&rsquo;est pas audible ! C&rsquo;est bien le secteur public qui est responsable de la gestion d\u00e9faillante des finances publiques, pas nos entreprises\u00a0\u00bb, lance Patrick Martin, tr\u00e8s applaudi. Le patron du Medef estime aussi qu&rsquo;un \u00ab\u00a0retour de l&rsquo;ISF serait ravageur\u00a0\u00bb.<\/p>\n<p>LE MEDEF EXORTE \u00c0 \u00ab\u00a0D\u00c9PASSER LES RIVALIT\u00c9S\u00a0\u00bb POLITIQUES14:34<br class=\"jsx-494582681\"\/> 27 ao\u00fbt 2025<\/p>\n<p>\u00ab\u00a0Les d\u00e9cideurs politiques doivent d\u00e9passer leurs rivalit\u00e9s mais \u00e7a n&rsquo;en prend pas le chemin\u00a0\u00bb, regrette le pr\u00e9sident du Medef Patrick Martin en ouverture de la Rencontre des entrepreneurs de France<\/p>\n<p>LA CGT VEUT \u00ab\u00a0CONSTRUIRE LA GR\u00c8VE PARTOUT O\u00d9 C&rsquo;EST POSSIBLE\u00a0\u00bb14:27<br class=\"jsx-494582681\"\/> 27 ao\u00fbt 2025<\/p>\n<p>La CGT souhaite que le mouvement du 10 septembre soit \u00ab\u00a0une premi\u00e8re \u00e9tape r\u00e9ussie\u00a0\u00bb et appelle \u00ab\u00a0\u00e0 construire la gr\u00e8ve partout o\u00f9 c&rsquo;est possible\u00a0\u00bb, \u00e0 l&rsquo;issue de son comit\u00e9 conf\u00e9d\u00e9ral national qui s&rsquo;est tenu mardi et mercredi, selon un communiqu\u00e9. Lors de l&rsquo;intersyndicale vendredi, elle proposera par ailleurs \u00ab\u00a0d\u2019appeler en septembre \u00e0 une journ\u00e9e interprofessionnelle unitaire de mobilisation de gr\u00e8ve et de manifestations\u00a0\u00bb.<\/p>\n<p>M\u00c9LENCHON DESSINE LES CONTOURS DU 10 SEPTEMBRE14:18<br class=\"jsx-494582681\"\/> 27 ao\u00fbt 2025<\/p>\n<p>Jean-Luc M\u00e9lenchon imagine la journ\u00e9e de gr\u00e8ve du 10 septembre comme celle o\u00f9 \u00ab\u00a0la France du travail\u00a0\u00bb va \u00ab\u00a0agir pour faire partir Macron\u00a0\u00bb.<\/p>\n<blockquote data-testid=\"EmbedTwitter\" id=\"tweet-1960676447091351624-:Rspsj5klcmj9n79m:\" class=\"jsx-aeff1a1c40f54d7a twitter-tweet flex justify-center items-center\"><p>La CGT et Sud Solidaires appellent \u00e0 la gr\u00e8ve le 10 septembre. Des sections de FSU en font autant. La France du travail \u00e9crit son calendrier de lib\u00e9ration du lib\u00e9ralisme.  Le 8 septembre : on vote pour faire partir Bayrou.  Le 10 septembre : on agit pour faire partir Macron. \u2014 Jean-Luc M\u00e9lenchon (@JLMelenchon)  August 27, 2025<\/p><\/blockquote>\n<p>LE MEDEF R\u00c9POND \u00c0 BAYROU14:15<br class=\"jsx-494582681\"\/> 27 ao\u00fbt 2025<\/p>\n<p>\u00ab\u00a0Nous nous posons tous de graves questions\u00a0\u00bb, lance Patrick Martin en ouverture de la Rencontre des entrepreneurs de France. \u00ab\u00a0Cette situation nous met dans une situation d&rsquo;ins\u00e9curit\u00e9 permanente (&#8230;); Elle n&rsquo;autorise plus ni le d\u00e9ni, ni les faux-semblants, ni les demi-mesures, ni la d\u00e9magogie\u00a0\u00bb, poursuit le pr\u00e9sident du Medef, selon qui \u00ab\u00a0notre pays est \u00e0 court d&rsquo;\u00e9lan\u00a0\u00bb.\u00a0<\/p>\n<p>POUR CIOTTI, C&rsquo;EST D\u00c9MISSION OU DISSOLUTION13:59<br class=\"jsx-494582681\"\/> 27 ao\u00fbt 2025<\/p>\n<p>Invit\u00e9 du 13H de TF1 ce mercredi, \u00c9ric Ciotti annonce qu&rsquo;il \u00ab\u00a0ne donnera pas sa confiance \u00e0 Fran\u00e7ois Bayrou\u00a0\u00bb le 8 septembre. \u00ab\u00a0Quand il y a une crise politique, il faut redonner la parole au peuple. Le seul moyen pour d\u00e9nouer ce n\u0153ud (\u2026), c\u2019est que les Fran\u00e7ais se prononcent. On leur a vol\u00e9 la victoire l\u2019ann\u00e9e derni\u00e8re par une alliance contre-nature entre la gauche et la Macronie. Pour sortir de cette impasse, il y a des moyens. Soit la d\u00e9mission du pr\u00e9sident de la R\u00e9publique, s\u2019il avait quelque part une dignit\u00e9 forte, c\u2019est ce qu\u2019il ferait, soit la dissolution\u00a0\u00bb, a d\u00e9clar\u00e9 le d\u00e9put\u00e9 UDR.<\/p>\n<p>CRISE POLITIQUE13:54<br class=\"jsx-494582681\"\/> 27 ao\u00fbt 2025<\/p>\n<p>\u00ab\u00a0Fran\u00e7ois Bayrou est ouvert \u00e0 rencontrer d\u00e8s cette semaine les chefs de partis\u00a0\u00bb, a indiqu\u00e9 un ministre au service politique de TF1\/LCI.<\/p>\n<blockquote data-testid=\"EmbedTwitter\" id=\"tweet-1960672054543314989-:Rsq2j5klcmj9n79m:\" class=\"jsx-aeff1a1c40f54d7a twitter-tweet flex justify-center items-center\"><p>Confiance &#8211; De nouveaux \u00e9pisodes \u00e0 venir ? Fran\u00e7ois Bayrou est ouvert \u00e0 rencontrer d\u00e8s cette semaine les chefs de partis (Ministre \u00e0  @TF1Info @LCI ) \u2014 Adrien Gindre (@agindre)  August 27, 2025<\/p><\/blockquote>\n<p>PRIMAS : \u00ab\u00a0UN SIGNAL FORT AUX MARCH\u00c9S FINANCIERS\u00a0\u00bb12:46<br class=\"jsx-494582681\"\/> 27 ao\u00fbt 2025<\/p>\n<p>La porte-parole du gouvernement estime que le vote de confiance doit permettre d&rsquo;afficher la \u00ab\u00a0solidit\u00e9\u00a0\u00bb de la France face aux march\u00e9s.\u00a0<\/p>\n<blockquote data-testid=\"EmbedTwitter\" id=\"tweet-1960650591828336995-:Rsq4j5klcmj9n79m:\" class=\"jsx-aeff1a1c40f54d7a twitter-tweet flex justify-center items-center\"><p>\ud83d\udd34 Vote de confiance : \u00ab\u00a0C&rsquo;est un signal fort que nous envoyons aux march\u00e9s financiers pour leur dire &lsquo;nous souhaitons avoir une France qui est encore plus solide'\u00a0\u00bb,  @sophieprimas , porte-parole du gouvernement  pic.twitter.com\/KwQtU1hmra \u2014 LCI (@LCI)  August 27, 2025<\/p><\/blockquote>\n<p>MACRON AUX MINISTRES : \u00ab\u00a0UN COMBAT QUI ENGAGE L&rsquo;AVENIR DU PAYS\u00a0\u00bb12:14<br class=\"jsx-494582681\"\/> 27 ao\u00fbt 2025<\/p>\n<p>\u00ab\u00a0Ceux qui ne voteront pas la confiance s&rsquo;\u00e9loignent de l&rsquo;esprit de responsabilit\u00e9 qu&rsquo;un parti de gouvernement doit avoir\u00a0\u00bb, a d\u00e9clar\u00e9 Emmanuel Macron lors du Conseil des ministres, selon des propos rapport\u00e9s par un participant \u00e0 TF1\/LCI. \u00ab\u00a0Que LFI ne l&rsquo;ait pas, cela ne me surprend pas&#8230; Mais pour les autres&#8230;\u00a0\u00bb, a ajout\u00e9 le chef de l&rsquo;\u00c9tat.\u00a0<\/p>\n<p>\u00ab\u00a0La question pos\u00e9e, ce n\u2019est pas sur le gouvernement, ce n\u2019est pas m\u00eame sur le budget tel qu\u2019il est pr\u00e9sent\u00e9 aujourd\u2019hui, c\u2019est sur le cadre de n\u00e9gociation de ce budget, \u00e0 savoir l\u2019ampleur des efforts \u00e0 faire\u00a0\u00bb, a \u00e9galement d\u00e9clar\u00e9 Emmanuel Macron. \u00ab\u00a0Il s\u2019agit d\u2019un combat politique noble, qui engage l\u2019avenir du pays.\u00a0\u00bb<\/p>\n<p>\u00ab\u00a0L&rsquo;enjeu du 8 septembre, c&rsquo;est de s\u2019accorder sur le r\u00e9el, des faits et des principes, pas sur des mesures qui seront n\u00e9goci\u00e9es\u00a0plus\u00a0tard\u00a0\u00bb, a-t-il conclu. \u00ab\u00a0La question est : partageons-nous les constats ? Le vote ne pr\u00e9empte pas un accord sur le budget.\u00a0\u00bb<\/p>\n<p>UN VOTE DE CONFIANCE \u00ab\u00a0DANS L&rsquo;INT\u00c9R\u00caT DU PAYS\u00a0\u00bb12:10<br class=\"jsx-494582681\"\/> 27 ao\u00fbt 2025<\/p>\n<p>Sophie Primas confirme l&rsquo;examen du recours \u00e0 l&rsquo;article 49-1, permettant le vote de confiance du 8 septembre, \u00e0 l&rsquo;issue du Conseil des ministres.\u00a0<\/p>\n<p>\u00ab\u00a0Le vote de confiance ne portera non pas sur le budget, mais sur le diagnostic\u00a0\u00bb, pr\u00e9cise la porte-parole du gouvernement. C&rsquo;est \u00ab\u00a0un vote dans l&rsquo;int\u00e9r\u00eat g\u00e9n\u00e9ral du pays\u00a0\u00bb.\u00a0<\/p>\n<p>\u00ab\u00a0L&rsquo;\u00e9tat d&rsquo;esprit du gouvernement est tr\u00e8s combatif\u00a0\u00bb, assure Sophie Primas.\u00a0<\/p>\n<p>\u00ab\u00a0DES MINISTRES AU VISAGE TR\u00c8S FERM\u00c9\u00a0\u00bb12:00<br class=\"jsx-494582681\"\/> 27 ao\u00fbt 2025<\/p>\n<p>Le Conseil des ministres a pris fin et les visages des participants \u00e9taient \u00ab\u00a0tr\u00e8s ferm\u00e9s\u00a0\u00bb d&rsquo;apr\u00e8s Fr\u00e9d\u00e9ric Delpech, post\u00e9 dans le cour de l&rsquo;\u00c9lys\u00e9e. Le compte-rendu de la porte-parole du gouvernement Sophie Primas est imminent.<\/p>\n<p>QUE VA DIRE EMMANUEL MACRON ?11:25<br class=\"jsx-494582681\"\/> 27 ao\u00fbt 2025<\/p>\n<p>Le chef de l\u2019\u00c9tat ne s\u2019est pas encore exprim\u00e9 sur le recours au vote du confiance. Le fera-t-il \u00e0 l\u2019issue du conseil des ministres ou lors de son d\u00e9placement en Moldavie cet apr\u00e8s-midi ? Les pr\u00e9cisions de Fr\u00e9d\u00e9ric Delpech devant l\u2019Elys\u00e9e.<\/p>\n<p>Vote de confiance : que va dire Emmanuel Macron ?Source : TF1 Info<\/p>\n<p><img decoding=\"async\" src=\"https:\/\/www.europesays.com\/fr\/wp-content\/uploads\/2025\/08\/vote-de-confiance-que-va-dire-emmanuel-macron-768ea0-0@1x.jpeg\" alt=\"Vote de confiance : que va dire Emmanuel Macron ?\" loading=\"lazy\" importance=\"low\" fetchpriority=\"low\" class=\"\"\/><img decoding=\"async\" src=\"https:\/\/www.tf1info.fr\/images\/icons\/player-logo-play.svg\" alt=\"Logo lecture\" class=\"jsx-d0de44c05fe3042c PlayerLazyload__Play\"\/>TONDELIER APPELLE MACRON \u00c0 NOMMER UN PREMIER MINISTRE DE GAUCHE11:20<br class=\"jsx-494582681\"\/> 27 ao\u00fbt 2025<\/p>\n<p>Interrog\u00e9e par l&rsquo;AFP sur sa volont\u00e9 de demander au chef de l&rsquo;\u00c9tat de nommer un Premier ministre de gauche, Marine Tondelier r\u00e9pond : \u00ab\u00a0On ne devrait m\u00eame pas avoir \u00e0 lui demander, c&rsquo;est le r\u00e9sultat des \u00e9lections qu&rsquo;il a lui-m\u00eame provoqu\u00e9es\u00a0\u00bb. \u00ab\u00a0Un Premier ministre de droite, \u00e7a a \u00e9t\u00e9 tent\u00e9, \u00e7a n&rsquo;a pas fonctionn\u00e9. Un Premier ministre macroniste, \u00e7a a \u00e9t\u00e9 tent\u00e9, \u00e7a n&rsquo;a pas fonctionn\u00e9. Peut \u00eatre qu&rsquo;enfin le pr\u00e9sident de la R\u00e9publique va laisser les gagnants de l&rsquo;\u00e9lection de l\u2019\u00e9t\u00e9 dernier gouverner\u00a0\u00bb, ajoute-t-elle.\u00a0<\/p>\n<p>INFO TF1-LCI : LE VOTE DE CONFIANCE AU MENU DU CONSEIL DES MINISTRES10:27<br class=\"jsx-494582681\"\/> 27 ao\u00fbt 2025<\/p>\n<p>D&rsquo;apr\u00e8s les informations de TF1-LCI, le recours \u00e0 l&rsquo;article 49.1 sera examin\u00e9 aujourd&rsquo;hui en Conseil des ministres.<\/p>\n<p>L&rsquo;\u00c9DITO \u00c9CO09:51<br class=\"jsx-494582681\"\/> 27 ao\u00fbt 2025<\/p>\n<p>\u00ab\u00a0Les maux sont graves, mais les mots pour en parler vont souvent trop loin, trop vite\u00a0\u00bb, affirme Nicolas Doze, \u00e9ditorialiste \u00e9conomie sur LCI.<\/p>\n<p>\u00c9conomie<img decoding=\"async\" src=\"https:\/\/www.europesays.com\/fr\/wp-content\/uploads\/2025\/08\/edito-ou-la-france-n-est-pas-au-bord-du-chaos-assure-nicolas-doze-editorialiste-economie-lci-fbd472-.jpeg\" alt=\"\u00c9DITO | &quot;La France n'est pas au bord du chaos&quot;, assure Nicolas Doze, \u00e9ditorialiste \u00e9conomie LCI \" loading=\"lazy\" importance=\"low\" fetchpriority=\"low\" class=\"\" aria-hidden=\"true\"\/>LE GOUVERNEMENT SURPRIS PAR LA VOTE DE CONFIANCE08:56<br class=\"jsx-494582681\"\/> 27 ao\u00fbt 2025<\/p>\n<p>Invit\u00e9e de BFMTV et RMC, la ministre du Travail Catherine Vautrin r\u00e9v\u00e8le qu'\u00a0\u00bbaucun membre du gouvernement n&rsquo;\u00e9tait au courant\u00a0\u00bb de la d\u00e9cision de Fran\u00e7ois Bayrou de se soumettre au vote de l&rsquo;Assembl\u00e9e nationale.<\/p>\n<blockquote data-testid=\"EmbedTwitter\" id=\"tweet-1960593547528163801-:Rsqkj5klcmj9n79m:\" class=\"jsx-aeff1a1c40f54d7a twitter-tweet flex justify-center items-center\"><p>Vote de confiance sollicit\u00e9 par Fran\u00e7ois Bayrou: \u00ab\u00a0Aucun membre du gouvernement n&rsquo;\u00e9tait au courant \u00e0 ma connaissance\u00a0\u00bb, indique la ministre du Travail Catherine Vautrin  pic.twitter.com\/8eUMKwiXCu \u2014 BFMTV (@BFMTV)  August 27, 2025<\/p><\/blockquote>\n<p>REPLAY08:40<br class=\"jsx-494582681\"\/> 27 ao\u00fbt 2025<\/p>\n<p>La porte-parole du gouvernement Sophie Primas \u00e9tait l&rsquo;invit\u00e9e d&rsquo;Adrien Gindre ce matin sur TF1. Retrouvez l&rsquo;int\u00e9gralit\u00e9 de leur entretien.<\/p>\n<p>ATTAL S&rsquo;OPPOSE \u00c0 UNE NOUVELLE DISSOLUTION08:40<br class=\"jsx-494582681\"\/> 27 ao\u00fbt 2025<\/p>\n<p>Gabriel Attal ne souhaite pas de nouvelle dissolution si celui-ci n&rsquo;obtient pas la confiance de l&rsquo;Assembl\u00e9e le 8 septembre car \u00ab\u00a0ce n&rsquo;est pas aux Fran\u00e7ais de r\u00e9gler les probl\u00e8mes de l&rsquo;Assembl\u00e9e\u00a0\u00bb. \u00ab\u00a0Je ferai tout pour aider le gouvernement \u00e0 tenir et Fran\u00e7ois Bayrou \u00e0 rester Premier ministre\u00a0\u00bb, a d\u00e9clar\u00e9 mercredi le chef du groupe parlementaire Renaissance sur France inter. \u00a0\u00ab\u00a0Ce \u00e0 quoi je suis pr\u00eat, c&rsquo;est qu&rsquo;on se mette autour d&rsquo;une table avec les responsables politiques pr\u00eats \u00e0 avancer. De toute fa\u00e7on, quel que soit le vote du 8 septembre, il faudra un budget pour le pays\u00a0\u00bb, a-t-il ajout\u00e9.<\/p>\n<p>ATTAL : RENAISSANCE VOTERA CONFIANCE \u00ab\u00a0DE MANI\u00c8RE UNANIME ET SANS AMBIGU\u00cfT\u00c9\u00a0\u00bb08:37<br class=\"jsx-494582681\"\/> 27 ao\u00fbt 2025<\/p>\n<p>\u00c0 la t\u00eate des d\u00e9put\u00e9s Renaissance, l\u2019ancien Premier ministre assure que son groupe votera la confiance \u00ab\u00a0de mani\u00e8re unanime et sans ambigu\u00eft\u00e9\u00a0\u00bb \u00e0 Fran\u00e7ois Bayrou le 8 septembre. \u00ab\u00a0Cela ne veut pas dire qu\u2019on est d\u2019accord avec l\u2019int\u00e9gralit\u00e9 de la copie budg\u00e9taire qui avait \u00e9t\u00e9 pr\u00e9sent\u00e9e. On pense qu\u2019il y a encore une marge de man\u0153uvre possible pour discuter du fond de ce budget\u00a0\u00bb, souligne-t-il.<\/p>\n<blockquote data-testid=\"EmbedTwitter\" id=\"tweet-1960582882721701900-:Rsqqj5klcmj9n79m:\" class=\"jsx-aeff1a1c40f54d7a twitter-tweet flex justify-center items-center\"><p>Gabriel Attal (Renaissance) : \u00ab\u00a0De mani\u00e8re unanime et sans ambigu\u00eft\u00e9, \u00e9videmment que nous voterons la confiance au gouvernement le 8 septembre prochain\u00a0\u00bb  #LaGrandeMatinale pic.twitter.com\/arSUpGxpW6 \u2014 France Inter (@franceinter)  August 27, 2025<\/p><\/blockquote>\n<p>L&rsquo;\u00c9DITO POL08:23<br class=\"jsx-494582681\"\/> 27 ao\u00fbt 2025<\/p>\n<p>Christophe Barbier estime que \u00ab\u00a0le pari politique\u00a0\u00bb de Fran\u00e7ois Bayrou, qui se soumettra \u00e0 un vote de confiance le 8 septembre, est \u00ab\u00a0perdu d\u2019avance\u00a0\u00bb. Il d\u00e9crypte les trois erreurs commises par le Premier ministre.<\/p>\n<p>L&rsquo;\u00e9dito pol de Christophe Barbier : Bayrou, \u00ab\u00a0un pari perdu d&rsquo;avance\u00a0\u00bbSource : TF1 Info<\/p>\n<p><img decoding=\"async\" src=\"https:\/\/www.europesays.com\/fr\/wp-content\/uploads\/2025\/08\/l-edito-pol-de-christophe-barbier-bayrou-un-pari-perdu-d-avance-c0475a-0@1x.jpeg\" alt=\"L'\u00e9dito pol de Christophe Barbier : Bayrou, &quot;un pari perdu d'avance&quot;\" loading=\"lazy\" importance=\"low\" fetchpriority=\"low\" class=\"\"\/><img decoding=\"async\" src=\"https:\/\/www.tf1info.fr\/images\/icons\/player-logo-play.svg\" alt=\"Logo lecture\" class=\"jsx-d0de44c05fe3042c PlayerLazyload__Play\"\/>RUFFIN : \u00ab\u00a0LE VERROU SE TROUVE \u00c0 L\u2019\u00c9LYS\u00c9E\u00a0\u00bb08:07<br class=\"jsx-494582681\"\/> 27 ao\u00fbt 2025<\/p>\n<p>Fran\u00e7ois Ruffin estime que \u00ab\u00a0l\u2019honneur r\u00e9clamerait qu\u2019Emmanuel Macron pose sa d\u00e9mission et qu\u2019\u00e9ventuellement il se repr\u00e9sente \u00e0 nouveau devant les Fran\u00e7ais pour r\u00e9clamer leur confiance\u00a0\u00bb. \u00ab\u00a0Aujourd\u2019hui, quand on r\u00e9clame la justice fiscale dans notre pays, le verrou se trouve \u00e0 l\u2019\u00c9lys\u00e9e\u00a0\u00bb, insiste-t-il sur RTL.<\/p>\n<blockquote data-testid=\"EmbedTwitter\" id=\"tweet-1960581069905744218-:Rsquj5klcmj9n79m:\" class=\"jsx-aeff1a1c40f54d7a twitter-tweet flex justify-center items-center\"><p>\u00ab\u00a0L&rsquo;honneur r\u00e9clamerait qu&rsquo;Emmanuel Macron pose sa d\u00e9mission, et qu&rsquo;\u00e9ventuellement il se repr\u00e9sente \u00e0 nouveau devant les Fran\u00e7ais pour r\u00e9clamer leur confiance\u00a0\u00bb @Francois_Ruffin dans  #RTLMatin avec  @ThomasSotto pic.twitter.com\/Xr9aR8joh1 \u2014 RTL France (@RTLFrance)  August 27, 2025<\/p><\/blockquote>\n<p>PRIMAS SUR TF107:49<br class=\"jsx-494582681\"\/> 27 ao\u00fbt 2025<\/p>\n<p>Invit\u00e9 du 20H ce soir, Bayrou viendra-t-il faire des propositions ? \u00ab\u00a0Cela lui appartient, je ne vais pas spoiler son intervention\u00a0\u00bb, dit-elle. \u00ab\u00a0Il continue sa mission qui est d&rsquo;expliquer aux Fran\u00e7ais pourquoi il a pris cette d\u00e9cision\u00a0\u00bb du vote de confiance, r\u00e9p\u00e8te la porte-parole du gouvernement.\u00a0<\/p>\n<p>PRIMAS SUR TF107:45<br class=\"jsx-494582681\"\/> 27 ao\u00fbt 2025<\/p>\n<p>\u00ab\u00a0On ne cherche pas \u00e0 mettre la panique dans la France\u00a0\u00bb, assure la porte-parole du gouvernement, se m\u00e9fiant de \u00ab\u00a0toute nouvelle incertitude politique d&rsquo;ici la grande \u00e9ch\u00e9ance de la pr\u00e9sidentielle de 2027\u00a0\u00bb. \u00ab\u00a0Il faut que la classe politique soit responsable et trouve un moyen d&rsquo;avancer dans les deux ans qui viennent\u00a0\u00bb, dit-elle.<\/p>\n<p>PRIMAS SUR TF107:43<br class=\"jsx-494582681\"\/> 27 ao\u00fbt 2025<\/p>\n<p>\u00ab\u00a0La responsabilit\u00e9 du gouvernement, c&rsquo;est d&rsquo;\u00eatre lucide sur la situation budg\u00e9taire et de l&rsquo;expliquer le plus clairement aux Fran\u00e7ais ainsi que de travailler avec les autres formations politiques pour trouver un budget pour la France\u00a0\u00bb, insiste Sophie Primas. Elle assure ne pas pouvoir r\u00e9pondre \u00e0 la question sur une \u00e9ventuelle dissolution de l&rsquo;Assembl\u00e9e nationale \u00e0 venir qui \u00ab\u00a0n&rsquo;est pas une pr\u00e9rogative du gouvernement\u00a0\u00bb.<\/p>\n<p>Voir plus<\/p>\n<p>PRIMAS SUR TF107:41<br class=\"jsx-494582681\"\/> 27 ao\u00fbt 2025<\/p>\n<p>\u00ab\u00a0Notre r\u00f4le est d&rsquo;expliquer aux Fran\u00e7ais pourquoi nous demandons ce vote (de confiance). La situation de la France est difficile budg\u00e9tairement, ce n&rsquo;est pas nouveau mais on arrive au pied du mur. Il faut agir collectivement\u00a0\u00bb, d\u00e9clare la porte-parole du gouvernement Sophie Primas.<\/p>\n<p>PRIMAS SUR TF107:39<br class=\"jsx-494582681\"\/> 27 ao\u00fbt 2025<\/p>\n<p>Dissolution ou d\u00e9mission d&rsquo;Emmanuel Macron comme le r\u00e9clame Jordan Bardella, le pr\u00e9sident du RN ? Sophie Privas, porte-parole du gouvernement, \u00ab\u00a0se refuse \u00e0 toute politique fiction\u00a0\u00bb. \u00ab\u00a0La libert\u00e9 de parole dans ce pays est pr\u00e9serv\u00e9e\u00a0\u00bb, indique-t-elle, assurant que la priorit\u00e9 du gouvernement est fix\u00e9e au \u00ab\u00a08 septembre\u00a0\u00bb, jour du vote de confiance.<\/p>\n<p>CONSEIL DES MINISTRES 06:37<br class=\"jsx-494582681\"\/> 27 ao\u00fbt 2025<\/p>\n<p>Les membres de l&rsquo;ex\u00e9cutif se retrouvent \u00e0 l&rsquo;\u00c9lys\u00e9e \u00e0 10h, deux jours apr\u00e8s l&rsquo;annonce par le Premier ministre Fran\u00e7ois Bayrou qu&rsquo;il engagera le 8 septembre devant l&rsquo;Assembl\u00e9e nationale la responsabilit\u00e9 de son gouvernement sur l&rsquo;endettement de la France et le cap budg\u00e9taire \u00e0 fixer pour 2026.<\/p>\n<p>Pour que Fran\u00e7ois Bayrou puisse demander la confiance de l&rsquo;Assembl\u00e9e, une d\u00e9lib\u00e9ration du Conseil des ministres est n\u00e9cessaire. Le chef de l&rsquo;Etat doit par ailleurs convoquer une session extraordinaire du Parlement.<\/p>\n<p>La porte-parole du gouvernement Sophie Primas tiendra sa traditionnelle conf\u00e9rence de presse en fin de matin\u00e9e \u00e0 l&rsquo;issue du Conseil.<\/p>\n<p>DISSOLUTION DE L&rsquo;ASSEMBL\u00c9E06:36<br class=\"jsx-494582681\"\/> 27 ao\u00fbt 2025<\/p>\n<p>63% des Fran\u00e7ais interrog\u00e9s se d\u00e9clarent favorables \u00e0 une nouvelle dissolution. C&rsquo;est ce qu&rsquo;indique un sondage Ifop r\u00e9alis\u00e9 mardi 26 ao\u00fbt pour LCI, alors qu&rsquo;une personne sur deux pense que ce sc\u00e9nario est in\u00e9vitable dans les prochains mois face \u00e0 l&rsquo;impasse politique.<\/p>\n<p>Politique<img decoding=\"async\" src=\"https:\/\/www.europesays.com\/fr\/wp-content\/uploads\/2025\/08\/francois-bayrou-20012029-fd64f0-0@1x.jpeg\" alt=\"Le Premier ministre Fran\u00e7ois Bayrou.\" loading=\"lazy\" importance=\"low\" fetchpriority=\"low\" class=\"\" aria-hidden=\"true\"\/>BONJOUR06:35<br class=\"jsx-494582681\"\/> 27 ao\u00fbt 2025<\/p>\n<p>Bienvenue dans ce direct consacr\u00e9 aux suites de la conf\u00e9rence de presse de Fran\u00e7ois Bayrou sur le budget 2026, et dont le gouvernement est en sursis. De retour du fort de Br\u00e9gan\u00e7on o\u00f9 il a pass\u00e9 son \u00e9t\u00e9, le pr\u00e9sident Emmanuel Macron tient ce mercredi un conseil des ministres, \u00e0 moins de deux semaines d&rsquo;un vote de confiance aux accents de moment de v\u00e9rit\u00e9. Suivez ici, tout au long de la journ\u00e9e, les derni\u00e8res actualit\u00e9s mais aussi les \u00e9clairages de nos sp\u00e9cialistes.\u00a0<\/p>\n<p data-module=\"article-paragraph\" class=\"jsx-3046738180 Paragraph Paragraph__End\">Fran\u00e7ois Bayrou refuse de baisser les bras et a tent\u00e9 mardi de convaincre en particulier les socialistes<a href=\"https:\/\/www.tf1info.fr\/international\/au-bord-de-la-chute-apres-l-annonce-du-vote-de-confiance-la-presse-etrangere-predit-la-fin-du-gouvernement-bayrou-2390810.html\" target=\"_blank\" rel=\"noopener\"> de lui accorder la confiance<\/a> le 8 septembre, mais la quasi-certitude d&rsquo;un vote n\u00e9gatif \u00e0 l&rsquo;Assembl\u00e9e lance d\u00e9j\u00e0 les sp\u00e9culations sur l&rsquo;apr\u00e8s : nouveau Premier ministre, dissolution ou m\u00eame d\u00e9part d&rsquo;Emmanuel Macron comme r\u00e9clam\u00e9 par Jean-Luc M\u00e9lenchon.\u00a0<\/p>\n<p data-module=\"article-paragraph\" class=\"jsx-3046738180 Paragraph\">Dans une intervention \u00e0 l&rsquo;universit\u00e9 d&rsquo;\u00e9t\u00e9 de la CFDT, le Premier ministre,<a href=\"https:\/\/www.tf1info.fr\/politique\/budget-2026-vote-de-confiance-francois-bayrou-invite-du-20h-de-tf1-ce-mercredi-27-aout-2025-2390912.html\" target=\"_blank\" rel=\"noopener\"> qui sera l&rsquo;invit\u00e9 mercredi du 20H de TF1<\/a>, a affirm\u00e9 que les d\u00e9put\u00e9s avaient \u00ab\u00a0treize jours\u00a0\u00bb pour \u00ab\u00a0dire s&rsquo;ils se placent du c\u00f4t\u00e9 du chaos ou de la responsabilit\u00e9\u00a0\u00bb. Alors que la gauche et le RN ont d\u00e9j\u00e0 fait savoir qu&rsquo;ils ne voteraient pas la confiance, il leur a demand\u00e9 de \u00ab\u00a0r\u00e9fl\u00e9chir\u00a0\u00bb et de renoncer \u00e0 leurs \u00ab\u00a0r\u00e9flexes spontan\u00e9s\u00a0\u00bb.\u00a0<\/p>\n<p data-module=\"article-paragraph\" class=\"jsx-3046738180 Paragraph Paragraph__End\">Confront\u00e9 au rejet de son plan d&rsquo;\u00e9conomies budg\u00e9taires de pr\u00e8s de 44 milliards d&rsquo;euros, par les opposants comme dans l&rsquo;opinion, ainsi qu&rsquo;\u00e0 des appels \u00e0 bloquer le pays le 10 septembre, le Premier ministre a brandi son va-tout lundi.<\/p>\n<p data-module=\"article-paragraph\" class=\"jsx-3046738180 Paragraph\">\u00c0 sa demande, Emmanuel Macron va convoquer une session parlementaire extraordinaire le 8 septembre, et Fran\u00e7ois Bayrou sollicitera le jour m\u00eame la confiance de l&rsquo;Assembl\u00e9e sur une d\u00e9claration de politique g\u00e9n\u00e9rale. Son espoir : faire valider la n\u00e9cessit\u00e9 d&rsquo;un tel plan de r\u00e9duction du d\u00e9ficit public, avant d&rsquo;en n\u00e9gocier les mesures dans un second temps. \u00ab\u00a0Y a-t-il ou pas urgence nationale \u00e0 r\u00e9\u00e9quilibrer les comptes, \u00e0 \u00e9chapper au surendettement en choisissant de r\u00e9duire nos d\u00e9ficits et de produire davantage ? Voil\u00e0 la question centrale\u00a0\u00bb, a martel\u00e9 de nouveau Fran\u00e7ois Bayrou mardi.<\/p>\n<p data-module=\"article-paragraph\" class=\"jsx-3046738180 Paragraph\">La discussion sur les mesures impopulaires (ann\u00e9e blanche fiscale, gel des prestations sociales, suppression de deux jours f\u00e9ri\u00e9s&#8230;) sera \u00ab\u00a0une \u00e9tape diff\u00e9rente\u00a0\u00bb avec les partenaires sociaux et avec le Parlement, a-t-il r\u00e9p\u00e9t\u00e9. Dans le viseur du Premier ministre, les socialistes qui ont annonc\u00e9 d\u00e8s lundi qu&rsquo;ils voteraient contre la confiance alors que Matignon esp\u00e9rait peut-\u00eatre trouver un compromis avec eux.<\/p>\n<p data-module=\"article-paragraph\" class=\"jsx-3046738180 Paragraph Paragraph__End\">Fran\u00e7ois Bayrou a r\u00e9affirm\u00e9 que les plus hauts revenus et \u00ab\u00a0ceux qui optimisent leur fiscalit\u00e9\u00a0\u00bb se verraient demander un \u00ab\u00a0effort sp\u00e9cifique\u00a0\u00bb pour le budget 2026. Et il a propos\u00e9 de confier la gestion de l&rsquo;assurance vieillesse aux partenaires sociaux si l&rsquo;Assembl\u00e9e lui permet de poursuivre sa t\u00e2che. Des arguments balay\u00e9s sur TF1 par le pr\u00e9sident du RN Jordan Bardella qui s&rsquo;est adress\u00e9 \u00e0 Emmanuel Macron pour lui demander \u00ab\u00a0une dissolution\u00a0\u00bb ou \u00ab\u00a0sa d\u00e9mission\u00a0\u00bb pour \u00ab\u00a0sortir de l&rsquo;impasse\u00a0\u00bb.<\/p>\n<p><a href=\"https:\/\/www.tf1info.fr\/politique\/budget-2026-vote-de-confiance-francois-bayrou-dissolution-ou-demission-d-emmanuel-macron-jordan-bardella-appelle-sur-tf1-a-revenir-aux-urnes-pour-sortir-de-l-impasse-2390916.html\" rel=\"noopener\" class=\"jsx-3308031228 Link flex\" target=\"_blank\"><img decoding=\"async\" src=\"https:\/\/www.europesays.com\/fr\/wp-content\/uploads\/2025\/08\/jordan-bardella-tf1-25032024-10511a-0@1x.jpeg\" alt=\"TF1\" loading=\"lazy\" importance=\"low\" fetchpriority=\"low\" class=\"\" aria-hidden=\"true\"\/><\/p>\n<p class=\"jsx-3657663356 ReadMoreArticle__Title\">Lire aussi<\/p>\n<p class=\"jsx-3657663356\">\u00ab\u00a0Dissolution\u00a0\u00bb ou \u00ab\u00a0d\u00e9mission d&rsquo;Emmanuel Macron\u00a0\u00bb : sur TF1, Jordan Bardella appelle \u00e0 revenir aux urnes pour sortir de l&rsquo;impasse<\/p>\n<p><\/a><\/p>\n<p data-module=\"article-paragraph\" class=\"jsx-3046738180 Paragraph Paragraph__End\">Les r\u00e9actions des oppositions ne semblent gu\u00e8re laisser de chance de r\u00e9ussite au gouvernement, priv\u00e9 de majorit\u00e9 depuis sa naissance en d\u00e9cembre. Il ne pourra pas non plus compter sur le soutien des d\u00e9put\u00e9s ind\u00e9pendants Liot (Libert\u00e9s, ind\u00e9pendants, outre-mer et territoires), dont \u00ab\u00a0une nette majorit\u00e9\u00a0\u00bb ne votera pas la confiance, a indiqu\u00e9 le groupe dans un communiqu\u00e9.<\/p>\n<p>La r\u00e9daction de TF1info<\/p>\n<p><script async src=\"https:\/\/platform.twitter.com\/widgets.js\" charset=\"utf-8\"><\/script><\/p>\n","protected":false},"excerpt":{"rendered":"Fran\u00e7ois Bayrou \u00e9tait l&rsquo;invit\u00e9 de Gilles Bouleau ce mercredi soir au 20H de TF1. Le Premier ministre s&rsquo;est&hellip;\n","protected":false},"author":2,"featured_media":349420,"comment_status":"","ping_status":"","sticky":false,"template":"","format":"standard","meta":{"footnotes":""},"categories":[1356],"tags":[1111,11,1921,48196,48197,58,1073,59,1011,27,48592,431,1922,3081,1077,252,1364,133,4530],"class_list":{"0":"post-349419","1":"post","2":"type-post","3":"status-publish","4":"format-standard","5":"has-post-thumbnail","7":"category-television","8":"tag-actu","9":"tag-actualites","10":"tag-article-video","11":"tag-budget-2026-le-vote-de-confiance","12":"tag-derniere-carte-en-main-de-francois-bayrou","13":"tag-divertissement","14":"tag-emmanuel-macron","15":"tag-entertainment","16":"tag-fr","17":"tag-france","18":"tag-francois-braun","19":"tag-francois-bayrou","20":"tag-info","21":"tag-jean-luc-melenchon","22":"tag-jordan-bardella","23":"tag-television","24":"tag-tv","25":"tag-video","26":"tag-video-politique"},"share_on_mastodon":{"url":"https:\/\/pubeurope.com\/@fr\/115105082767872827","error":""},"_links":{"self":[{"href":"https:\/\/www.europesays.com\/fr\/wp-json\/wp\/v2\/posts\/349419","targetHints":{"allow":["GET"]}}],"collection":[{"href":"https:\/\/www.europesays.com\/fr\/wp-json\/wp\/v2\/posts"}],"about":[{"href":"https:\/\/www.europesays.com\/fr\/wp-json\/wp\/v2\/types\/post"}],"author":[{"embeddable":true,"href":"https:\/\/www.europesays.com\/fr\/wp-json\/wp\/v2\/users\/2"}],"replies":[{"embeddable":true,"href":"https:\/\/www.europesays.com\/fr\/wp-json\/wp\/v2\/comments?post=349419"}],"version-history":[{"count":0,"href":"https:\/\/www.europesays.com\/fr\/wp-json\/wp\/v2\/posts\/349419\/revisions"}],"wp:featuredmedia":[{"embeddable":true,"href":"https:\/\/www.europesays.com\/fr\/wp-json\/wp\/v2\/media\/349420"}],"wp:attachment":[{"href":"https:\/\/www.europesays.com\/fr\/wp-json\/wp\/v2\/media?parent=349419"}],"wp:term":[{"taxonomy":"category","embeddable":true,"href":"https:\/\/www.europesays.com\/fr\/wp-json\/wp\/v2\/categories?post=349419"},{"taxonomy":"post_tag","embeddable":true,"href":"https:\/\/www.europesays.com\/fr\/wp-json\/wp\/v2\/tags?post=349419"}],"curies":[{"name":"wp","href":"https:\/\/api.w.org\/{rel}","templated":true}]}}