{"id":349421,"date":"2025-08-28T06:55:23","date_gmt":"2025-08-28T06:55:23","guid":{"rendered":"https:\/\/www.europesays.com\/fr\/349421\/"},"modified":"2025-08-28T06:55:23","modified_gmt":"2025-08-28T06:55:23","slug":"avatar-le-nouvel-album-dont-go-in-the-forest-en-octobre","status":"publish","type":"post","link":"https:\/\/www.europesays.com\/fr\/349421\/","title":{"rendered":"AVATAR Le nouvel album \u00ab\u00a0Don&rsquo;t Go In The Forest\u00a0\u00bb en octobre"},"content":{"rendered":"<p>\t\t\t\t\t<img decoding=\"async\" src=\"https:\/\/www.europesays.com\/fr\/wp-content\/uploads\/2025\/08\/Johan-Carlen.jpg\" style=\"width: 850px; height: 485px;\"\/>&#13;<\/p>\n<p>\u00a9 Johan C\u00e0rlen | Black Waltz Records<\/p>\n<p>&#13;<\/p>\n<p>&#13;<br \/>\nLe groupe <strong>AVATAR <\/strong>\u2013 compos\u00e9 du chanteur <strong>Johannes Eckerstr\u00f6m<\/strong>, des guitaristes <strong>Jonas Jarlsby<\/strong> et <strong>Tim \u00d6hrstr\u00f6m<\/strong>, du bassiste <strong>Henrik Sandelin<\/strong> et du batteur <strong>John Alfredsson<\/strong> \u2013 a annonc\u00e9 la sortie de son nouveau album \u00ab Don&rsquo;t Go In The Forest \u00bb le 31 octobre sur le label Black Waltz Records.<\/p>\n<p><img decoding=\"async\" src=\"https:\/\/www.europesays.com\/fr\/wp-content\/uploads\/2025\/08\/8bbe0811-7bb1-397b-56e9-9b07bf9369a4.jpg\" style=\"width: 400px; height: 400px; margin-top: 10px; margin-bottom: 10px; float: right;\"\/>\u200b<\/p>\n<p>\u00ab Au fil des ann\u00e9es, il est devenu essentiel pour moi de pouvoir r\u00e9pondre \u00e0 une question\u00a0: pourquoi est-ce important\u00a0? Ce ne peut pas \u00eatre un simple album de plus. Nous devons d\u00e9couvrir quelque chose, essayer autre chose. Cela doit venir du c\u0153ur. Ce qui est dit compte\u00a0\u00bb, d\u00e9clare le chanteur <strong>Johannes Eckerstr\u00f6m<\/strong>, \u00e0 propos de la sortie du single \u00ab\u00a0Tonight We Must Be Warriors\u00a0\u00bb \u00e0 voir ci-dessous. \u00ab\u00a0En ces temps d\u2019isolement et de d\u00e9sespoir, peut-\u00eatre avons-nous besoin qu\u2019on nous rappelle que nous ne sommes pas seuls\u00a0? Nous sommes un parmi tant d\u2019autres. Peut-\u00eatre avons-nous aussi besoin qu\u2019on nous rappelle que le fardeau repose sur nos \u00e9paules\u00a0? Pour y parvenir, nous devons nous battre nous-m\u00eames. \u00bb<\/p>\n<p>Dans la douleur commune, nous trouvons la solidarit\u00e9. Le secret, c&rsquo;est que le groupe a encore l&rsquo;impression de commencer. \u00ab\u00a0Don&rsquo;t Go In The Forest\u00a0\u00bb est un album rempli \u00e0 ras bord de choses in\u00e9dites. Ce sont des chansons et des concepts qu&rsquo;<strong>AVATAR<\/strong> n&rsquo;avait jamais abord\u00e9s jusqu&rsquo;\u00e0 pr\u00e9sent. \u00ab\u00a0L&rsquo;esprit est d\u00e9cha\u00een\u00e9 et on s&rsquo;est perdu dans les bois les plus sombres, emplis de souvenirs et de fantasmes. Des pens\u00e9es interdites qu&rsquo;il faut exprimer \u00bb, ajoute <strong>Eckerstr\u00f6m <\/strong>en pensant \u00e0 la sortie programm\u00e9e de l&rsquo;album d&rsquo;AVATAR. \u00ab Il aurait \u00e9t\u00e9 impossible de faire cet album \u00e0 un autre moment. C&rsquo;est tout ce qu&rsquo;on a toujours voulu, et je pense que vous le d\u00e9couvrirez aussi. \u00bb<\/p>\n<p>Le groupe a annonc\u00e9 sa tourn\u00e9e \u00ab\u00a0A Night To Be Tour Apart\u00a0\u00bb en avril dernier, rebaptis\u00e9e \u00ab\u00a0In The Airwaves\u00a0\u00bb. Parall\u00e8lement, les groupes norv\u00e9giens WITCH CLUB SATAN et AGABAS ont \u00e9t\u00e9 annonc\u00e9s en premi\u00e8re partie de certains concerts. Vous les retrouverez le 2 mars 2026 \u00e0 Lyon (Le Cube) et le 7 mars au Z\u00e9nith de Paris avec ALIEN WEAPONRY.<\/p>\n<p style=\"text-align: center;\">\n<p><img decoding=\"async\" src=\"https:\/\/www.europesays.com\/fr\/wp-content\/uploads\/2025\/08\/HardForce-56-bestFit-600x600.png\" style=\"height: 500px; width: 400px;\"\/>\u00a0<img decoding=\"async\" src=\"https:\/\/www.europesays.com\/fr\/wp-content\/uploads\/2025\/08\/HardForce-55-bestFit-600x600.png\" style=\"opacity: 0.9; height: 500px; width: 400px;\"\/><\/p>\n<p>\t\t\t\t\t\t<img loading=\"lazy\" decoding=\"async\" src=\"https:\/\/www.europesays.com\/fr\/wp-content\/uploads\/2025\/08\/WP_20140517_012_200x200.png\" width=\"100\" height=\"100\" class=\"circle\" alt=\"Blogger : Christophe Droit\" title=\"Christophe Droit\"\/>\t\t\t\t\t\t<\/p>\n<p>Au sujet de l&rsquo;auteur<\/p>\n<p>Christophe Droit<\/p>\n<p>Animateur radio chevronn\u00e9 de la r\u00e9gion toulousaine, fid\u00e8le partenaire de HARD FORCE depuis toujours, Christophe, alias \u00ab\u00a0Godzilla\u00a0\u00bb, a particip\u00e9 \u00e0 l&rsquo;\u00e9laboration du projet Radio Force (CD &amp; Musique) encart\u00e9 dans le magazine jusqu&rsquo;en 2000. &#13;<br \/>\nDepuis 2008, il supervise l&rsquo;\u00e9quipe et l&rsquo;actualit\u00e9 dans HARD FORCE et sur Facebook et anime de tr\u00e8s nombreuses \u00e9missions sur HEAVY1, notamment NOISEWEEK tous les vendredis soirs, consacr\u00e9e \u00e0 l&rsquo;actualit\u00e9 discographique de la semaine.<\/p>\n<p>\t\t\t\t\t\t<a href=\"https:\/\/hardforce.com\/blogger\/christophe-droit\" title=\"Christophe Droit\" target=\"_blank\" rel=\"noopener\">Ses autres publications<\/a>\t\t\t\t\t<\/p>\n","protected":false},"excerpt":{"rendered":"&#13; \u00a9 Johan C\u00e0rlen | Black Waltz Records &#13; &#13; Le groupe AVATAR \u2013 compos\u00e9 du chanteur Johannes&hellip;\n","protected":false},"author":2,"featured_media":349422,"comment_status":"","ping_status":"","sticky":false,"template":"","format":"standard","meta":{"footnotes":""},"categories":[1355],"tags":[48596,13618,48593,58,59,1011,27,48595,8675,1361,873,48594,28506],"class_list":{"0":"post-349421","1":"post","2":"type-post","3":"status-publish","4":"format-standard","5":"has-post-thumbnail","7":"category-musique","8":"tag-alien-weaponry","9":"tag-avatar","10":"tag-black-waltz-records","11":"tag-divertissement","12":"tag-entertainment","13":"tag-fr","14":"tag-france","15":"tag-le-cube","16":"tag-live-nation-france","17":"tag-music","18":"tag-musique","19":"tag-thirty-tigers-records","20":"tag-zenith-de-paris"},"share_on_mastodon":{"url":"https:\/\/pubeurope.com\/@fr\/115105085834201422","error":""},"_links":{"self":[{"href":"https:\/\/www.europesays.com\/fr\/wp-json\/wp\/v2\/posts\/349421","targetHints":{"allow":["GET"]}}],"collection":[{"href":"https:\/\/www.europesays.com\/fr\/wp-json\/wp\/v2\/posts"}],"about":[{"href":"https:\/\/www.europesays.com\/fr\/wp-json\/wp\/v2\/types\/post"}],"author":[{"embeddable":true,"href":"https:\/\/www.europesays.com\/fr\/wp-json\/wp\/v2\/users\/2"}],"replies":[{"embeddable":true,"href":"https:\/\/www.europesays.com\/fr\/wp-json\/wp\/v2\/comments?post=349421"}],"version-history":[{"count":0,"href":"https:\/\/www.europesays.com\/fr\/wp-json\/wp\/v2\/posts\/349421\/revisions"}],"wp:featuredmedia":[{"embeddable":true,"href":"https:\/\/www.europesays.com\/fr\/wp-json\/wp\/v2\/media\/349422"}],"wp:attachment":[{"href":"https:\/\/www.europesays.com\/fr\/wp-json\/wp\/v2\/media?parent=349421"}],"wp:term":[{"taxonomy":"category","embeddable":true,"href":"https:\/\/www.europesays.com\/fr\/wp-json\/wp\/v2\/categories?post=349421"},{"taxonomy":"post_tag","embeddable":true,"href":"https:\/\/www.europesays.com\/fr\/wp-json\/wp\/v2\/tags?post=349421"}],"curies":[{"name":"wp","href":"https:\/\/api.w.org\/{rel}","templated":true}]}}