{"id":349423,"date":"2025-08-28T06:56:11","date_gmt":"2025-08-28T06:56:11","guid":{"rendered":"https:\/\/www.europesays.com\/fr\/349423\/"},"modified":"2025-08-28T06:56:11","modified_gmt":"2025-08-28T06:56:11","slug":"ffa-cest-le-coup-de-coeur-de-notre-chroniqueuse-cine-dans-cette-competition-que-le-palmares-benisse-malik","status":"publish","type":"post","link":"https:\/\/www.europesays.com\/fr\/349423\/","title":{"rendered":"FFA\u00a0: c\u2019est le coup de c\u0153ur de notre chroniqueuse cin\u00e9 dans cette comp\u00e9tition\u00a0; que le palmar\u00e8s b\u00e9nisse Malik\u00a0!"},"content":{"rendered":"<p>            Des sc\u00e8nes tr\u00e8s fortes<\/p>\n<p>Tout commence \u00e0 la mort de la m\u00e8re de Furcy en 1817. Son fils (Makita Samba) d\u00e9couvre qu\u2019elle \u00e9tait affranchie de longue date alors que lui est toujours trait\u00e9 en esclave par son ancien ma\u00eetre (Vincent Macaigne). Instruit, parlant fran\u00e7ais et cr\u00e9ole, il saisit la justice pour obtenir sa libert\u00e9. De proc\u00e8s en proc\u00e8s &#8211; alors que, pendant ce temps, il est emprisonn\u00e9, humili\u00e9 et envoy\u00e9 \u00e0 Maurice pour \u00eatre r\u00e9duit en servitude &#8211; il devra attendre 27\u00a0ans pour obtenir, en France, la libert\u00e9 \u00e0 laquelle il a toujours eu droit (formidable plaidoirie de Romain Duris).<\/p>\n<p>Aujourd\u2019hui Furcy est un symbole de la lutte pour la dignit\u00e9, la libert\u00e9 et la justice des esclaves. Plusieurs lieux portent son nom \u00e0 la R\u00e9union. Pour lui rendre hommage et rendre\u00a0aussi un bel hommage \u00e0 la France, qui peut et doit \u00eatre une terre de libert\u00e9, Malik (on se souvient de \u00ab\u00a0Qu\u2019Allah b\u00e9nisse la France\u00a0\u00bb ) prend des accents Voltairien et Hugolien, tout en proposant des sc\u00e8nes tr\u00e8s fortes, et parfois tr\u00e8s violentes, de vrai cin\u00e9ma. Un engagement artistique n\u00e9cessaire\u00a0qui\u00a0va droit au c\u0153ur en ces temps d\u2019incertitude. \u00c9coutez bien le slam du g\u00e9n\u00e9rique de fin.<\/p>\n<p>Le film dure 1h48 et sortira en salles le 14\u00a0janvier.<\/p>\n","protected":false},"excerpt":{"rendered":"Des sc\u00e8nes tr\u00e8s fortes Tout commence \u00e0 la mort de la m\u00e8re de Furcy en 1817. Son fils&hellip;\n","protected":false},"author":2,"featured_media":349424,"comment_status":"","ping_status":"","sticky":false,"template":"","format":"standard","meta":{"footnotes":""},"categories":[1354],"tags":[58,59,1346,1011,27,1360],"class_list":{"0":"post-349423","1":"post","2":"type-post","3":"status-publish","4":"format-standard","5":"has-post-thumbnail","7":"category-films","8":"tag-divertissement","9":"tag-entertainment","10":"tag-films","11":"tag-fr","12":"tag-france","13":"tag-movies"},"share_on_mastodon":{"url":"","error":""},"_links":{"self":[{"href":"https:\/\/www.europesays.com\/fr\/wp-json\/wp\/v2\/posts\/349423","targetHints":{"allow":["GET"]}}],"collection":[{"href":"https:\/\/www.europesays.com\/fr\/wp-json\/wp\/v2\/posts"}],"about":[{"href":"https:\/\/www.europesays.com\/fr\/wp-json\/wp\/v2\/types\/post"}],"author":[{"embeddable":true,"href":"https:\/\/www.europesays.com\/fr\/wp-json\/wp\/v2\/users\/2"}],"replies":[{"embeddable":true,"href":"https:\/\/www.europesays.com\/fr\/wp-json\/wp\/v2\/comments?post=349423"}],"version-history":[{"count":0,"href":"https:\/\/www.europesays.com\/fr\/wp-json\/wp\/v2\/posts\/349423\/revisions"}],"wp:featuredmedia":[{"embeddable":true,"href":"https:\/\/www.europesays.com\/fr\/wp-json\/wp\/v2\/media\/349424"}],"wp:attachment":[{"href":"https:\/\/www.europesays.com\/fr\/wp-json\/wp\/v2\/media?parent=349423"}],"wp:term":[{"taxonomy":"category","embeddable":true,"href":"https:\/\/www.europesays.com\/fr\/wp-json\/wp\/v2\/categories?post=349423"},{"taxonomy":"post_tag","embeddable":true,"href":"https:\/\/www.europesays.com\/fr\/wp-json\/wp\/v2\/tags?post=349423"}],"curies":[{"name":"wp","href":"https:\/\/api.w.org\/{rel}","templated":true}]}}