{"id":349435,"date":"2025-08-28T07:02:14","date_gmt":"2025-08-28T07:02:14","guid":{"rendered":"https:\/\/www.europesays.com\/fr\/349435\/"},"modified":"2025-08-28T07:02:14","modified_gmt":"2025-08-28T07:02:14","slug":"kim-jong-un-vladimir-poutine-xi-jinping-la-chine-annonce-reunir-ses-plus-fideles-allies-pour-une-occasion-historique","status":"publish","type":"post","link":"https:\/\/www.europesays.com\/fr\/349435\/","title":{"rendered":"Kim Jong Un, Vladimir Poutine, Xi Jinping&#8230; La Chine annonce r\u00e9unir ses plus fid\u00e8les alli\u00e9s pour une occasion historique"},"content":{"rendered":"<p>  \tKim Jong Un se rendra \u00e0 P\u00e9kin le 3 septembre pour assister au d\u00e9fil\u00e9 militaire marquant les 80 ans de la fin de la Seconde Guerre mondiale, a annonc\u00e9 la Chine. Ce sera sa premi\u00e8re visite depuis 2019. Vladimir Poutine est aussi attendu.<\/p>\n<p>&#13;<br \/>\n&#13;<\/p>\n<p>Le dirigeant nord-cor\u00e9en Kim Jong Un assistera le 3 septembre \u00e0 P\u00e9kin \u00e0 un d\u00e9fil\u00e9 militaire g\u00e9ant organis\u00e9 pour les 80 ans de la fin de la Seconde Guerre mondiale, effectuant chez le voisin et alli\u00e9 chinois une rare sortie hors de son pays.<\/p>\n<p>La pr\u00e9sence de Kim Jong Un a \u00e9t\u00e9 annonc\u00e9e jeudi par un haut responsable du minist\u00e8re chinois des Affaires \u00e9trang\u00e8res avec celle de 25 autres dirigeants \u00e9trangers, dont les pr\u00e9sidents russe, iranien et bi\u00e9lorusse.<\/p>\n<p>&#13;<br \/>\n&#13;<\/p>\n<p>&#13;<br \/>\n&#13;<\/p>\n<p>L\u2019agence officielle nord-cor\u00e9enne KCNA a confirm\u00e9 la pr\u00e9sence de Kim Jong Un aux \u00abc\u00e9l\u00e9brations du 80e anniversaire de la victoire de la guerre de r\u00e9sistance du peuple chinois contre l\u2019agression japonaise et de la guerre mondiale contre le fascisme\u00bb.<\/p>\n<p>Ce sera la premi\u00e8re visite de Kim Jong Un en Chine depuis janvier 2019 et sa premi\u00e8re \u00e0 l\u2019\u00e9tranger depuis celle effectu\u00e9e en septembre 2023 \u00e0 Vladivostok, en Russie, \u00e0 l\u2019invitation du pr\u00e9sident Vladimir Poutine dont il est devenu un des principaux alli\u00e9 dans la guerre d\u2019Ukraine.<\/p>\n<p>Au total, Kim Jong Un n\u2019a effectu\u00e9 qu\u2019une dizaine de d\u00e9placements hors de son pays depuis son accession au pouvoir en 2012, dont quatre en Chine, o\u00f9 il avait effectu\u00e9 sa premi\u00e8re visite officielle \u00e0 l\u2019\u00e9tranger en mars 2018.<\/p>\n<p>&#13;<br \/>\n&#13;<\/p>\n<p>&#13;<br \/>\n&#13;<\/p>\n<p>Kim Jong Un a effectu\u00e9 ses derniers voyages \u00e0 bord d\u2019un train blind\u00e9 vert olive barr\u00e9 d\u2019un lis\u00e9r\u00e9 jaune, des d\u00e9placements entour\u00e9s d\u2019un grand secret et accompagn\u00e9s d\u2019un d\u00e9ploiement s\u00e9curitaire exceptionnel.<\/p>\n<p>\u00abAmiti\u00e9 traditionnelle\u00bb<\/p>\n<p>Malgr\u00e9 des p\u00e9riodes de tensions dues \u00e0 l\u2019agacement de P\u00e9kin devant les retomb\u00e9es de la course de Pyongyang \u00e0 l\u2019armement nucl\u00e9aire et balistique, la Cor\u00e9e du Nord et la Chine entretiennent d\u2019\u00e9troites relations dont les racines plongent dans les champs de bataille de la Guerre de Cor\u00e9e (1950-1953). La Chine apporte son soutien diplomatique, politique et \u00e9conomique \u00e0 la Cor\u00e9e du Nord, soumise \u00e0 de lourdes sanctions internationales.<\/p>\n<p>La Chine a pour \u00abferme position\u00bb de d\u00e9velopper \u00abl\u2019amiti\u00e9 traditionnelle\u00bb avec la Cor\u00e9e du Nord, a dit \u00e0 la presse un haut responsable des Affaires \u00e9trang\u00e8res chinoises, Hong Lei.<\/p>\n<p>Avec le d\u00e9fil\u00e9 sur l\u2019avenue longeant la place Tiananmen, la Chine entend exalter le souvenir de la victoire contre l\u2019imp\u00e9rialisme et faire la d\u00e9monstration de sa puissance militaire aux yeux du monde.<\/p>\n<p>Kim Jong Un verra \u00e0 cette occasion les nouveaux armements que la Chine ainsi que les \u00e9volutions minutieusement synchronis\u00e9es des troupes au sol, des formations de chars et des escadrilles a\u00e9riennes.<\/p>\n<p>Relations tendues<\/p>\n<p>Le d\u00e9fil\u00e9 conclura une s\u00e9quence au cours de laquelle la Chine accueillera dimanche et lundi une vingtaine de dirigeants \u00e9trangers pour le sommet de l\u2019Organisation de coop\u00e9ration de Shanghai (OCS), o\u00f9 elle s\u2019emploiera \u00e0 promouvoir une gouvernance mondiale alternative \u00e0 celle des Occidentaux, dans une p\u00e9riode de tensions strat\u00e9giques et commerciales.<\/p>\n<p>\u00abLe peuple chinois, avec les peuples de toutes les nations, d\u00e9fendra fermement les acquis de la victoire de la Seconde Guerre mondiale\u00bb, a dit le haut responsable des Affaires \u00e9trang\u00e8res chinoises.<\/p>\n<p>  &#13;<br \/>\n  \u00c0 lire aussi&#13;<br \/>\n  &#13;<\/p>\n<p>  <img decoding=\"async\" data-copyright=\"AFP\" class=\"r-img\"  typeof=\"foaf:Image\" src=\"https:\/\/www.europesays.com\/fr\/wp-content\/uploads\/2025\/08\/47629490.jpeg\" alt=\"Belgaimage-131494318.jpg\"\/><br \/>\n        <a class=\"r-stories--link\" href=\"https:\/\/www.rtl.be\/actu\/monde\/international\/guerre-en-ukraine-des-negociateurs-de-zelensky-new-york-ce-vendredi-pour\/2025-08-27\/article\/761392\" rel=\"nofollow noopener\" target=\"_blank\">Guerre en Ukraine\u00a0: des n\u00e9gociateurs de Zelensky \u00e0 New York ce vendredi pour rencontrer des repr\u00e9sentants de Trump<\/a>&#13;<br \/>\n  &#13;<br \/>\n&#13;<\/p>\n<p>\u00abLa situation internationale est marqu\u00e9e actuellement \u00e0 la fois par les turbulences et les changements, et les atteintes \u00e0 la paix mondiale continuent \u00e0 augmenter\u00bb, a-t-il soulign\u00e9.<\/p>\n<p>La Cor\u00e9e du Nord, la Chine et nombre de participants au sommet du week-end, dont la Russie ou l\u2019Iran, ont \u00e0 des degr\u00e9s divers des relations tendues avec les pays occidentaux.<\/p>\n<p>La visite de Kim Jong Un, qui ne participera pas au sommet, envoie le message que \u00ables Etats-Unis n\u2019arriveront pas \u00e0 les forcer \u00e0 la soumission\u00bb, dit Chong Ja Ian, enseignant en sciences politiques \u00e0 l\u2019Universit\u00e9 nationale de Singapour.<\/p>\n<p>&#13;<br \/>\n&#13;<\/p>\n<p>&#13;<br \/>\n&#13;<\/p>\n","protected":false},"excerpt":{"rendered":"Kim Jong Un se rendra \u00e0 P\u00e9kin le 3 septembre pour assister au d\u00e9fil\u00e9 militaire marquant les 80&hellip;\n","protected":false},"author":2,"featured_media":349436,"comment_status":"","ping_status":"","sticky":false,"template":"","format":"standard","meta":{"footnotes":""},"categories":[5],"tags":[29950,11,1011,27,14,12,28],"class_list":{"0":"post-349435","1":"post","2":"type-post","3":"status-publish","4":"format-standard","5":"has-post-thumbnail","7":"category-international","8":"tag-nodefield_freetags","9":"tag-actualites","10":"tag-fr","11":"tag-france","12":"tag-international","13":"tag-news","14":"tag-world"},"share_on_mastodon":{"url":"https:\/\/pubeurope.com\/@fr\/115105113331888954","error":""},"_links":{"self":[{"href":"https:\/\/www.europesays.com\/fr\/wp-json\/wp\/v2\/posts\/349435","targetHints":{"allow":["GET"]}}],"collection":[{"href":"https:\/\/www.europesays.com\/fr\/wp-json\/wp\/v2\/posts"}],"about":[{"href":"https:\/\/www.europesays.com\/fr\/wp-json\/wp\/v2\/types\/post"}],"author":[{"embeddable":true,"href":"https:\/\/www.europesays.com\/fr\/wp-json\/wp\/v2\/users\/2"}],"replies":[{"embeddable":true,"href":"https:\/\/www.europesays.com\/fr\/wp-json\/wp\/v2\/comments?post=349435"}],"version-history":[{"count":0,"href":"https:\/\/www.europesays.com\/fr\/wp-json\/wp\/v2\/posts\/349435\/revisions"}],"wp:featuredmedia":[{"embeddable":true,"href":"https:\/\/www.europesays.com\/fr\/wp-json\/wp\/v2\/media\/349436"}],"wp:attachment":[{"href":"https:\/\/www.europesays.com\/fr\/wp-json\/wp\/v2\/media?parent=349435"}],"wp:term":[{"taxonomy":"category","embeddable":true,"href":"https:\/\/www.europesays.com\/fr\/wp-json\/wp\/v2\/categories?post=349435"},{"taxonomy":"post_tag","embeddable":true,"href":"https:\/\/www.europesays.com\/fr\/wp-json\/wp\/v2\/tags?post=349435"}],"curies":[{"name":"wp","href":"https:\/\/api.w.org\/{rel}","templated":true}]}}