{"id":349442,"date":"2025-08-28T07:06:10","date_gmt":"2025-08-28T07:06:10","guid":{"rendered":"https:\/\/www.europesays.com\/fr\/349442\/"},"modified":"2025-08-28T07:06:10","modified_gmt":"2025-08-28T07:06:10","slug":"saint-etienne-ils-nont-jamais-couru-et-vont-faire-lultra-trail-du-mont-blanc-pour-une-etude-medicale","status":"publish","type":"post","link":"https:\/\/www.europesays.com\/fr\/349442\/","title":{"rendered":"Saint-\u00c9tienne. Ils n\u2019ont jamais couru et vont faire l&rsquo;Ultra-Trail du Mont Blanc pour une \u00e9tude m\u00e9dicale"},"content":{"rendered":"<p>Vingt femmes et 20 hommes, \u00e2g\u00e9s de 25 \u00e0 50 ans, vont courir, dans dix-huit mois, la CCC. Comprendre\u00a0: la Courmayeur-Champex-Chamonix, une course de 100\u00a0km avec un d\u00e9nivel\u00e9 positif d\u2019environ 6150 m\u00e8tres <a href=\"https:\/\/www.leprogres.fr\/videos\/a-27-et-49-ans-ils-se-lancent-dans-le-defi-de-l-utmb-30szsmf\" target=\"_blank\" rel=\"nofollow noopener\">qui fait partie de l\u2019Ultra-Trail du Mont-Blanc<\/a>, le plus prestigieux au monde de la discipline.<\/p>\n<p>Ces participants n\u2019auront, avant ces dix-huit mois, presque jamais chauss\u00e9 de baskets pour aller cavaler dans des chemins ou sur le bitume. \u00ab\u00a0On va recruter des candidats de toute la France, des gens totalement s\u00e9dentaires, incapables aujourd\u2019hui de courir 1 kilom\u00e8tre\u00a0\u00bb, explique le Pr  Guillaume Millet. \u00ab\u00a0M\u00eame quelqu\u2019un qui emprunte son v\u00e9lo pour rejoindre son lieu professionnel sera disqualifi\u00e9. L\u2019id\u00e9e est de partir de z\u00e9ro.\u00a0\u00bb<\/p>\n<p>\u00ab\u00a0L\u2019occasion de changer de vie, de r\u00e9aliser un&#8230;                        <\/p>\n","protected":false},"excerpt":{"rendered":"Vingt femmes et 20 hommes, \u00e2g\u00e9s de 25 \u00e0 50 ans, vont courir, dans dix-huit mois, la CCC.&hellip;\n","protected":false},"author":2,"featured_media":349443,"comment_status":"","ping_status":"","sticky":false,"template":"","format":"standard","meta":{"footnotes":""},"categories":[9653],"tags":[1111,11,2430,7539,1777,674,107,1011,27,3367,12,25,4001,7538,6187],"class_list":{"0":"post-349442","1":"post","2":"type-post","3":"status-publish","4":"format-standard","5":"has-post-thumbnail","7":"category-saint-etienne","8":"tag-actu","9":"tag-actualites","10":"tag-auvergne-rhone-alpes","11":"tag-edition-loire-sud","12":"tag-eu","13":"tag-europe","14":"tag-fil-info","15":"tag-fr","16":"tag-france","17":"tag-loire","18":"tag-news","19":"tag-republique-francaise","20":"tag-saint-etienne","21":"tag-saint-etienne-ville","22":"tag-trail"},"share_on_mastodon":{"url":"https:\/\/pubeurope.com\/@fr\/115105129183341218","error":""},"_links":{"self":[{"href":"https:\/\/www.europesays.com\/fr\/wp-json\/wp\/v2\/posts\/349442","targetHints":{"allow":["GET"]}}],"collection":[{"href":"https:\/\/www.europesays.com\/fr\/wp-json\/wp\/v2\/posts"}],"about":[{"href":"https:\/\/www.europesays.com\/fr\/wp-json\/wp\/v2\/types\/post"}],"author":[{"embeddable":true,"href":"https:\/\/www.europesays.com\/fr\/wp-json\/wp\/v2\/users\/2"}],"replies":[{"embeddable":true,"href":"https:\/\/www.europesays.com\/fr\/wp-json\/wp\/v2\/comments?post=349442"}],"version-history":[{"count":0,"href":"https:\/\/www.europesays.com\/fr\/wp-json\/wp\/v2\/posts\/349442\/revisions"}],"wp:featuredmedia":[{"embeddable":true,"href":"https:\/\/www.europesays.com\/fr\/wp-json\/wp\/v2\/media\/349443"}],"wp:attachment":[{"href":"https:\/\/www.europesays.com\/fr\/wp-json\/wp\/v2\/media?parent=349442"}],"wp:term":[{"taxonomy":"category","embeddable":true,"href":"https:\/\/www.europesays.com\/fr\/wp-json\/wp\/v2\/categories?post=349442"},{"taxonomy":"post_tag","embeddable":true,"href":"https:\/\/www.europesays.com\/fr\/wp-json\/wp\/v2\/tags?post=349442"}],"curies":[{"name":"wp","href":"https:\/\/api.w.org\/{rel}","templated":true}]}}