{"id":349449,"date":"2025-08-28T07:10:17","date_gmt":"2025-08-28T07:10:17","guid":{"rendered":"https:\/\/www.europesays.com\/fr\/349449\/"},"modified":"2025-08-28T07:10:17","modified_gmt":"2025-08-28T07:10:17","slug":"le-musee-national-de-la-marine-a-toulon-gardien-de-lhistoire-maritime-francaise","status":"publish","type":"post","link":"https:\/\/www.europesays.com\/fr\/349449\/","title":{"rendered":"Le Mus\u00e9e National de la Marine \u00e0 Toulon, gardien de l\u2019histoire maritime fran\u00e7aise"},"content":{"rendered":"<p>\u00c0 Toulon, le Mus\u00e9e National de la Marine retrace l\u2019histoire maritime fran\u00e7aise au c\u0153ur du plus grand port militaire de M\u00e9diterran\u00e9e.<\/p>\n<p><img fetchpriority=\"high\" decoding=\"async\" width=\"1024\" height=\"1024\" alt=\"Mus\u00e9e National de la Marine Toulon histoire maritime Mus\u00e9e Gueules Rouges Tourves bauxite Mus\u00e9e arch\u00e9ologique Saint-Rapha\u00ebl histoire pr\u00e9histoire\" title=\"logo mus\u00e9e IA var actu\" src=\"https:\/\/www.europesays.com\/fr\/wp-content\/uploads\/2025\/08\/logo-musee-IA-var-actu.jpg\" class=\"img-responsive wp-image-74345\"\/><\/p>\n<p>Mus\u00e9e National de la Marine Toulon\u00a0 \u2013 CREDIT : image IA<\/p>\n<p data-start=\"87\" data-end=\"432\">Situ\u00e9 \u00e0 l\u2019entr\u00e9e de l\u2019arsenal de Toulon, le Mus\u00e9e National de la Marine incarne la m\u00e9moire vivante de l\u2019un des plus grands ports militaires de France. \u00c0 travers une collection exceptionnelle de maquettes, \u2026<\/p>\n<p>Lire la suite dans l\u2019article <a href=\"https:\/\/www.varactu.fr\/le-musee-national-de-la-marine-a-toulon-gardien-de-lhistoire-maritime-francaise\/\" rel=\"nofollow noopener\" target=\"_blank\">Le Mus\u00e9e National de la Marine \u00e0 Toulon, gardien de l\u2019histoire maritime fran\u00e7aise<\/a> qui est apparu en premier sur <a href=\"https:\/\/www.varactu.fr\" rel=\"nofollow noopener\" target=\"_blank\">Var Actu<\/a>.<\/p>\n","protected":false},"excerpt":{"rendered":"\u00c0 Toulon, le Mus\u00e9e National de la Marine retrace l\u2019histoire maritime fran\u00e7aise au c\u0153ur du plus grand port&hellip;\n","protected":false},"author":2,"featured_media":349450,"comment_status":"","ping_status":"","sticky":false,"template":"","format":"standard","meta":{"footnotes":""},"categories":[9619],"tags":[1111,11,1777,674,1011,27,12,882,25,2310],"class_list":{"0":"post-349449","1":"post","2":"type-post","3":"status-publish","4":"format-standard","5":"has-post-thumbnail","7":"category-toulon","8":"tag-actu","9":"tag-actualites","10":"tag-eu","11":"tag-europe","12":"tag-fr","13":"tag-france","14":"tag-news","15":"tag-provence-alpes-cote-dazur","16":"tag-republique-francaise","17":"tag-toulon"},"share_on_mastodon":{"url":"https:\/\/pubeurope.com\/@fr\/115105144876999810","error":""},"_links":{"self":[{"href":"https:\/\/www.europesays.com\/fr\/wp-json\/wp\/v2\/posts\/349449","targetHints":{"allow":["GET"]}}],"collection":[{"href":"https:\/\/www.europesays.com\/fr\/wp-json\/wp\/v2\/posts"}],"about":[{"href":"https:\/\/www.europesays.com\/fr\/wp-json\/wp\/v2\/types\/post"}],"author":[{"embeddable":true,"href":"https:\/\/www.europesays.com\/fr\/wp-json\/wp\/v2\/users\/2"}],"replies":[{"embeddable":true,"href":"https:\/\/www.europesays.com\/fr\/wp-json\/wp\/v2\/comments?post=349449"}],"version-history":[{"count":0,"href":"https:\/\/www.europesays.com\/fr\/wp-json\/wp\/v2\/posts\/349449\/revisions"}],"wp:featuredmedia":[{"embeddable":true,"href":"https:\/\/www.europesays.com\/fr\/wp-json\/wp\/v2\/media\/349450"}],"wp:attachment":[{"href":"https:\/\/www.europesays.com\/fr\/wp-json\/wp\/v2\/media?parent=349449"}],"wp:term":[{"taxonomy":"category","embeddable":true,"href":"https:\/\/www.europesays.com\/fr\/wp-json\/wp\/v2\/categories?post=349449"},{"taxonomy":"post_tag","embeddable":true,"href":"https:\/\/www.europesays.com\/fr\/wp-json\/wp\/v2\/tags?post=349449"}],"curies":[{"name":"wp","href":"https:\/\/api.w.org\/{rel}","templated":true}]}}