{"id":349455,"date":"2025-08-28T07:13:14","date_gmt":"2025-08-28T07:13:14","guid":{"rendered":"https:\/\/www.europesays.com\/fr\/349455\/"},"modified":"2025-08-28T07:13:14","modified_gmt":"2025-08-28T07:13:14","slug":"pour-les-50-ans-de-radio-france-la-poste-edite-un-timbre-special-en-vente-en-avant-premiere-a-rouen","status":"publish","type":"post","link":"https:\/\/www.europesays.com\/fr\/349455\/","title":{"rendered":"Pour les 50 ans de Radio France, La Poste \u00e9dite un timbre sp\u00e9cial en vente en avant-premi\u00e8re \u00e0 Rouen"},"content":{"rendered":"<p>\u00c0 l&rsquo;occasion des 50 ans de Radio France, la maison-m\u00e8re d&rsquo;ici Normandie, La Poste \u00e9dite un timbre sp\u00e9cial \u00e9voquant un demi-si\u00e8cle d&rsquo;engagement, d&rsquo;\u00e9motions et d&rsquo;innovations du groupe des radios publiques. Ce timbre est en vente en avant-premi\u00e8re \u00e0 Rouen vendredi 29 et samedi 30 ao\u00fbt.<\/p>\n<p>Radio France, le groupe des radios publiques qui est la maison-m\u00e8re du r\u00e9seau ICI (dont fait partie ICI Normandie), mais aussi France Inter, Info, Culture, FIP et Mouv, f\u00eate ses 50 ans en 2025. \u00c0 cette occasion, la filiale de La Poste,\u00a0<a target=\"_blank\" rel=\"nofollow noopener noreferrer\" class=\"IciLink ici-link IciArticleLink g-ici-body-regular-1 underline brand svelte-lu7k6w\" href=\"https:\/\/philamairie.laposte.fr\/presentation\">Philaposte<\/a>, \u00e9met un bloc d&rsquo;un timbre sp\u00e9cial dans sa s\u00e9rie M\u00e9dias.<\/p>\n<p>Ce timbre a \u00e9t\u00e9 cr\u00e9\u00e9 par Ugo Gattoni. Son \u00ab\u00a0univers fantasmagorique\u00a0\u00bb lui a permis d&rsquo;illustrer <strong>toutes les facettes de Radio France<\/strong>, maison de radios, d&rsquo;orchestres et de ch\u0153urs, qui accompagne et cr\u00e9e du lien social entre les Fran\u00e7ais depuis un demi-si\u00e8cle. Il a voulu traduire \u00e0 travers son illustration 50 ans d&rsquo;engagement, d&rsquo;\u00e9motions et d&rsquo;innovations.<\/p>\n<p>\u00ab\u00a0La radio et la musique personnifi\u00e9es surfant sur l\u2019\u00e9coutille, signe distinctif du logo de Radio France, entour\u00e9es d\u2019ondes. Un auditeur face \u00e0 une oreille incandescente, symbole de l\u2019\u00e9coute, au c\u0153ur d\u2019une France stylis\u00e9e. Et la c\u00e9l\u00e8bre Maison de la Radio et de la Musique comme terrain de jeu. C\u2019est \u00e0 travers ces marqueurs forts et son univers fantasmagorique qu\u2019Ugo Gattoni illustre l\u2019entreprise Radio France sur ce timbre c\u00e9l\u00e9brant ses 50 ans\u00a0\u00bb, peut-on lire dans le communiqu\u00e9 de La Poste.<\/p>\n<p><strong>330.000 blocs ont \u00e9t\u00e9 \u00e9mis.<\/strong> Une animation-vente en avant-premi\u00e8re se tiendra au <strong>bureau de Poste de la rue Jeanne-d&rsquo;Arc<\/strong> de Rouen vendredi 29 ao\u00fbt de 9h30 \u00e0 18 heures et samedi 30 ao\u00fbt de 9h30 \u00e0 12h30.<\/p>\n","protected":false},"excerpt":{"rendered":"\u00c0 l&rsquo;occasion des 50 ans de Radio France, la maison-m\u00e8re d&rsquo;ici Normandie, La Poste \u00e9dite un timbre sp\u00e9cial&hellip;\n","protected":false},"author":2,"featured_media":349456,"comment_status":"","ping_status":"","sticky":false,"template":"","format":"standard","meta":{"footnotes":""},"categories":[9587],"tags":[1111,11,1777,674,1011,27,12,5161,25,9590],"class_list":{"0":"post-349455","1":"post","2":"type-post","3":"status-publish","4":"format-standard","5":"has-post-thumbnail","7":"category-rouen","8":"tag-actu","9":"tag-actualites","10":"tag-eu","11":"tag-europe","12":"tag-fr","13":"tag-france","14":"tag-news","15":"tag-normandie","16":"tag-republique-francaise","17":"tag-rouen"},"share_on_mastodon":{"url":"https:\/\/pubeurope.com\/@fr\/115105156447113738","error":""},"_links":{"self":[{"href":"https:\/\/www.europesays.com\/fr\/wp-json\/wp\/v2\/posts\/349455","targetHints":{"allow":["GET"]}}],"collection":[{"href":"https:\/\/www.europesays.com\/fr\/wp-json\/wp\/v2\/posts"}],"about":[{"href":"https:\/\/www.europesays.com\/fr\/wp-json\/wp\/v2\/types\/post"}],"author":[{"embeddable":true,"href":"https:\/\/www.europesays.com\/fr\/wp-json\/wp\/v2\/users\/2"}],"replies":[{"embeddable":true,"href":"https:\/\/www.europesays.com\/fr\/wp-json\/wp\/v2\/comments?post=349455"}],"version-history":[{"count":0,"href":"https:\/\/www.europesays.com\/fr\/wp-json\/wp\/v2\/posts\/349455\/revisions"}],"wp:featuredmedia":[{"embeddable":true,"href":"https:\/\/www.europesays.com\/fr\/wp-json\/wp\/v2\/media\/349456"}],"wp:attachment":[{"href":"https:\/\/www.europesays.com\/fr\/wp-json\/wp\/v2\/media?parent=349455"}],"wp:term":[{"taxonomy":"category","embeddable":true,"href":"https:\/\/www.europesays.com\/fr\/wp-json\/wp\/v2\/categories?post=349455"},{"taxonomy":"post_tag","embeddable":true,"href":"https:\/\/www.europesays.com\/fr\/wp-json\/wp\/v2\/tags?post=349455"}],"curies":[{"name":"wp","href":"https:\/\/api.w.org\/{rel}","templated":true}]}}