{"id":349457,"date":"2025-08-28T07:17:11","date_gmt":"2025-08-28T07:17:11","guid":{"rendered":"https:\/\/www.europesays.com\/fr\/349457\/"},"modified":"2025-08-28T07:17:11","modified_gmt":"2025-08-28T07:17:11","slug":"a-grenoble-les-vacances-pour-toutes-et-tous","status":"publish","type":"post","link":"https:\/\/www.europesays.com\/fr\/349457\/","title":{"rendered":"\u00e0 Grenoble les vacances pour toutes et tous."},"content":{"rendered":"<p>\u00c0 l\u2019heure o\u00f9 les in\u00e9galit\u00e9s d\u2019acc\u00e8s aux loisirs et \u00e0 la culture s\u2019aggravent partout en France, Grenoble a choisi une autre voie\u202f: celle de la g\u00e9n\u00e9rosit\u00e9, de l\u2019ouverture et du droit au bonheur pour toutes et tous. Avec L\u2019\u00c9t\u00e9 Oh! Parcs, la Municipalit\u00e9 a transform\u00e9 ses espaces verts en v\u00e9ritables agoras citoyennes, o\u00f9 le sport, la culture, la d\u00e9tente et la convivialit\u00e9 ont \u00e9t\u00e9 offerts gratuitement \u00e0 l\u2019ensemble des habitant-es.<\/p>\n<p><img fetchpriority=\"high\" decoding=\"async\" class=\"wp-image-5461 aligncenter\" src=\"data:image\/svg+xml,%3Csvg%20xmlns=\" http:=\"\" alt=\"\" width=\"1033\" height=\"754\" data-lazy-src=\"https:\/\/www.europesays.com\/fr\/wp-content\/uploads\/2025\/08\/photo_5_2025-08-27_11-06-29-e1756285637179-300x219.jpg\"\/><\/p>\n<p>Des activit\u00e9s pour tous les go\u00fbts<\/p>\n<p>Du 10 juillet au 27 ao\u00fbt 2025, le Parc Paul\u2011Mistral et le Parc des Champs\u2011\u00c9lys\u00e9es ont vibr\u00e9 au rythme d\u2019une programmation aussi riche que vari\u00e9e. Les animations sportives ont permis de d\u00e9couvrir ou de pratiquer l\u2019escalade, le kayak, le badminton, le volley ou encore l\u2019athl\u00e9tisme, sous la conduite d\u2019\u00e9ducateur-ices sportif-ves attentif-ves et bienveillant-es, et se sont adress\u00e9es aussi bien aux enfants qu\u2019aux adultes, aux d\u00e9butant-es qu\u2019aux confirm\u00e9-es. Les ateliers cr\u00e9atifs ont invit\u00e9 \u00e0 s\u2019initier au cirque, \u00e0 la peinture, \u00e0 la danse, au th\u00e9\u00e2tre, \u00e0 la couture ou encore \u00e0 la poterie, permettant \u00e0 chacun-e d\u2019exprimer son imagination et de d\u00e9velopper ses talents.<\/p>\n<p>\u00a0<\/p>\n<p>Un \u00e9v\u00e8nement pour tous les \u00e2ges<\/p>\n<p>Les plus jeunes ont profit\u00e9 des jeux d\u2019eau et des structures gonflables pour se rafra\u00eechir et rire en famille, tandis que les grands jeux collectifs comme la p\u00e9tanque, le m\u00f6lkky ou les jeux de soci\u00e9t\u00e9 g\u00e9ants ont favoris\u00e9 les \u00e9changes entre g\u00e9n\u00e9rations et cultures. Les curieux-euses de nature et de science ont particip\u00e9 \u00e0 des s\u00e9ances d\u2019observation du ciel, \u00e0 des ateliers sur la biodiversit\u00e9, le jardinage urbain ou le compostage, renfor\u00e7ant ainsi leur lien avec l\u2019environnement. Les soir\u00e9es cin\u00e9ma en plein air ont propos\u00e9 une programmation \u00e0 la fois exigeante et populaire, avec par exemple Les Hirondelles de Kaboul ou Simone, le voyage du si\u00e8cle, offrant \u00e0 toutes et tous la magie d\u2019une projection sous les \u00e9toiles.<\/p>\n<p>\u00a0<\/p>\n<p>Plus de justice sociale pour les Grenoblois-es<\/p>\n<p>Cette diversit\u00e9 d\u2019activit\u00e9s a illustr\u00e9 la volont\u00e9 politique de la Municipalit\u00e9\u202f: faire de l\u2019espace public un v\u00e9ritable bien commun, accessible \u00e0 toutes et \u00e0 tous, et affirmer que chaque citoyen-ne, quel que soit son \u00e2ge, son revenu ou son parcours, doit pouvoir acc\u00e9der \u00e0 la culture, au sport et \u00e0 la nature. En travaillant main dans la main avec les associations locales et en mobilisant les acteurs de terrain, Grenoble a fait de cet \u00e9t\u00e9 un moment de solidarit\u00e9 et de partage, o\u00f9 s\u2019est construite pas \u00e0 pas une ville plus juste, plus ouverte et plus fraternelle.<\/p>\n<p>\u00a0<\/p>\n<p><b>Grenoble d\u00e9fend le droit aux vacances<\/b><\/p>\n<p>\u00c0 Grenoble, l\u2019\u00e9t\u00e9 n\u2019est pas un luxe\u202f: c\u2019est un droit. Et L\u2019\u00c9t\u00e9 Oh! Parcs en a \u00e9t\u00e9 une belle preuve. En cet fin d\u2019\u00e9t\u00e9, les derni\u00e8res animations s\u2019\u00e9teignent et les parcs retrouvent leur calme, mais il reste quelque chose de pr\u00e9cieux\u202f: des souvenirs partag\u00e9s, des rencontres inattendues, des rires d\u2019enfants et des amiti\u00e9s naissantes. Plus qu\u2019un simple rendez-vous estival, L\u2019\u00c9t\u00e9 Oh! Parcs 2025 laisse derri\u00e8re lui une empreinte humaine et solidaire qui continuera de faire vibrer la ville bien apr\u00e8s la fin de la saison.<\/p>\n<p>\u00a0<\/p>\n<p>\u00a0<\/p>\n","protected":false},"excerpt":{"rendered":"\u00c0 l\u2019heure o\u00f9 les in\u00e9galit\u00e9s d\u2019acc\u00e8s aux loisirs et \u00e0 la culture s\u2019aggravent partout en France, Grenoble a&hellip;\n","protected":false},"author":2,"featured_media":349458,"comment_status":"","ping_status":"","sticky":false,"template":"","format":"standard","meta":{"footnotes":""},"categories":[9566],"tags":[1111,11,2430,1777,674,1011,27,2731,12,25],"class_list":{"0":"post-349457","1":"post","2":"type-post","3":"status-publish","4":"format-standard","5":"has-post-thumbnail","7":"category-grenoble","8":"tag-actu","9":"tag-actualites","10":"tag-auvergne-rhone-alpes","11":"tag-eu","12":"tag-europe","13":"tag-fr","14":"tag-france","15":"tag-grenoble","16":"tag-news","17":"tag-republique-francaise"},"share_on_mastodon":{"url":"https:\/\/pubeurope.com\/@fr\/115105172259092449","error":""},"_links":{"self":[{"href":"https:\/\/www.europesays.com\/fr\/wp-json\/wp\/v2\/posts\/349457","targetHints":{"allow":["GET"]}}],"collection":[{"href":"https:\/\/www.europesays.com\/fr\/wp-json\/wp\/v2\/posts"}],"about":[{"href":"https:\/\/www.europesays.com\/fr\/wp-json\/wp\/v2\/types\/post"}],"author":[{"embeddable":true,"href":"https:\/\/www.europesays.com\/fr\/wp-json\/wp\/v2\/users\/2"}],"replies":[{"embeddable":true,"href":"https:\/\/www.europesays.com\/fr\/wp-json\/wp\/v2\/comments?post=349457"}],"version-history":[{"count":0,"href":"https:\/\/www.europesays.com\/fr\/wp-json\/wp\/v2\/posts\/349457\/revisions"}],"wp:featuredmedia":[{"embeddable":true,"href":"https:\/\/www.europesays.com\/fr\/wp-json\/wp\/v2\/media\/349458"}],"wp:attachment":[{"href":"https:\/\/www.europesays.com\/fr\/wp-json\/wp\/v2\/media?parent=349457"}],"wp:term":[{"taxonomy":"category","embeddable":true,"href":"https:\/\/www.europesays.com\/fr\/wp-json\/wp\/v2\/categories?post=349457"},{"taxonomy":"post_tag","embeddable":true,"href":"https:\/\/www.europesays.com\/fr\/wp-json\/wp\/v2\/tags?post=349457"}],"curies":[{"name":"wp","href":"https:\/\/api.w.org\/{rel}","templated":true}]}}