{"id":349459,"date":"2025-08-28T07:18:20","date_gmt":"2025-08-28T07:18:20","guid":{"rendered":"https:\/\/www.europesays.com\/fr\/349459\/"},"modified":"2025-08-28T07:18:20","modified_gmt":"2025-08-28T07:18:20","slug":"vezin-le-coquet-magie-ventriloquie-et-danse-au-menu-de-la-fete-de-lete","status":"publish","type":"post","link":"https:\/\/www.europesays.com\/fr\/349459\/","title":{"rendered":"Vezin-le-Coquet. Magie, ventriloquie et danse au menu de la f\u00eate de l\u2019\u00e9t\u00e9"},"content":{"rendered":"<p>Cette 5e \u00e9dition de la f\u00eate de l\u2019\u00e9t\u00e9 propos\u00e9 par la commune est compos\u00e9e de deux\u00a0parties. La soir\u00e9e s\u2019ouvrira avec un spectacle d\u2019une heure de magie et de ventriloquie, propos\u00e9 par deux\u00a0artistes reconnus, Anabell O\u2019Connell et Venedig. Leur num\u00e9ro, qui allie po\u00e9sie et humour en interaction avec le public, est propice \u00e0 l\u2019\u00e9merveillement des petits et grands.<\/p>\n<p>La f\u00eate se poursuivra avec des danses bretonnes, propos\u00e9es par l\u2019association locale La Gavotte vezinoise. Andr\u00e9 Balois, animateur danse au sein de cette association, proposera, avec un groupe de danseurs, une d\u00e9monstration d\u2019une douzaine de danses pendant une vingtaine de minutes.<\/p>\n<p>Puis, il ira au milieu des spectateurs pour les inviter \u00e0 danser avec lui. La musique d\u2019accompagnement sera assur\u00e9e par la formation R\u00e9publique diatonique, compos\u00e9e de Patrice Gaudin et de Louis Galardon.<\/p>\n<p>\u00a0C\u2019est un moment privil\u00e9gi\u00e9 de rencontre et de partage pour marquer la fin de l\u2019\u00e9t\u00e9 et d\u00e9buter la rentr\u00e9e. Le programme est destin\u00e9 \u00e0 toutes les g\u00e9n\u00e9rations. C\u2019est aussi un rendez-vous interg\u00e9n\u00e9rationnel qui permet de cr\u00e9er des souvenirs \u00e0 partager ensuite\u00a0\u00bb, indique Gis\u00e8le Huteau,<\/p>\n<p>Vendredi 29\u00a0ao\u00fbt, salle des f\u00eates, \u00e0 17\u00a0h. Entr\u00e9e gratuite<\/p>\n<p>\u00a0<\/p>\n","protected":false},"excerpt":{"rendered":"Cette 5e \u00e9dition de la f\u00eate de l\u2019\u00e9t\u00e9 propos\u00e9 par la commune est compos\u00e9e de deux\u00a0parties. La soir\u00e9e&hellip;\n","protected":false},"author":2,"featured_media":349460,"comment_status":"","ping_status":"","sticky":false,"template":"","format":"standard","meta":{"footnotes":""},"categories":[2821],"tags":[1111,11,829,5972,2883,1777,674,4768,1011,27,29658,11417,12,584,25,48597,15047],"class_list":{"0":"post-349459","1":"post","2":"type-post","3":"status-publish","4":"format-standard","5":"has-post-thumbnail","7":"category-rennes","8":"tag-actu","9":"tag-actualites","10":"tag-bretagne","11":"tag-danse","12":"tag-ete","13":"tag-eu","14":"tag-europe","15":"tag-fete","16":"tag-fr","17":"tag-france","18":"tag-magie","19":"tag-menu","20":"tag-news","21":"tag-rennes","22":"tag-republique-francaise","23":"tag-ventriloquie","24":"tag-vezin-le-coquet"},"share_on_mastodon":{"url":"https:\/\/pubeurope.com\/@fr\/115105176256600244","error":""},"_links":{"self":[{"href":"https:\/\/www.europesays.com\/fr\/wp-json\/wp\/v2\/posts\/349459","targetHints":{"allow":["GET"]}}],"collection":[{"href":"https:\/\/www.europesays.com\/fr\/wp-json\/wp\/v2\/posts"}],"about":[{"href":"https:\/\/www.europesays.com\/fr\/wp-json\/wp\/v2\/types\/post"}],"author":[{"embeddable":true,"href":"https:\/\/www.europesays.com\/fr\/wp-json\/wp\/v2\/users\/2"}],"replies":[{"embeddable":true,"href":"https:\/\/www.europesays.com\/fr\/wp-json\/wp\/v2\/comments?post=349459"}],"version-history":[{"count":0,"href":"https:\/\/www.europesays.com\/fr\/wp-json\/wp\/v2\/posts\/349459\/revisions"}],"wp:featuredmedia":[{"embeddable":true,"href":"https:\/\/www.europesays.com\/fr\/wp-json\/wp\/v2\/media\/349460"}],"wp:attachment":[{"href":"https:\/\/www.europesays.com\/fr\/wp-json\/wp\/v2\/media?parent=349459"}],"wp:term":[{"taxonomy":"category","embeddable":true,"href":"https:\/\/www.europesays.com\/fr\/wp-json\/wp\/v2\/categories?post=349459"},{"taxonomy":"post_tag","embeddable":true,"href":"https:\/\/www.europesays.com\/fr\/wp-json\/wp\/v2\/tags?post=349459"}],"curies":[{"name":"wp","href":"https:\/\/api.w.org\/{rel}","templated":true}]}}