{"id":349464,"date":"2025-08-28T07:21:30","date_gmt":"2025-08-28T07:21:30","guid":{"rendered":"https:\/\/www.europesays.com\/fr\/349464\/"},"modified":"2025-08-28T07:21:30","modified_gmt":"2025-08-28T07:21:30","slug":"eurometropole-de-strasbourg-cinq-communes-du-nord-raccordees-a-un-reseau-de-chaleur-public-dici-2035","status":"publish","type":"post","link":"https:\/\/www.europesays.com\/fr\/349464\/","title":{"rendered":"Eurom\u00e9tropole de Strasbourg. Cinq communes du nord raccord\u00e9es \u00e0 un r\u00e9seau de chaleur public d\u2019ici 2035"},"content":{"rendered":"<p>44\u00a0km de conduites, 110 GWh, l\u2019\u00e9quivalent des besoins de 11\u00a0000 logements\u00a0: d\u2019ici 2035 (*), cinq nouvelles communes de l\u2019Eurom\u00e9tropole vont \u00eatre reli\u00e9es \u00e0 un r\u00e9seau de chaleur. Des communes toutes situ\u00e9es dans le nord, \u00ab\u00a0de forte densit\u00e9, mais pas que\u00a0\u00bb, et surtout \u00ab\u00a0hors de Strasbourg, une premi\u00e8re\u00a0\u00bb, soulignent le conseiller en charge du projet Marc Hoffsess et la pr\u00e9sidente <a href=\"https:\/\/www.dna.fr\/p\/pia-imbs\" target=\"_blank\" rel=\"noopener\">Pia Imbs<\/a>. Il s\u2019agit de Schiltigheim, Bischheim, Hoenheim, Mundolsheim et Souffelweyersheim.<\/p>\n<p>Un r\u00e9seau principal et deux ind\u00e9pendants<\/p>\n<p>Trois r\u00e9seaux vont \u00eatre construits, \u00e0 savoir un principal pour les trois premi\u00e8res communes et deux ind\u00e9pendants pour les deux derni\u00e8res. La chaleur viendra, pr\u00e9sente le directeur g\u00e9n\u00e9ral de l\u2019op\u00e9rateur R\u00e9seaux de chaleur urbain d\u2019Alsace (R-CUA) S\u00e9bastien Marre, d\u2019un \u00ab\u00a0mix \u00e9nerg\u00e9tique local, propre, comp\u00e9titif\u00a0\u00bb. Concr\u00e8tement, dans la premi\u00e8re couronne\u00a0: de quatre sources, dont trois renouvelables (quota de 90\u00a0% en 2031).<\/p>\n<p>Les canalisations seront branch\u00e9es \u00e0 <a href=\"https:\/\/www.dna.fr\/economie\/2021\/01\/07\/la-chaleur-de-recuperation-va-chauffer-les-quartiers-voisins\" target=\"_blank\" rel=\"noopener\">celles du Port autonome de&#8230;<\/a><\/p>\n","protected":false},"excerpt":{"rendered":"44\u00a0km de conduites, 110 GWh, l\u2019\u00e9quivalent des besoins de 11\u00a0000 logements\u00a0: d\u2019ici 2035 (*), cinq nouvelles communes de&hellip;\n","protected":false},"author":2,"featured_media":349465,"comment_status":"","ping_status":"","sticky":false,"template":"","format":"standard","meta":{"footnotes":""},"categories":[2820],"tags":[1111,11,33,2880,893,436,1777,674,107,1011,27,775,693,12,25,640,2879],"class_list":{"0":"post-349464","1":"post","2":"type-post","3":"status-publish","4":"format-standard","5":"has-post-thumbnail","7":"category-strasbourg","8":"tag-actu","9":"tag-actualites","10":"tag-economie","11":"tag-edition-strasbourg","12":"tag-energie","13":"tag-environnement","14":"tag-eu","15":"tag-europe","16":"tag-fil-info","17":"tag-fr","18":"tag-france","19":"tag-grand-est","20":"tag-industrie","21":"tag-news","22":"tag-republique-francaise","23":"tag-strasbourg","24":"tag-strasbourg-ville"},"share_on_mastodon":{"url":"https:\/\/pubeurope.com\/@fr\/115105188079056395","error":""},"_links":{"self":[{"href":"https:\/\/www.europesays.com\/fr\/wp-json\/wp\/v2\/posts\/349464","targetHints":{"allow":["GET"]}}],"collection":[{"href":"https:\/\/www.europesays.com\/fr\/wp-json\/wp\/v2\/posts"}],"about":[{"href":"https:\/\/www.europesays.com\/fr\/wp-json\/wp\/v2\/types\/post"}],"author":[{"embeddable":true,"href":"https:\/\/www.europesays.com\/fr\/wp-json\/wp\/v2\/users\/2"}],"replies":[{"embeddable":true,"href":"https:\/\/www.europesays.com\/fr\/wp-json\/wp\/v2\/comments?post=349464"}],"version-history":[{"count":0,"href":"https:\/\/www.europesays.com\/fr\/wp-json\/wp\/v2\/posts\/349464\/revisions"}],"wp:featuredmedia":[{"embeddable":true,"href":"https:\/\/www.europesays.com\/fr\/wp-json\/wp\/v2\/media\/349465"}],"wp:attachment":[{"href":"https:\/\/www.europesays.com\/fr\/wp-json\/wp\/v2\/media?parent=349464"}],"wp:term":[{"taxonomy":"category","embeddable":true,"href":"https:\/\/www.europesays.com\/fr\/wp-json\/wp\/v2\/categories?post=349464"},{"taxonomy":"post_tag","embeddable":true,"href":"https:\/\/www.europesays.com\/fr\/wp-json\/wp\/v2\/tags?post=349464"}],"curies":[{"name":"wp","href":"https:\/\/api.w.org\/{rel}","templated":true}]}}