{"id":349468,"date":"2025-08-28T07:23:15","date_gmt":"2025-08-28T07:23:15","guid":{"rendered":"https:\/\/www.europesays.com\/fr\/349468\/"},"modified":"2025-08-28T07:23:15","modified_gmt":"2025-08-28T07:23:15","slug":"reprise-du-programme-nice-en-forme-le-1er-septembre-nouvelle-saison-2","status":"publish","type":"post","link":"https:\/\/www.europesays.com\/fr\/349468\/","title":{"rendered":"Reprise du programme \u00ab\u00a0Nice en Forme\u00a0\u00bb le 1er septembre : Nouvelle saison (\u2026)"},"content":{"rendered":"<p>                    <img loading=\"lazy\" decoding=\"async\" src=\"https:\/\/www.europesays.com\/fr\/wp-content\/uploads\/2025\/08\/2e4bf4e0e23365a1b9ab9a2ccdf5ef.png\" class=\"img-responsive post-image\" width=\"680\" height=\"510\" alt=\"Reprise du programme (\u2026)\" title=\"Reprise du programme &quot;Nice en Forme&quot; le 1er septembre : Nouvelle saison sportive ouverte \u00e0 toutes et tous\"\/><\/p>\n<p class=\"chapo\">Le dispositif Nice en forme port\u00e9 par la Maison Sport-Sant\u00e9 de la Ville de Nice propose des s\u00e9ances d\u2019activit\u00e9 physique en plein air, encadr\u00e9es par des \u00e9ducateurs sportifs qualifi\u00e9s, au tarif symbolique de 2 \u20ac par s\u00e9ance.<\/p>\n<p>Pens\u00e9 pour<strong> tous les publics <\/strong> (familles, \u00e9tudiants, actifs, avec ou sans pathologies sous-jacentes et notamment les personnes \u00e9loign\u00e9es de la pratique sportive), Nice en Forme offre\u00a0:<\/p>\n<p>Des s\u00e9ances \u00e0 intensit\u00e9 faible ou mod\u00e9r\u00e9e, adapt\u00e9es aux capacit\u00e9s de chacun,<br class=\"texte\"\/><br \/>\nDes s\u00e9ances sp\u00e9cifiquement d\u00e9di\u00e9es aux familles, afin de favoriser le partage, le bien-\u00eatre collectif et proposer une alternative aux \u00e9crans.<\/p>\n<p>Apr\u00e8s une pause estivale, les activit\u00e9s reprendront le 1er septembre, avec deux nouveaux cr\u00e9neaux\u00a0:<br \/>\n<br \/><b>\u2013<\/b>\u00a0L\u2019un au <strong>Parc Phoenix, <\/strong> avenue des Floralies, tous les vendredis de 12h30 \u00e0 13h15.<br \/>\n<br \/><b>\u2013<\/b>\u00a0L\u2019autre au <strong>Parc Carol de Roumanie<\/strong>, 39 Avenue Val Marie, tous les lundis de 18h30 \u00e0 19h30.<\/p>\n<p>Et toujours les cr\u00e9neaux au <strong>Parc du Ray <\/strong> et au<strong> stade Vauban<\/strong>\u00a0:<br class=\"autobr\"\/><br \/>\n &#8211; Parc du Ray \u2013 Avenue Ernest Lairolle<br class=\"autobr\"\/><br \/>\nMercredi\u00a0: 18h30\u201319h30<br class=\"autobr\"\/><br \/>\nSamedi\u00a0: 10h00\u201311h00 et 11h00\u201312h00<br \/>\n<br \/><b>\u2013<\/b>\u00a0Stade Vauban<br class=\"autobr\"\/><br \/>\nMardi\u00a0: 18h30\u201319h30<br class=\"autobr\"\/><br \/>\nJeudi\u00a0: 18h30\u201319h30<br class=\"autobr\"\/><br \/>\nSamedi\u00a0: 10h00\u201311h00 et 11h00\u201312h00<\/p>\n<p>Comment participer\u00a0?<\/p>\n<p>Il suffit de vous inscrire <a href=\"https:\/\/reservation-sports.nice.fr\/shop\/category\/nice-en-forme-64\" class=\"spip_out\" rel=\"external nofollow noopener\" target=\"_blank\">via la plateforme en ligne<\/a> pour la s\u00e9ance de votre choix\u00a0!<\/p>\n<p>Visuel de Une\u00a0: illustration \u00a9DR<\/p>\n","protected":false},"excerpt":{"rendered":"Le dispositif Nice en forme port\u00e9 par la Maison Sport-Sant\u00e9 de la Ville de Nice propose des s\u00e9ances&hellip;\n","protected":false},"author":2,"featured_media":349467,"comment_status":"","ping_status":"","sticky":false,"template":"","format":"standard","meta":{"footnotes":""},"categories":[2819],"tags":[1111,11,2408,1777,674,1011,27,12,2401,882,25],"class_list":{"0":"post-349468","1":"post","2":"type-post","3":"status-publish","4":"format-standard","5":"has-post-thumbnail","7":"category-nice","8":"tag-actu","9":"tag-actualites","10":"tag-appels-d","11":"tag-eu","12":"tag-europe","13":"tag-fr","14":"tag-france","15":"tag-news","16":"tag-nice","17":"tag-provence-alpes-cote-dazur","18":"tag-republique-francaise"},"share_on_mastodon":{"url":"https:\/\/pubeurope.com\/@fr\/115105196069665834","error":""},"_links":{"self":[{"href":"https:\/\/www.europesays.com\/fr\/wp-json\/wp\/v2\/posts\/349468","targetHints":{"allow":["GET"]}}],"collection":[{"href":"https:\/\/www.europesays.com\/fr\/wp-json\/wp\/v2\/posts"}],"about":[{"href":"https:\/\/www.europesays.com\/fr\/wp-json\/wp\/v2\/types\/post"}],"author":[{"embeddable":true,"href":"https:\/\/www.europesays.com\/fr\/wp-json\/wp\/v2\/users\/2"}],"replies":[{"embeddable":true,"href":"https:\/\/www.europesays.com\/fr\/wp-json\/wp\/v2\/comments?post=349468"}],"version-history":[{"count":0,"href":"https:\/\/www.europesays.com\/fr\/wp-json\/wp\/v2\/posts\/349468\/revisions"}],"wp:featuredmedia":[{"embeddable":true,"href":"https:\/\/www.europesays.com\/fr\/wp-json\/wp\/v2\/media\/349467"}],"wp:attachment":[{"href":"https:\/\/www.europesays.com\/fr\/wp-json\/wp\/v2\/media?parent=349468"}],"wp:term":[{"taxonomy":"category","embeddable":true,"href":"https:\/\/www.europesays.com\/fr\/wp-json\/wp\/v2\/categories?post=349468"},{"taxonomy":"post_tag","embeddable":true,"href":"https:\/\/www.europesays.com\/fr\/wp-json\/wp\/v2\/tags?post=349468"}],"curies":[{"name":"wp","href":"https:\/\/api.w.org\/{rel}","templated":true}]}}