{"id":349471,"date":"2025-08-28T07:25:15","date_gmt":"2025-08-28T07:25:15","guid":{"rendered":"https:\/\/www.europesays.com\/fr\/349471\/"},"modified":"2025-08-28T07:25:15","modified_gmt":"2025-08-28T07:25:15","slug":"gustavo-puerta-qui-es-tu","status":"publish","type":"post","link":"https:\/\/www.europesays.com\/fr\/349471\/","title":{"rendered":"Gustavo Puerta, qui es-tu ?"},"content":{"rendered":"<p><strong>Le <a href=\"https:\/\/www.butfootballclub.fr\/615815-fc-nantes-grande-nouvelle-pour-louis-leroux\/\" rel=\"noopener\" target=\"_blank\">FC Nantes<\/a> s\u2019active en coulisses sur le march\u00e9 des transferts avec un nouvel objectif en vue. Apr\u00e8s l\u2019\u00e9chec du dossier Armel Bella-Kotchap en d\u00e9fense, le club se concentre sur le renfort du milieu. Les Canaris s\u2019int\u00e9ressent \u00e0 Gustavo Puerta, jeune talent du Bayer Leverkusen, pour apporter ce dynamisme tant recherch\u00e9 dans l\u2019entrejeu.<\/strong> <strong>Qui est-il ?<\/strong><\/p>\n<p>Le contexte du mercato nantais<\/p>\n<p>Les ambitions du <a href=\"https:\/\/www.butfootballclub.fr\/615709-fc-nantes-mercato-coup-de-theatre-pour-mohamed-un-nouvel-attaquant-vers-nantes\/\" rel=\"noopener\" target=\"_blank\">FC Nantes<\/a> restent \u00e9lev\u00e9es en ce mercato. Sous la houlette de Luis Castro, le club cherche \u00e0 r\u00e9pondre \u00e0 ses besoins urgents au c\u0153ur du jeu. Le rat\u00e9 avec Bella-Kotchap a renforc\u00e9 l\u2019id\u00e9e qu\u2019il faut agir vite et bien. L\u2019attention du staff se porte d\u00e9sormais sur un profil diff\u00e9rent, tourn\u00e9 vers la Bundesliga o\u00f9 un certain <a href=\"https:\/\/www.butfootballclub.fr\/615807-fc-nantes-mercato-un-milieu-de-bundesliga-dans-le-viseur\/\" rel=\"noopener\" target=\"_blank\">Gustavo Puerta<\/a> attire les regards.<\/p>\n<p>Qui est Gustavo Puerta ?<\/p>\n<p>Gustavo Puerta, 22 ans, est un milieu central colombien dot\u00e9 d\u2019une polyvalence int\u00e9ressante. Pass\u00e9 par Bogot\u00e1 FC, puis 1.FC N\u00fcrnberg et\u00a0<strong>Bayer Leverkusen<\/strong>, il a r\u00e9cemment vu son pr\u00eat \u00e0 Hull City tomber \u00e0 l\u2019eau, suite aux restrictions des Tigers sur le march\u00e9. Le joueur reste sous contrat avec Leverkusen jusqu\u2019en 2028 et poss\u00e8de une valeur marchande de 3,5 millions d\u2019euros en juin 2025.<\/p>\n<p>En 72 matches professionnels, Puerta a inscrit 4 buts et offert 2 passes d\u00e9cisives, preuve de son implication des deux c\u00f4t\u00e9s du terrain. Sa capacit\u00e9 \u00e0 s\u2019adapter \u00e0 plusieurs styles de jeu, en championnat anglais ou allemand, fait aujourd\u2019hui de lui un renfort de choix pour le FC Nantes.<\/p>\n<p>Une vive concurrence pour le Colombien<\/p>\n<p>L\u2019int\u00e9r\u00eat nantais ne passe pas inaper\u00e7u en Europe. Plusieurs clubs surveillent de pr\u00e8s le cas de\u00a0<strong>Gustavo Puerta<\/strong>. Outre les Canaris, le march\u00e9 s\u2019anime autour du Colombien :<\/p>\n<ul class=\"wp-block-list\">\n<li>Schalke 04<\/li>\n<li>Hoffenheim<\/li>\n<li>PAOK Salonique<\/li>\n<li>Copenhague<\/li>\n<\/ul>\n<p>La concurrence est donc importante et l\u2019op\u00e9ration pour attirer Puerta n\u00e9cessitera sans doute de l\u2019audace et de la rapidit\u00e9.<\/p>\n<p>Les prochains enjeux pour le FC Nantes<\/p>\n<p>Cette nouvelle piste venue d\u2019Allemagne met en lumi\u00e8re la capacit\u00e9 du club \u00e0 rebondir apr\u00e8s l\u2019\u00e9chec Bella-Kotchap. Le recrutement de Puerta serait un signal fort pour la suite du mercato. Il permettrait au FC Nantes de s\u2019inscrire dans une dynamique ambitieuse, tout en se positionnant efficacement face \u00e0 la concurrence europ\u00e9enne.<\/p>\n<p>Le dossier Puerta devient prioritaire. Pour les Canaris, l\u2019enjeu est d\u00e9sormais de conclure rapidement afin de ne pas laisser filer un profil aussi prometteur vers d\u2019autres destinations.<\/p>\n","protected":false},"excerpt":{"rendered":"Le FC Nantes s\u2019active en coulisses sur le march\u00e9 des transferts avec un nouvel objectif en vue. Apr\u00e8s&hellip;\n","protected":false},"author":2,"featured_media":349472,"comment_status":"","ping_status":"","sticky":false,"template":"","format":"standard","meta":{"footnotes":""},"categories":[2818],"tags":[1111,11,448,1777,674,63,1011,27,66,3388,766,12,2636,25,10662],"class_list":{"0":"post-349471","1":"post","2":"type-post","3":"status-publish","4":"format-standard","5":"has-post-thumbnail","7":"category-nantes","8":"tag-actu","9":"tag-actualites","10":"tag-champions-league","11":"tag-eu","12":"tag-europe","13":"tag-football","14":"tag-fr","15":"tag-france","16":"tag-ligue-1","17":"tag-matchs","18":"tag-nantes","19":"tag-news","20":"tag-pays-de-la-loire","21":"tag-republique-francaise","22":"tag-transferts"},"share_on_mastodon":{"url":"https:\/\/pubeurope.com\/@fr\/115105203661494054","error":""},"_links":{"self":[{"href":"https:\/\/www.europesays.com\/fr\/wp-json\/wp\/v2\/posts\/349471","targetHints":{"allow":["GET"]}}],"collection":[{"href":"https:\/\/www.europesays.com\/fr\/wp-json\/wp\/v2\/posts"}],"about":[{"href":"https:\/\/www.europesays.com\/fr\/wp-json\/wp\/v2\/types\/post"}],"author":[{"embeddable":true,"href":"https:\/\/www.europesays.com\/fr\/wp-json\/wp\/v2\/users\/2"}],"replies":[{"embeddable":true,"href":"https:\/\/www.europesays.com\/fr\/wp-json\/wp\/v2\/comments?post=349471"}],"version-history":[{"count":0,"href":"https:\/\/www.europesays.com\/fr\/wp-json\/wp\/v2\/posts\/349471\/revisions"}],"wp:featuredmedia":[{"embeddable":true,"href":"https:\/\/www.europesays.com\/fr\/wp-json\/wp\/v2\/media\/349472"}],"wp:attachment":[{"href":"https:\/\/www.europesays.com\/fr\/wp-json\/wp\/v2\/media?parent=349471"}],"wp:term":[{"taxonomy":"category","embeddable":true,"href":"https:\/\/www.europesays.com\/fr\/wp-json\/wp\/v2\/categories?post=349471"},{"taxonomy":"post_tag","embeddable":true,"href":"https:\/\/www.europesays.com\/fr\/wp-json\/wp\/v2\/tags?post=349471"}],"curies":[{"name":"wp","href":"https:\/\/api.w.org\/{rel}","templated":true}]}}