{"id":349475,"date":"2025-08-28T07:27:14","date_gmt":"2025-08-28T07:27:14","guid":{"rendered":"https:\/\/www.europesays.com\/fr\/349475\/"},"modified":"2025-08-28T07:27:14","modified_gmt":"2025-08-28T07:27:14","slug":"chateaubriant-bordeaux-arrete-prefectoral-et-330-supporters-des-girondins-attendus","status":"publish","type":"post","link":"https:\/\/www.europesays.com\/fr\/349475\/","title":{"rendered":"Ch\u00e2teaubriant-Bordeaux : arr\u00eat\u00e9 pr\u00e9fectoral et 330 supporters des Girondins attendus"},"content":{"rendered":"<p><img decoding=\"async\" src=\"https:\/\/www.europesays.com\/fr\/wp-content\/uploads\/2025\/08\/671_bcbd06a5fd91bd1b00313d077e3428fd.png\" alt=\"Ch\u00e2teaubriant-Bordeaux : arr\u00eat\u00e9 pr\u00e9fectoral et 330 supporters des Girondins attendus\" class=\"img-responsive mt-3\"\/><\/p>\n<p class=\"text-center mb-3\" style=\"font-size: 14px\">\u00a9 Iconsport<\/p>\n<p>      <strong>Encadrement strict et interdiction de stade<\/strong><\/p>\n<p style=\"text-align: justify;\">Ce samedi 30 ao\u00fbt, c&rsquo;est le premier d\u00e9placement de cette saison 2025-2026 en National 2 pour les Girondins de Bordeaux.<\/p>\n<p style=\"text-align: justify;\">Comme la saison derni\u00e8re, North Gate et Ultramarines sont conduits et assisteront s\u00e9par\u00e9ment \u00e0 la rencontre. Ils seront strictement encadr\u00e9 par les forces de l&rsquo;ordre (points de rendez-vous distincts, escorte polici\u00e8re \u00e0 aller et au retour, placement de part et d&rsquo;autre du stade).<\/p>\n<p style=\"text-align: justify;\">Les ultras bordelais seront au total 330 membres pour assister \u00e0 ce choc des mals class\u00e9s entre Ch\u00e2teaubriant (0 point) et les Girondins de Bordeaux 1 point).<\/p>\n<p style=\"text-align: justify;\">De plus, un arr\u00eat\u00e9 de circulation sur la voie publique et d&rsquo;interdiction de stationnement a \u00e9t\u00e9 pris pour les abords et l&rsquo;acc\u00e8s du Stade de la Ville en Bois pour les supporters des Girondins de Bordeaux.\u00a0<\/p>\n<p style=\"text-align: justify;\">Les autres supporters bordelais voulant assister \u00e0 ce match ne devront pas porter leurs couleurs s&rsquo;ils veulent acc\u00e9der \u00e0 l&rsquo;enceinte.<\/p>\n<p style=\"text-align: justify;\"><img decoding=\"async\" src=\"https:\/\/www.europesays.com\/fr\/wp-content\/uploads\/2025\/08\/Capture d\u2019e\u0301cran 2025-08-28 a\u0300 09.08.58.png\" alt=\"Capture d\u2019e\u0301cran 2025-08-28 a\u0300 09.08.58.png (271 KB)\" style=\"width:700px;max-width:100%;\"\/><\/p>\n<p style=\"text-align: justify;\">Plus de d\u00e9tails ici :<\/p>\n<p>\u00a0<\/p>\n<p style=\"text-align: justify;\">\u00c0 lire : \u00ab\u00a0<strong><a href=\"https:\/\/www.webgirondins.com\/actualite-girondins-girondins-gerard-lopez-a-la-solution-pour-etienne-beugre-130194\" target=\"_blank\" rel=\"noopener\">G\u00e9rard Lopez a la solution pour \u00c9tienne Beugre\u00a0\u00bb<\/a><\/strong><\/p>\n<p style=\"text-align: justify;\">Notre podcast court \u00e0 \u00e9couter :<\/p>\n<p>\u00a0<\/p>\n","protected":false},"excerpt":{"rendered":"\u00a9 Iconsport Encadrement strict et interdiction de stade Ce samedi 30 ao\u00fbt, c&rsquo;est le premier d\u00e9placement de cette&hellip;\n","protected":false},"author":2,"featured_media":344729,"comment_status":"","ping_status":"","sticky":false,"template":"","format":"standard","meta":{"footnotes":""},"categories":[2817],"tags":[1111,11,11354,17144,4154,1997,16823,1777,674,1011,27,12695,1987,3465,3238,12,12694,2219,4789,471,48598,25,3982,3333,2858,10221,15489,4824],"class_list":{"0":"post-349475","1":"post","2":"type-post","3":"status-publish","4":"format-standard","5":"has-post-thumbnail","7":"category-bordeaux","8":"tag-actu","9":"tag-actualites","10":"tag-arrete","11":"tag-attendus","12":"tag-bois","13":"tag-bordeaux","14":"tag-chateaubriant","15":"tag-eu","16":"tag-europe","17":"tag-fr","18":"tag-france","19":"tag-gate","20":"tag-girondins","21":"tag-journee","22":"tag-national","23":"tag-news","24":"tag-north","25":"tag-nouvelle-aquitaine","26":"tag-poule","27":"tag-pour","28":"tag-prefectoral","29":"tag-republique-francaise","30":"tag-samedi","31":"tag-sont","32":"tag-stade","33":"tag-supporters","34":"tag-ultramarines","35":"tag-ville"},"share_on_mastodon":{"url":"https:\/\/pubeurope.com\/@fr\/115105212065829671","error":""},"_links":{"self":[{"href":"https:\/\/www.europesays.com\/fr\/wp-json\/wp\/v2\/posts\/349475","targetHints":{"allow":["GET"]}}],"collection":[{"href":"https:\/\/www.europesays.com\/fr\/wp-json\/wp\/v2\/posts"}],"about":[{"href":"https:\/\/www.europesays.com\/fr\/wp-json\/wp\/v2\/types\/post"}],"author":[{"embeddable":true,"href":"https:\/\/www.europesays.com\/fr\/wp-json\/wp\/v2\/users\/2"}],"replies":[{"embeddable":true,"href":"https:\/\/www.europesays.com\/fr\/wp-json\/wp\/v2\/comments?post=349475"}],"version-history":[{"count":0,"href":"https:\/\/www.europesays.com\/fr\/wp-json\/wp\/v2\/posts\/349475\/revisions"}],"wp:featuredmedia":[{"embeddable":true,"href":"https:\/\/www.europesays.com\/fr\/wp-json\/wp\/v2\/media\/344729"}],"wp:attachment":[{"href":"https:\/\/www.europesays.com\/fr\/wp-json\/wp\/v2\/media?parent=349475"}],"wp:term":[{"taxonomy":"category","embeddable":true,"href":"https:\/\/www.europesays.com\/fr\/wp-json\/wp\/v2\/categories?post=349475"},{"taxonomy":"post_tag","embeddable":true,"href":"https:\/\/www.europesays.com\/fr\/wp-json\/wp\/v2\/tags?post=349475"}],"curies":[{"name":"wp","href":"https:\/\/api.w.org\/{rel}","templated":true}]}}