{"id":349480,"date":"2025-08-28T07:30:14","date_gmt":"2025-08-28T07:30:14","guid":{"rendered":"https:\/\/www.europesays.com\/fr\/349480\/"},"modified":"2025-08-28T07:30:14","modified_gmt":"2025-08-28T07:30:14","slug":"pourquoi-le-maire-a-du-retirer-le-drapeau-palestinien-installe-sur-sa-mairie","status":"publish","type":"post","link":"https:\/\/www.europesays.com\/fr\/349480\/","title":{"rendered":"pourquoi le maire a d\u00fb retirer le drapeau palestinien install\u00e9 sur sa mairie"},"content":{"rendered":"<p>            Par<br \/>\n        <strong><br \/>\n            <a href=\"https:\/\/actu.fr\/auteur\/redaction-lille\" title=\"Consulter tous les articles de R\u00e9daction Lille\" rel=\"nofollow noopener\" target=\"_blank\">R\u00e9daction Lille<\/a><br \/>\n        <\/strong><\/p>\n<p>        Publi\u00e9 le<\/p>\n<p>            28 ao\u00fbt 2025 \u00e0 8h10        <\/p>\n<p>La juge des r\u00e9f\u00e9r\u00e9s du <b>tribunal administratif<\/b> de <a href=\"https:\/\/actu.fr\/hauts-de-france\/lille_59350\" rel=\"nofollow noopener\" target=\"_blank\">Lille<\/a> a donn\u00e9 tort cet \u00e9t\u00e9 2025 au maire de <a href=\"https:\/\/actu.fr\/hauts-de-france\/faches-thumesnil_59220\" rel=\"nofollow noopener\" target=\"_blank\">Faches-Thumesnil<\/a> (Nord), en jugeant que le <b>drapeau palestinien qu\u2019il avait fait installer<\/b> sur le <b>fronton de son h\u00f4tel de ville<\/b> portait \u00ab<b>\u2009gravement atteinte au principe de neutralit\u00e9<\/b> des services publics\u2009\u00bb. D\u00e9tails.<\/p>\n<p>Faches-Thumesnil doit d\u00e9crocher le drapeau palestinien<\/p>\n<p class=\" wall-content\">Le pr\u00e9fet du Nord Bertrand Gaume avait en effet saisi la juridiction le 6\u00a0ao\u00fbt 2025 pour faire suspendre cette \u00ab\u2009d\u00e9cision non formalis\u00e9e\u2009\u00bb du <b>maire\u00a0Patrick Proisy<\/b> (<a href=\"https:\/\/actu.fr\/tag\/la-france-insoumise-lfi\" rel=\"nofollow noopener\" target=\"_blank\">LFI<\/a>), qui avait de fait \u00e9chapp\u00e9 au \u00ab<b>\u2009contr\u00f4le de l\u00e9galit\u00e9<\/b>\u2009\u00bb de ses services. Elle faisait suite au \u00ab\u2009v\u0153u de soutien et de solidarit\u00e9 avec le peuple palestinien\u2009\u00bb vot\u00e9 le 26\u00a0juin 2025 par le conseil municipal\u2009: les \u00e9lus locaux avaient d\u00e9cid\u00e9 de \u00ab\u2009pavoiser le drapeau de la Palestine \u00e0 l\u2019H\u00f4tel de ville tant que le peuple palestinien ne sera pas libre\u2009\u00bb.<\/p>\n<p class=\" wall-content\">\u00ab\u2009La circonstance que le b\u00e2timent soit le <b>si\u00e8ge d\u2019une administration municipale<\/b> et \u00e9galement un lieu important du service public, fr\u00e9quent\u00e9 quotidiennement par de nombreux usagers, doit conduire \u00e0 estimer que cette <b>situation est de nature \u00e0 cr\u00e9er un doute r\u00e9el <\/b>chez ces derniers quant \u00e0 l\u2019\u00e9galit\u00e9 de traitement qu\u2019ils peuvent attendre de l\u2019administration\u2009\u00bb, faisait valoir le repr\u00e9sentant de l\u2019\u00c9tat.<\/p>\n<p class=\" wall-content\">\u00ab\u2009L\u2019apposition d\u2019un drapeau palestinien sur le fronton de la mairie, dans le contexte actuel du conflit du Moyen-Orient et des tensions internationales existantes, ne peut \u00eatre regard\u00e9e comme un unique symbole de soutien \u00e0 la population palestinienne\u2009\u00bb, insistait le pr\u00e9fet du Nord Bertrand Gaume. \u00ab\u2009Elle doit \u00e9galement \u00eatre <b>consid\u00e9r\u00e9e comme la revendication d\u2019une opinion politique<\/b> dans une mati\u00e8re relevant de la politique internationale de la France, dont la comp\u00e9tence appartient exclusivement \u00e0 l\u2019\u00c9tat.\u2009\u00bb<\/p>\n<p>Le pr\u00e9c\u00e8dent du \u00ab\u2009drapeau ukrainien\u2009\u00bb<\/p>\n<p class=\" wall-content\">Pr\u00e9sent \u00e0 l\u2019audience, le <b>maire de\u00a0Faches-Thumesnil\u00a0n\u2019y voyait lui aucune \u00ab\u2009atteinte au principe de neutralit\u00e9<\/b> du service public\u2009\u00bb dans la mesure o\u00f9\u00a0le <a href=\"https:\/\/actu.fr\/tag\/emmanuel-macron\" rel=\"nofollow noopener\" target=\"_blank\">pr\u00e9sident de la R\u00e9publique Emmanuel Macron<\/a> avait lui-m\u00eame \u00ab\u2009annonc\u00e9 que la France allait reconna\u00eetre l\u2019\u00c9tat palestinien en septembre\u00a02025\u2009\u00bb. \u00ab\u2009Les communes qui avaient choisi d\u2019apposer un drapeau ukrainien ou un drapeau LGBT sur la fa\u00e7ade d\u2019un b\u00e2timent public n\u2019ont jamais \u00e9t\u00e9 mises en demeure de le retirer\u2009\u00bb, faisait-il \u00e9galement valoir.<\/p>\n<p class=\" wall-content\">En tout \u00e9tat de cause, il n\u2019y avait plus lieu de statuer pour la juge, de son point de vue, puisque le drapeau avait \u00e9t\u00e9 \u00ab\u2009retir\u00e9\u2009\u00bb de l\u2019H\u00f4tel de ville. \u00ab\u2009Il r\u00e9sulte de la photographie prise le 8 ao\u00fbt 2025 \u00e0 9h24 et produite par le maire que,<b> <\/b>post\u00e9rieurement \u00e0 l\u2019introduction du d\u00e9f\u00e9r\u00e9, le drapeau a \u00e9t\u00e9 retir\u00e9\u2009\u00bb, confirme la juge des r\u00e9f\u00e9r\u00e9s du tribunal administratif de Lille dans une ordonnance en date du 8\u00a0ao\u00fbt 2025 qui vient d\u2019\u00eatre rendue publique. \u00ab\u2009D\u00e8s lors, les conclusions pr\u00e9sent\u00e9es par le pr\u00e9fet du Nord [\u2026] sont devenues sans objet.\u2009\u00bb<\/p>\n<p>Votre r\u00e9gion, votre actu !<\/p>\n<p>Recevez chaque jour les infos qui comptent pour vous.<\/p>\n<p>\t<a href=\"https:\/\/actu.fr\/newsletter\" class=\"ac-btn ac-btn--corner ac-btn--medium ac-btn--blue800\" rel=\"nofollow noopener\" target=\"_blank\">S&rsquo;incrire<\/a><\/p>\n<p class=\" wall-content\">La juge du tribunal administratif de Lille rappelle n\u00e9anmoins, au passage, que \u00ab\u2009le principe de neutralit\u00e9 des services publics s\u2019oppose \u00e0 ce que soient appos\u00e9s sur les \u00e9difices publics des signes symbolisant la revendication d\u2019opinions politiques, religieuses ou philosophiques.\u2009\u00bb<\/p>\n<p class=\" wall-content\">\u00ab\u2009En l\u2019esp\u00e8ce, l\u2019apposition du drapeau palestinien sur la fa\u00e7ade de l\u2019h\u00f4tel de ville de Faches-Thumesnil n\u2019a pas [\u2026] pour seul objet de manifester la solidarit\u00e9<b> <\/b>de la commune et de ses habitants aux populations civiles de la bande de Gaza, dans un but exclusivement humanitaire, mais doit \u00eatre <b>regard\u00e9e comme une prise de position de nature politique<\/b> au sujet d\u2019un conflit en cours qui [\u2026] <b>rel\u00e8ve [\u2026] de la comp\u00e9tence exclusive de l\u2019\u00c9tat<\/b>\u2009\u00bb, souligne la magistrate lilloise. \u00ab\u2009Le principe de neutralit\u00e9 s\u2019oppose \u00e0 ce qu\u2019une telle prise de position puisse s\u2019exprimer par un affichage sur un b\u00e2timent public. D\u00e8s lors, le maire a port\u00e9 gravement atteinte au principe de neutralit\u00e9 des services publics.\u2009\u00bb<\/p>\n<p class=\" wall-content\"><b>GF (PressPepper)<\/b><\/p>\n<p class=\" wall-content\">Personnalisez votre actualit\u00e9 en ajoutant vos villes et m\u00e9dias en favori avec <a href=\"https:\/\/moncompte.actu.fr\" title=\"D\u00e9couvez Mon Actu\" rel=\"nofollow noopener\" data-trk=\"{&quot;cta&quot;:{&quot;action&quot;:&quot;https:\\\/\\\/moncompte.actu.fr&quot;,&quot;category&quot;:&quot;mon compte&quot;,&quot;from&quot;:&quot;article footer&quot;,&quot;name&quot;:&quot;Mon actu&quot;,&quot;type&quot;:&quot;cta&quot;}}\" target=\"_blank\">Mon Actu<\/a>.<\/p>\n","protected":false},"excerpt":{"rendered":"Par R\u00e9daction Lille Publi\u00e9 le 28 ao\u00fbt 2025 \u00e0 8h10 La juge des r\u00e9f\u00e9r\u00e9s du tribunal administratif de&hellip;\n","protected":false},"author":2,"featured_media":349481,"comment_status":"","ping_status":"","sticky":false,"template":"","format":"standard","meta":{"footnotes":""},"categories":[2815],"tags":[1111,11,1777,674,1011,27,811,1023,1307,12,25,104],"class_list":{"0":"post-349480","1":"post","2":"type-post","3":"status-publish","4":"format-standard","5":"has-post-thumbnail","7":"category-lille","8":"tag-actu","9":"tag-actualites","10":"tag-eu","11":"tag-europe","12":"tag-fr","13":"tag-france","14":"tag-hauts-de-france","15":"tag-la-france-insoumise-lfi","16":"tag-lille","17":"tag-news","18":"tag-republique-francaise","19":"tag-societe"},"share_on_mastodon":{"url":"https:\/\/pubeurope.com\/@fr\/115105223403161059","error":""},"_links":{"self":[{"href":"https:\/\/www.europesays.com\/fr\/wp-json\/wp\/v2\/posts\/349480","targetHints":{"allow":["GET"]}}],"collection":[{"href":"https:\/\/www.europesays.com\/fr\/wp-json\/wp\/v2\/posts"}],"about":[{"href":"https:\/\/www.europesays.com\/fr\/wp-json\/wp\/v2\/types\/post"}],"author":[{"embeddable":true,"href":"https:\/\/www.europesays.com\/fr\/wp-json\/wp\/v2\/users\/2"}],"replies":[{"embeddable":true,"href":"https:\/\/www.europesays.com\/fr\/wp-json\/wp\/v2\/comments?post=349480"}],"version-history":[{"count":0,"href":"https:\/\/www.europesays.com\/fr\/wp-json\/wp\/v2\/posts\/349480\/revisions"}],"wp:featuredmedia":[{"embeddable":true,"href":"https:\/\/www.europesays.com\/fr\/wp-json\/wp\/v2\/media\/349481"}],"wp:attachment":[{"href":"https:\/\/www.europesays.com\/fr\/wp-json\/wp\/v2\/media?parent=349480"}],"wp:term":[{"taxonomy":"category","embeddable":true,"href":"https:\/\/www.europesays.com\/fr\/wp-json\/wp\/v2\/categories?post=349480"},{"taxonomy":"post_tag","embeddable":true,"href":"https:\/\/www.europesays.com\/fr\/wp-json\/wp\/v2\/tags?post=349480"}],"curies":[{"name":"wp","href":"https:\/\/api.w.org\/{rel}","templated":true}]}}