{"id":349484,"date":"2025-08-28T07:32:12","date_gmt":"2025-08-28T07:32:12","guid":{"rendered":"https:\/\/www.europesays.com\/fr\/349484\/"},"modified":"2025-08-28T07:32:12","modified_gmt":"2025-08-28T07:32:12","slug":"y-a-t-il-une-hausse-significative-des-contaminations","status":"publish","type":"post","link":"https:\/\/www.europesays.com\/fr\/349484\/","title":{"rendered":"y a-t-il une hausse significative des contaminations ?"},"content":{"rendered":"<p>Le <a href=\"https:\/\/www.laprovence.com\/actu\/en-direct\/6618297\/coronavirus-un-test-pcr-nest-plus-obligatoire-pour-confirmer-un-test-antigenique.html\" target=\"_blank\" rel=\"noopener\">Covid<\/a> semble faire un retour discret, mais manifeste, dans la r\u00e9gion. C&rsquo;est ce que constate le docteur Aurore Baudoin-Haloche, qui officie \u00e0 Marseille. \u00ab\u00a0On n\u2019a pas de mal de cas en consultations dans mon cabinet, note-t-elle, seulement les patients ne se masquent plus et ne pensent pas spontan\u00e9ment qu&rsquo;ils peuvent \u00eatre contamin\u00e9s par ce virus. D&rsquo;autant plus que les gens ne se testent plus, et nous-m\u00eames, m\u00e9decins, n&rsquo;avons plus de<a href=\"https:\/\/www.laprovence.com\/actu\/en-direct\/6618297\/coronavirus-un-test-pcr-nest-plus-obligatoire-pour-confirmer-un-test-antigenique.html\" target=\"_blank\" rel=\"noopener\"> tests<\/a>, la CPAM ne nous en fournit plus. Quand on les teste au cabinet, beaucoup sont positifs, ou, je pense, faux n\u00e9gatifs. On envoie aussi les patients \u00e0 la pharmacie faire les antig\u00e9niques, mais on n&rsquo;a pas forc\u00e9ment de retours, <strong>le Covid, ainsi, est peut-\u00eatre sous-diagnostiqu\u00e9<\/strong>.\u00a0\u00bb<\/p>\n<p>Les m\u00eames sympt\u00f4mes que la grippe<\/p>\n<p>\u00c0 savoir qu&rsquo;il ressemble d\u00e9sormais \u00e0 <a href=\"https:\/\/www.laprovence.com\/article\/sante\/1500652005886615\/lepidemie-de-grippe-en-forte-hausse-en-provence-les-urgences-et-sos-medecins-en-1ere-ligne\" target=\"_blank\" rel=\"noopener\">la grippe<\/a>\u00a0: mal de gorge, \u00e0 la t\u00eate, fi\u00e8vre, grosse fatigue, courbatures\u2026 Aussi, la professionnelle de sant\u00e9 invite <a href=\"https:\/\/www.laprovence.com\/article\/sante\/18064379280830\/le-covid-19-qualifie-de-pandemie-il-y-a-5-ans-par-loms-pourquoi-cela-a-marque-un-tournant\" target=\"_blank\" rel=\"noopener\">les personnes les plus \u00e0 risques<\/a> &#8211; femmes enceintes, personnes \u00e2g\u00e9es &#8211; \u00e0 se masquer, au moins lorsqu&rsquo;elles se rendent chez leur praticien.<\/p>\n<p>De son c\u00f4t\u00e9, l&rsquo;ARS Paca confirme que \u00ab\u00a0l&rsquo;activit\u00e9 li\u00e9e au Covid dans les services d&rsquo;urgence est en l\u00e9g\u00e8re hausse depuis 2 semaines, mais nettement plus basse que l&rsquo;activit\u00e9 observ\u00e9e l&rsquo;an dernier \u00e0 la m\u00eame p\u00e9riode.\u00a0\u00bb<\/p>\n<p>Le Covid moins pr\u00e9sent que l&rsquo;an dernier \u00e0 la m\u00eame p\u00e9riode<\/p>\n<p>Et l&rsquo;Agence r\u00e9gionale de sant\u00e9 de d\u00e9tailler : du lundi 11 au dimanche 24 ao\u00fbt, \u00ab\u00a0dans les services d&rsquo;urgence de Paca, l&rsquo;activit\u00e9 Covid (part des passages pour Covid parmi l&rsquo;ensemble des passages toutes causes) a \u00e9t\u00e9 de 0,5 %. Du lundi 21 juillet au dimanche 10 ao\u00fbt, ce taux \u00e9tait de 0,3 %.\u00a0\u00bb<\/p>\n<p>Pour les associations <a href=\"https:\/\/www.laprovence.com\/article\/faits-divers-justice\/2976032305237814\/sos-medecins-lille-en-greve-apres-lagression-dun-medecin-dans-son-cabinet\" target=\"_blank\" rel=\"noopener\">SOS M\u00e9decins de la r\u00e9gion<\/a>, l&rsquo;activit\u00e9 est stable depuis plusieurs semaines, \u00ab\u00a0avec une proportion de consultations pour le Covid de 0,9 % du 18 au 24 d&rsquo;ao\u00fbt contre 1 % du 11 au au 17 ao\u00fbt, nettement plus basse que l&rsquo;activit\u00e9 observ\u00e9e l&rsquo;an dernier \u00e0 la m\u00eame p\u00e9riode.\u00a0\u00bb<\/p>\n","protected":false},"excerpt":{"rendered":"Le Covid semble faire un retour discret, mais manifeste, dans la r\u00e9gion. C&rsquo;est ce que constate le docteur&hellip;\n","protected":false},"author":2,"featured_media":349485,"comment_status":"","ping_status":"","sticky":false,"template":"","format":"standard","meta":{"footnotes":""},"categories":[2814],"tags":[17,16736,1111,11,1102,4400,1777,674,1011,27,4508,884,12,882,16,25,8133,48599,96],"class_list":{"0":"post-349484","1":"post","2":"type-post","3":"status-publish","4":"format-standard","5":"has-post-thumbnail","7":"category-marseille","8":"tag-17","9":"tag-a-t-il","10":"tag-actu","11":"tag-actualites","12":"tag-breakingnews","13":"tag-covid","14":"tag-eu","15":"tag-europe","16":"tag-fr","17":"tag-france","18":"tag-hausse","19":"tag-marseille","20":"tag-news","21":"tag-provence-alpes-cote-dazur","22":"tag-region","23":"tag-republique-francaise","24":"tag-retour","25":"tag-significative","26":"tag-une"},"share_on_mastodon":{"url":"https:\/\/pubeurope.com\/@fr\/115105231720365143","error":""},"_links":{"self":[{"href":"https:\/\/www.europesays.com\/fr\/wp-json\/wp\/v2\/posts\/349484","targetHints":{"allow":["GET"]}}],"collection":[{"href":"https:\/\/www.europesays.com\/fr\/wp-json\/wp\/v2\/posts"}],"about":[{"href":"https:\/\/www.europesays.com\/fr\/wp-json\/wp\/v2\/types\/post"}],"author":[{"embeddable":true,"href":"https:\/\/www.europesays.com\/fr\/wp-json\/wp\/v2\/users\/2"}],"replies":[{"embeddable":true,"href":"https:\/\/www.europesays.com\/fr\/wp-json\/wp\/v2\/comments?post=349484"}],"version-history":[{"count":0,"href":"https:\/\/www.europesays.com\/fr\/wp-json\/wp\/v2\/posts\/349484\/revisions"}],"wp:featuredmedia":[{"embeddable":true,"href":"https:\/\/www.europesays.com\/fr\/wp-json\/wp\/v2\/media\/349485"}],"wp:attachment":[{"href":"https:\/\/www.europesays.com\/fr\/wp-json\/wp\/v2\/media?parent=349484"}],"wp:term":[{"taxonomy":"category","embeddable":true,"href":"https:\/\/www.europesays.com\/fr\/wp-json\/wp\/v2\/categories?post=349484"},{"taxonomy":"post_tag","embeddable":true,"href":"https:\/\/www.europesays.com\/fr\/wp-json\/wp\/v2\/tags?post=349484"}],"curies":[{"name":"wp","href":"https:\/\/api.w.org\/{rel}","templated":true}]}}