{"id":349486,"date":"2025-08-28T07:33:10","date_gmt":"2025-08-28T07:33:10","guid":{"rendered":"https:\/\/www.europesays.com\/fr\/349486\/"},"modified":"2025-08-28T07:33:10","modified_gmt":"2025-08-28T07:33:10","slug":"un-incendie-ravage-ce-restaurant-pres-de-marseille-un-hotel-evacue-en-pleine-nuit-ce-que-lon-sait","status":"publish","type":"post","link":"https:\/\/www.europesays.com\/fr\/349486\/","title":{"rendered":"Un incendie ravage ce restaurant pr\u00e8s de Marseille, un h\u00f4tel \u00e9vacu\u00e9 en pleine nuit : ce que l&rsquo;on sait"},"content":{"rendered":"<p>            Par<br \/>\n        <strong><br \/>\n            <a href=\"https:\/\/actu.fr\/auteur\/fabien-binacchi\" title=\"Consulter tous les articles de Fabien Binacchi\" rel=\"nofollow noopener\" target=\"_blank\">Fabien Binacchi<\/a><br \/>\n        <\/strong><\/p>\n<p>        Publi\u00e9 le<\/p>\n<p>            28 ao\u00fbt 2025 \u00e0 9h24        <\/p>\n<p><strong>INFO ACTU MARSEILLE.<\/strong> Un restaurant du bord de mer de <a href=\"https:\/\/actu.fr\/provence-alpes-cote-d-azur\/la-ciotat_13028\" rel=\"nofollow noopener\" target=\"_blank\">La Ciotat<\/a> (<a href=\"https:\/\/actu.fr\/provence-alpes-cote-d-azur\/bouches-du-rhone_13\" rel=\"nofollow noopener\" target=\"_blank\">Bouches-du-Rh\u00f4ne<\/a>), pr\u00e8s de Marseille, a \u00e9t\u00e9 totalement d\u00e9truit par les flammes dans la nuit, ce jeudi 28\u00a0ao\u00fbt 2025, apprend <a href=\"https:\/\/actu.fr\/marseille\/\" rel=\"nofollow noopener\" target=\"_blank\">actu Marseille<\/a> aupr\u00e8s des services de secours. <a href=\"https:\/\/actu.fr\/tag\/incendie\" rel=\"nofollow noopener\" target=\"_blank\">L\u2019incendie<\/a>, qui a n\u00e9cessit\u00e9 l\u2019\u00e9vacuation d\u2019un h\u00f4tel \u00e0 proximit\u00e9, <strong>pourrait \u00eatre d\u2019origine criminelle.<\/strong><\/p>\n<p class=\" wall-content\">Voil\u00e0 ce que l\u2019on sait.<\/p>\n<p>600\u00a0m2 \u00ab\u2009totalement d\u00e9truits\u2009\u00bb<\/p>\n<p class=\" wall-content\">L\u2019alerte a \u00e9t\u00e9 donn\u00e9e par des t\u00e9moins, en pleine nuit. Sur les coups de 2h, ce jeudi 28\u00a0ao\u00fbt 2025, un incendie se d\u00e9clare dans le restaurant Le Ma\u00efa, boulevard Beau Rivage, <strong>qui donne sur la grande plage de La Ciotat.<\/strong> Le brasier est intense.<\/p>\n<p>    <a href=\"https:\/\/www.google.com\/maps\/embed?pb=!1m18!1m12!1m3!1d2731.032094017399!2d5.620893211327091!3d43.18723878232336!2m3!1f0!2f0!3f0!3m2!1i1024!2i768!4f13.1!3m3!1m2!1s0x12c9afc7bbfaaa15%3A0x7d9647958a2f3e5a!2sRESTAURANT%20BRASSERIE%20LE%20MA%C3%8FA!5e1!3m2!1sfr!2sfr!4v1756365358174!5m2!1sfr!2sfr\" title=\"Ouvrie le lien\" rel=\"nofollow noopener\" target=\"_blank\">Cliquez ici pour visualiser le contenu<\/a><\/p>\n<p class=\" wall-content\">D\u2019importants moyens sont mobilis\u00e9s. <strong>Un p\u00e9rim\u00e8tre de s\u00e9curit\u00e9 est \u00e9galement mis en place par la police.<\/strong> Et les 27 clients de l\u2019h\u00f4tel Rose Th\u00e9, juste \u00e0 c\u00f4t\u00e9, sont \u00e9vacu\u00e9s par pr\u00e9caution. Ils ont \u00e9t\u00e9 relog\u00e9s dans un autre \u00e9tablissement.<\/p>\n<p class=\" wall-content\">Au final, les \u00ab\u2009600\u00a0m2 du restaurant ont \u00e9t\u00e9 totalement d\u00e9truits\u2009\u00bb, indique le service d\u00e9partement d\u2019incendie et de secours (Sdis) des Bouches-du-Rh\u00f4ne \u00e0 actu Marseille.<\/p>\n<p>Deux individus recherch\u00e9s<\/p>\n<p class=\" wall-content\">Selon nos informations, le sinistre pourrait \u00eatre d\u2019origine criminelle.<\/p>\n<p>Votre r\u00e9gion, votre actu !<\/p>\n<p>Recevez chaque jour les infos qui comptent pour vous.<\/p>\n<p>\t<a href=\"https:\/\/actu.fr\/newsletter\" class=\"ac-btn ac-btn--corner ac-btn--medium ac-btn--blue800\" rel=\"nofollow noopener\" target=\"_blank\">S&rsquo;incrire<\/a><\/p>\n<p class=\" wall-content\">Des images de vid\u00e9osurveillance montreraient deux personnes <strong>en train de mettre le feu<\/strong> \u00e0 l\u2019\u00e9tablissement, juste avant de prendre la fuite. Un des deux individus se serait bless\u00e9.<\/p>\n<p class=\" wall-content\">Une enqu\u00eate est ouverte.<\/p>\n<p class=\" wall-content\">Personnalisez votre actualit\u00e9 en ajoutant vos villes et m\u00e9dias en favori avec <a href=\"https:\/\/moncompte.actu.fr\" title=\"D\u00e9couvez Mon Actu\" rel=\"nofollow noopener\" data-trk=\"{&quot;cta&quot;:{&quot;action&quot;:&quot;https:\\\/\\\/moncompte.actu.fr&quot;,&quot;category&quot;:&quot;mon compte&quot;,&quot;from&quot;:&quot;article footer&quot;,&quot;name&quot;:&quot;Mon actu&quot;,&quot;type&quot;:&quot;cta&quot;}}\" target=\"_blank\">Mon Actu<\/a>.<\/p>\n","protected":false},"excerpt":{"rendered":"Par Fabien Binacchi Publi\u00e9 le 28 ao\u00fbt 2025 \u00e0 9h24 INFO ACTU MARSEILLE. Un restaurant du bord de&hellip;\n","protected":false},"author":2,"featured_media":349487,"comment_status":"","ping_status":"","sticky":false,"template":"","format":"standard","meta":{"footnotes":""},"categories":[2814],"tags":[1111,11,1777,674,118,1011,27,1310,884,12,1311,882,25],"class_list":{"0":"post-349486","1":"post","2":"type-post","3":"status-publish","4":"format-standard","5":"has-post-thumbnail","7":"category-marseille","8":"tag-actu","9":"tag-actualites","10":"tag-eu","11":"tag-europe","12":"tag-faits-divers","13":"tag-fr","14":"tag-france","15":"tag-incendie","16":"tag-marseille","17":"tag-news","18":"tag-pompiers","19":"tag-provence-alpes-cote-dazur","20":"tag-republique-francaise"},"share_on_mastodon":{"url":"https:\/\/pubeurope.com\/@fr\/115105235124566297","error":""},"_links":{"self":[{"href":"https:\/\/www.europesays.com\/fr\/wp-json\/wp\/v2\/posts\/349486","targetHints":{"allow":["GET"]}}],"collection":[{"href":"https:\/\/www.europesays.com\/fr\/wp-json\/wp\/v2\/posts"}],"about":[{"href":"https:\/\/www.europesays.com\/fr\/wp-json\/wp\/v2\/types\/post"}],"author":[{"embeddable":true,"href":"https:\/\/www.europesays.com\/fr\/wp-json\/wp\/v2\/users\/2"}],"replies":[{"embeddable":true,"href":"https:\/\/www.europesays.com\/fr\/wp-json\/wp\/v2\/comments?post=349486"}],"version-history":[{"count":0,"href":"https:\/\/www.europesays.com\/fr\/wp-json\/wp\/v2\/posts\/349486\/revisions"}],"wp:featuredmedia":[{"embeddable":true,"href":"https:\/\/www.europesays.com\/fr\/wp-json\/wp\/v2\/media\/349487"}],"wp:attachment":[{"href":"https:\/\/www.europesays.com\/fr\/wp-json\/wp\/v2\/media?parent=349486"}],"wp:term":[{"taxonomy":"category","embeddable":true,"href":"https:\/\/www.europesays.com\/fr\/wp-json\/wp\/v2\/categories?post=349486"},{"taxonomy":"post_tag","embeddable":true,"href":"https:\/\/www.europesays.com\/fr\/wp-json\/wp\/v2\/tags?post=349486"}],"curies":[{"name":"wp","href":"https:\/\/api.w.org\/{rel}","templated":true}]}}