{"id":349488,"date":"2025-08-28T07:34:15","date_gmt":"2025-08-28T07:34:15","guid":{"rendered":"https:\/\/www.europesays.com\/fr\/349488\/"},"modified":"2025-08-28T07:34:15","modified_gmt":"2025-08-28T07:34:15","slug":"un-habitant-evacue-apres-lincendie-dun-appartement-a-feyzin","status":"publish","type":"post","link":"https:\/\/www.europesays.com\/fr\/349488\/","title":{"rendered":"un habitant \u00e9vacu\u00e9 apr\u00e8s l\u2019incendie d\u2019un appartement \u00e0 Feyzin"},"content":{"rendered":"<p itemprop=\"description\"><strong>Grosse frayeur dans un immeuble de la commune de Feyzin, au sud de Lyon.<\/strong><\/p>\n<p>Il \u00e9tait environ 20h30, ce mercredi 27 ao\u00fbt, lorsqu\u2019un incendie s\u2019est d\u00e9clar\u00e9 au sein d\u2019un appartement au premier \u00e9tage d\u2019un immeuble de l\u2019impasse du Bandonnier, \u00e0 Feyzin (Rh\u00f4ne). Alert\u00e9s, les sapeurs-pompiers se sont imm\u00e9diatement rendus sur place pour \u00e9viter que le feu se propage dans les autres biens.<\/p>\n<p>Pour cela, 26 soldats du feu et cinq engins ont d\u00fb \u00eatre mobilis\u00e9s. La personne r\u00e9sidant dans cet appartement a \u00e9t\u00e9 \u00e9vacu\u00e9e. Fort heureusement, l\u2019incendie n\u2019a fait aucune victime. Seuls des d\u00e9g\u00e2ts mat\u00e9riels sont \u00e0 d\u00e9plorer.<\/p>\n<p>Une enqu\u00eate est en cours pour d\u00e9terminer les circonstances exactes du d\u00e9part de feu.<\/p>\n","protected":false},"excerpt":{"rendered":"Grosse frayeur dans un immeuble de la commune de Feyzin, au sud de Lyon. Il \u00e9tait environ 20h30,&hellip;\n","protected":false},"author":2,"featured_media":349489,"comment_status":"","ping_status":"","sticky":false,"template":"","format":"standard","meta":{"footnotes":""},"categories":[1889],"tags":[1111,11,2813,2190,2430,1109,251,1112,2811,1777,674,118,1011,27,1922,1110,1114,2428,2810,12,241,316,25,2812,517,800],"class_list":{"0":"post-349488","1":"post","2":"type-post","3":"status-publish","4":"format-standard","5":"has-post-thumbnail","7":"category-lyon","8":"tag-actu","9":"tag-actualites","10":"tag-article","11":"tag-asvel","12":"tag-auvergne-rhone-alpes","13":"tag-breves","14":"tag-culture","15":"tag-depeches","16":"tag-economique","17":"tag-eu","18":"tag-europe","19":"tag-faits-divers","20":"tag-fr","21":"tag-france","22":"tag-info","23":"tag-informations","24":"tag-infos","25":"tag-lyon","26":"tag-lyonmag","27":"tag-news","28":"tag-ol","29":"tag-politique","30":"tag-republique-francaise","31":"tag-sociale","32":"tag-sport","33":"tag-transports"},"share_on_mastodon":{"url":"https:\/\/pubeurope.com\/@fr\/115105239700608616","error":""},"_links":{"self":[{"href":"https:\/\/www.europesays.com\/fr\/wp-json\/wp\/v2\/posts\/349488","targetHints":{"allow":["GET"]}}],"collection":[{"href":"https:\/\/www.europesays.com\/fr\/wp-json\/wp\/v2\/posts"}],"about":[{"href":"https:\/\/www.europesays.com\/fr\/wp-json\/wp\/v2\/types\/post"}],"author":[{"embeddable":true,"href":"https:\/\/www.europesays.com\/fr\/wp-json\/wp\/v2\/users\/2"}],"replies":[{"embeddable":true,"href":"https:\/\/www.europesays.com\/fr\/wp-json\/wp\/v2\/comments?post=349488"}],"version-history":[{"count":0,"href":"https:\/\/www.europesays.com\/fr\/wp-json\/wp\/v2\/posts\/349488\/revisions"}],"wp:featuredmedia":[{"embeddable":true,"href":"https:\/\/www.europesays.com\/fr\/wp-json\/wp\/v2\/media\/349489"}],"wp:attachment":[{"href":"https:\/\/www.europesays.com\/fr\/wp-json\/wp\/v2\/media?parent=349488"}],"wp:term":[{"taxonomy":"category","embeddable":true,"href":"https:\/\/www.europesays.com\/fr\/wp-json\/wp\/v2\/categories?post=349488"},{"taxonomy":"post_tag","embeddable":true,"href":"https:\/\/www.europesays.com\/fr\/wp-json\/wp\/v2\/tags?post=349488"}],"curies":[{"name":"wp","href":"https:\/\/api.w.org\/{rel}","templated":true}]}}