{"id":349493,"date":"2025-08-28T07:37:24","date_gmt":"2025-08-28T07:37:24","guid":{"rendered":"https:\/\/www.europesays.com\/fr\/349493\/"},"modified":"2025-08-28T07:37:24","modified_gmt":"2025-08-28T07:37:24","slug":"vers-un-brusque-changement-de-temps-a-paris-et-en-ile-de-france-est-ce-deja-larrivee-de-lautomne","status":"publish","type":"post","link":"https:\/\/www.europesays.com\/fr\/349493\/","title":{"rendered":"vers un brusque changement de temps \u00e0 Paris et en \u00cele-de-France ! Est-ce d\u00e9j\u00e0 l&rsquo;arriv\u00e9e de l&rsquo;automne ?"},"content":{"rendered":"<p> <img decoding=\"async\" fetchpriority=\"high\" src=\"https:\/\/www.europesays.com\/fr\/wp-content\/uploads\/2025\/08\/dailymotion-x9pkio8_1024.jpg\"  width=\"768\" height=\"432\" id=\"x9pkio8\"\/>  <\/p>\n<p>Apr\u00e8s un d\u00e9but de semaine estival marqu\u00e9 par le soleil et la chaleur, les conditions m\u00e9t\u00e9o vont brutalement changer \u00e0 Paris et en \u00cele-de-France. Que va-t-il se passer ? D\u00e9couvrez nos toutes derni\u00e8res pr\u00e9visions.<\/p>\n<p>    <img decoding=\"async\" fetchpriority=\"high\" src=\"https:\/\/www.europesays.com\/fr\/wp-content\/uploads\/2025\/04\/marc-hay.jpg\" alt=\"Marc Hay\" width=\"40\" height=\"40\"\/>    <a class=\"nombre text-hv\" href=\"https:\/\/www.tameteo.com\/auteur\/marc-hay\/\" title=\"Marc Hay\" rel=\"nofollow noopener\" target=\"_blank\">Marc Hay<\/a>         28\/08\/2025 06:47   3 min   <\/p>\n<p>Alors que les conditions m\u00e9t\u00e9o ont \u00e9t\u00e9 estivales en d\u00e9but de semaine \u00e0 Paris et plus largement en r\u00e9gion parisienne,<strong> il faut d\u00e9sormais s\u2019attendre \u00e0 un changement de temps au-dessus de nos t\u00eates.<\/strong><\/p>\n<p>En effet, l\u2019anticyclone se retire et les perturbations vont se succ\u00e9der sur le pays comme sur la r\u00e9gion parisienne.<strong> Nous entrons ainsi dans une s\u00e9quence m\u00e9t\u00e9orologique tr\u00e8s perturb\u00e9e <\/strong>qui pourrait durer au moins jusqu\u2019\u00e0 la rentr\u00e9e.<\/p>\n<p>\u00c0 quoi faut-il s\u2019attendre concr\u00e8tement ?<strong> Quelles sont les derni\u00e8res pr\u00e9visions ?<\/strong> Pour le savoir, retrouvez toutes les informations dans cet article.<\/p>\n<p>Un jeudi encore assez calme <\/p>\n<p>En attendant le passage d\u2019une perturbation demain sur la r\u00e9gion, les conditions m\u00e9t\u00e9o s\u2019annoncent <strong>encore relativement calmes ce jeudi avec de belles \u00e9claircies.<\/strong> Quelques ond\u00e9es restent toutefois possibles au cours des prochaines heures. <\/p>\n<p><img loading=\"lazy\" decoding=\"async\" fetchpriority=\"low\" class=\"lazy \" src=\"https:\/\/www.europesays.com\/fr\/wp-content\/uploads\/2025\/08\/meteo-vers-un-brusque-changement-de-temps-a-paris-et-en-ile-de-france-que-va-t-il-se-passer-fortes-p.png\"  width=\"768\" height=\"432\" alt=\"De tr\u00e8s belles \u00e9claircies attendues en milieu d'apr\u00e8s-midi en \u00cele-de-France.\" title=\"De tr\u00e8s belles \u00e9claircies attendues en milieu d'apr\u00e8s-midi en \u00cele-de-France.\" data-image=\"49oxozuuqvc9\"\/>De tr\u00e8s belles \u00e9claircies attendues en milieu d&rsquo;apr\u00e8s-midi en \u00cele-de-France. <\/p>\n<p>En revanche, les temp\u00e9ratures seront orient\u00e9es \u00e0 la baisse cet apr\u00e8s-midi,<strong> avec 24 degr\u00e9s attendus \u00e0 <a href=\"https:\/\/www.tameteo.com\/meteo-Europe-France-Ile+de+France-Paris-1-1-135-29-5461.html\" data-mrf-recirculation=\"cuerpo_intext\" rel=\"nofollow noopener\" target=\"_blank\">Paris<\/a>.<\/strong><\/p>\n<p><a class=\"imagen \" href=\"https:\/\/www.tameteo.com\/actualites\/previsions\/rentree-scolaire-sous-le-soleil-ou-la-pluie-voici-les-conditions-attendues-en-debut-de-semaine-prochaine-meteo-france.html\" title=\"Rentr\u00e9e scolaire : sous le soleil ou la pluie ? Voici les conditions attendues en d\u00e9but de semaine\" rel=\"nofollow noopener\" target=\"_blank\"><img loading=\"lazy\" decoding=\"async\" fetchpriority=\"low\" class=\"lazy img-body non-editable\" src=\"https:\/\/www.europesays.com\/fr\/wp-content\/uploads\/2025\/08\/rentree-scolaire-sous-le-soleil-ou-la-pluie-voici-les-conditions-attendues-en-debut-de-semaine-proch.png\"  width=\"320\" height=\"225\" alt=\"Rentr\u00e9e scolaire : sous le soleil ou la pluie ? Voici les conditions attendues en d\u00e9but de semaine\"\/><\/a>Un d\u00e9fil\u00e9 de perturbations <\/p>\n<p>En revanche, \u00e0 partir de demain, <strong>la porte aux perturbations venues de l\u2019Atlantique va s\u2019ouvrir, <\/strong>permettant \u00e0 celles-ci de d\u00e9filer sur le pays. Une premi\u00e8re perturbation est attendue d\u00e8s demain<strong> avec des pluies parfois orageuses autour de la mi-journ\u00e9e, <\/strong>accompagn\u00e9es d\u2019un vent sensible dans les terres, les rafales pouvant atteindre 40 \u00e0 50 km\/h.<\/p>\n<p><img loading=\"lazy\" decoding=\"async\" fetchpriority=\"low\" class=\"lazy \" src=\"https:\/\/www.europesays.com\/fr\/wp-content\/uploads\/2025\/08\/1756366643_261_meteo-vers-un-brusque-changement-de-temps-a-paris-et-en-ile-de-france-que-va-t-il-se-passer-fortes-p.png\"  width=\"768\" height=\"432\" alt=\"Des pluies attendues d\u00e8s demain matin sur la r\u00e9gion parisienne avec l'arriv\u00e9e d'une nouvelle perturbation.\" title=\"Des pluies attendues d\u00e8s demain matin sur la r\u00e9gion parisienne avec l'arriv\u00e9e d'une nouvelle perturbation.\" data-image=\"hm4tel2dlvld\"\/>Des pluies attendues d\u00e8s demain matin sur la r\u00e9gion parisienne avec l&rsquo;arriv\u00e9e d&rsquo;une nouvelle perturbation. <\/p>\n<p>Apr\u00e8s le passage du front pluvio-orageux en matin\u00e9e, <strong>un ciel de tra\u00eene prendra le relais l\u2019apr\u00e8s-midi, <\/strong>avec le retour de quelques \u00e9claircies entrecoup\u00e9es d\u2019averses parfois soutenues.<\/p>\n<p><a class=\"imagen \" href=\"https:\/\/www.tameteo.com\/actualites\/previsions\/l-automne-va-t-il-s-installer-tout-au-long-de-ces-prochains-jours-voire-prochaines-semaines-en-france-risque-intemperies.html\" title=\"L&#039;automne va-t-il s&#039;installer tout au long de ces prochains jours voire prochaines semaines en France ? \" rel=\"nofollow noopener\" target=\"_blank\"><img loading=\"lazy\" decoding=\"async\" fetchpriority=\"low\" class=\"lazy img-body non-editable\" src=\"https:\/\/www.europesays.com\/fr\/wp-content\/uploads\/2025\/08\/l-automne-va-t-il-s-installer-tout-au-long-de-ces-prochains-jours-voire-prochaines-semaines-en-franc.jpeg\"  width=\"320\" height=\"225\" alt=\"L'automne va-t-il s'installer tout au long de ces prochains jours voire prochaines semaines en France ? \"\/><\/a><\/p>\n<p><strong>La baisse des temp\u00e9ratures se poursuivra avec un ressenti franchement automnal sur la r\u00e9gion, <\/strong>puisque les valeurs auront du mal \u00e0 d\u00e9passer 20 \u00e0 21 degr\u00e9s au meilleur moment de la journ\u00e9e.<\/p>\n<p>Pas mieux ce week-end ?<\/p>\n<p>Un l\u00e9ger mieux devrait tout de m\u00eame concerner la r\u00e9gion parisienne samedi, <strong>avec le retour d\u2019un temps sec et de quelques belles \u00e9claircies.<\/strong><\/p>\n<p><img loading=\"lazy\" decoding=\"async\" fetchpriority=\"low\" class=\"lazy \" src=\"https:\/\/www.europesays.com\/fr\/wp-content\/uploads\/2025\/08\/1756366644_317_meteo-vers-un-brusque-changement-de-temps-a-paris-et-en-ile-de-france-que-va-t-il-se-passer-fortes-p.png\"  width=\"768\" height=\"432\" alt=\"Passage d'un nouveau front pluvieux dimanche matin sur la r\u00e9gion parisienne.\" title=\"Passage d'un nouveau front pluvieux dimanche matin sur la r\u00e9gion parisienne.\" data-image=\"dnxnj1q76rjh\"\/>Passage d&rsquo;un nouveau front pluvieux dimanche matin sur la r\u00e9gion parisienne. <\/p>\n<p>En revanche, une perturbation abordera la Bretagne au cours de cette journ\u00e9e de samedi. <strong>Elle gagnera ensuite la r\u00e9gion parisienne tr\u00e8s t\u00f4t dimanche matin, apportant un temps pluvieux. <\/strong>Quelques \u00e9claircies reviendront dans l\u2019apr\u00e8s-midi apr\u00e8s le passage du front.<\/p>\n<p><strong>Une nouvelle d\u00e9gradation devrait concerner la r\u00e9gion en d\u00e9but de semaine prochaine avec le retour de nouvelles pluies. <\/strong><\/p>\n<p>La s\u00e9quence de temps perturb\u00e9 <strong>semble donc s\u2019installer durablement, <\/strong>avec des pr\u00e9cipitations et des temp\u00e9ratures qui resteront <strong>en-dessous des normales de saison<\/strong> au cours des sept prochains jours.<\/p>\n","protected":false},"excerpt":{"rendered":"Apr\u00e8s un d\u00e9but de semaine estival marqu\u00e9 par le soleil et la chaleur, les conditions m\u00e9t\u00e9o vont brutalement&hellip;\n","protected":false},"author":2,"featured_media":349494,"comment_status":"","ping_status":"","sticky":false,"template":"","format":"standard","meta":{"footnotes":""},"categories":[1592],"tags":[1111,11,1777,674,1011,27,662,2487,12,626,7854,19340,25],"class_list":{"0":"post-349493","1":"post","2":"type-post","3":"status-publish","4":"format-standard","5":"has-post-thumbnail","7":"category-ile-de-france","8":"tag-actu","9":"tag-actualites","10":"tag-eu","11":"tag-europe","12":"tag-fr","13":"tag-france","14":"tag-ile-de-france","15":"tag-meteo","16":"tag-news","17":"tag-paris","18":"tag-perturbations","19":"tag-pluies","20":"tag-republique-francaise"},"share_on_mastodon":{"url":"https:\/\/pubeurope.com\/@fr\/115105251201924303","error":""},"_links":{"self":[{"href":"https:\/\/www.europesays.com\/fr\/wp-json\/wp\/v2\/posts\/349493","targetHints":{"allow":["GET"]}}],"collection":[{"href":"https:\/\/www.europesays.com\/fr\/wp-json\/wp\/v2\/posts"}],"about":[{"href":"https:\/\/www.europesays.com\/fr\/wp-json\/wp\/v2\/types\/post"}],"author":[{"embeddable":true,"href":"https:\/\/www.europesays.com\/fr\/wp-json\/wp\/v2\/users\/2"}],"replies":[{"embeddable":true,"href":"https:\/\/www.europesays.com\/fr\/wp-json\/wp\/v2\/comments?post=349493"}],"version-history":[{"count":0,"href":"https:\/\/www.europesays.com\/fr\/wp-json\/wp\/v2\/posts\/349493\/revisions"}],"wp:featuredmedia":[{"embeddable":true,"href":"https:\/\/www.europesays.com\/fr\/wp-json\/wp\/v2\/media\/349494"}],"wp:attachment":[{"href":"https:\/\/www.europesays.com\/fr\/wp-json\/wp\/v2\/media?parent=349493"}],"wp:term":[{"taxonomy":"category","embeddable":true,"href":"https:\/\/www.europesays.com\/fr\/wp-json\/wp\/v2\/categories?post=349493"},{"taxonomy":"post_tag","embeddable":true,"href":"https:\/\/www.europesays.com\/fr\/wp-json\/wp\/v2\/tags?post=349493"}],"curies":[{"name":"wp","href":"https:\/\/api.w.org\/{rel}","templated":true}]}}