{"id":349495,"date":"2025-08-28T07:38:12","date_gmt":"2025-08-28T07:38:12","guid":{"rendered":"https:\/\/www.europesays.com\/fr\/349495\/"},"modified":"2025-08-28T07:38:12","modified_gmt":"2025-08-28T07:38:12","slug":"les-valeurs-a-suivre-a-paris-et-en-europe-28-08-2025-a-0852","status":"publish","type":"post","link":"https:\/\/www.europesays.com\/fr\/349495\/","title":{"rendered":"Les valeurs \u00e0 suivre \u00e0 Paris et en Europe &#8211; 28\/08\/2025 \u00e0 08:52"},"content":{"rendered":"<p>\n * PERNOD RICARD<br \/>\n <a href=\"https:\/\/www.boursorama.com\/cours\/1rPRI\/\" target=\"_blank\" rel=\"noopener\"><br \/>\n  PERP.PA<br \/>\n <\/a><br \/>\n a fait \u00e9tat jeudi d&rsquo;une baisse de 3% en donn\u00e9es organiques de son chiffre d&rsquo;affaires annuel, l\u00e9g\u00e8rement moins forte qu&rsquo;attendu, dans un contexte d&rsquo;incertitudes sur les droits de douane.\n<\/p>\n<p>\n * EIFFAGE<br \/>\n <a href=\"https:\/\/www.boursorama.com\/cours\/1rPFGR\/\" target=\"_blank\" rel=\"noopener\"><br \/>\n  FOUG.PA<br \/>\n <\/a><br \/>\n a fait \u00e9tat mercredi d&rsquo;un chiffre d&rsquo;affaires en hausse de 7,5% au premier semestre, port\u00e9 notamment par l&rsquo;activit\u00e9 travaux, la principale du groupe, qui affiche une croissance de 8,4%.\n<\/p>\n<p>\n * ID LOGISTICS<br \/>\n <a href=\"https:\/\/www.boursorama.com\/cours\/1rPIDL\/\" target=\"_blank\" rel=\"noopener\"><br \/>\n  IDLA.PA<br \/>\n <\/a><br \/>\n a communiqu\u00e9 mercredi une hausse de son b\u00e9n\u00e9fice op\u00e9rationnel courant au premier semestre, citant notamment une activit\u00e9 tr\u00e8s soutenue en France ainsi qu&rsquo;une bonne progression du chiffre d&rsquo;affaires dans le reste de l&rsquo;Europe.\n<\/p>\n<p>\n * EXOSENS SAS<br \/>\n <a href=\"https:\/\/www.boursorama.com\/cours\/1rPEXENS\/\" target=\"_blank\" rel=\"noopener\"><br \/>\n  EXENS.PA<br \/>\n <\/a><br \/>\n a annonc\u00e9 mercredi avoir conclu un accord pour l&rsquo;acquisition de Phasics.\n<\/p>\n<p>\n * GTT<br \/>\n <a href=\"https:\/\/www.boursorama.com\/cours\/1rPGTT\/\" target=\"_blank\" rel=\"noopener\"><br \/>\n  GTT.PA<br \/>\n <\/a><br \/>\n &#8211; Ascenz Marorka a sign\u00e9 un contrat avec Hudong-Zhonghua Shipbuilding pour \u00e9quiper 24 m\u00e9thaniers du syst\u00e8me Sloshield.\n<\/p>\n<p>\n * TECHNIP ENERGIES<br \/>\n <a href=\"https:\/\/www.boursorama.com\/cours\/1rPTE\/\" target=\"_blank\" rel=\"noopener\"><br \/>\n  TE.PA<br \/>\n <\/a><br \/>\n a remport\u00e9 deux contrats significatifs d&rsquo;ing\u00e9nierie en Indon\u00e9sie.\n<\/p>\n<p>\n * DELIVERY HERO<br \/>\n <a href=\"https:\/\/www.boursorama.com\/cours\/1zDHER\/\" target=\"_blank\" rel=\"noopener\"><br \/>\n  DHER.DE<br \/>\n <\/a><br \/>\n a fait \u00e9tat jeudi d&rsquo;une croissance de son chiffre d&rsquo;affaires l\u00e9g\u00e8rement sup\u00e9rieure aux pr\u00e9visions pour le deuxi\u00e8me trimestre.\n<\/p>\n<p>\n * BARCLAYS<br \/>\n <a href=\"https:\/\/www.boursorama.com\/cours\/1uBARC.L\/\" target=\"_blank\" rel=\"noopener\"><br \/>\n  BARC.L<br \/>\n <\/a><br \/>\n a annonc\u00e9 jeudi avoir vendu sa participation dans sa coentreprise Entercard Group \u00e0 son partenaire Swedbank AB<br \/>\n <a href=\"https:\/\/www.boursorama.com\/cours\/2u0H6T.LQ\/\" target=\"_blank\" rel=\"noopener\"><br \/>\n  SWEDa.ST<br \/>\n <\/a><br \/>\n pour 273,2 millions de dollars.\n<\/p>\n<p>\n (R\u00e9dig\u00e9 par Bertrand De Meyer, \u00e9dit\u00e9 par Augustin Turpin)<\/p>\n","protected":false},"excerpt":{"rendered":"* PERNOD RICARD PERP.PA a fait \u00e9tat jeudi d&rsquo;une baisse de 3% en donn\u00e9es organiques de son chiffre&hellip;\n","protected":false},"author":2,"featured_media":64038,"comment_status":"","ping_status":"","sticky":false,"template":"","format":"standard","meta":{"footnotes":""},"categories":[1888],"tags":[400,1111,1928,11,1927,398,408,405,1777,674,1011,27,403,402,399,404,12,1926,626,1925,25,401,406,407],"class_list":{"0":"post-349495","1":"post","2":"type-post","3":"status-publish","4":"format-standard","5":"has-post-thumbnail","7":"category-paris","8":"tag-action-cac-40","9":"tag-actu","10":"tag-actu-paris","11":"tag-actualites","12":"tag-actualites-paris","13":"tag-bourse-de-paris","14":"tag-boursorama","15":"tag-cotations","16":"tag-eu","17":"tag-europe","18":"tag-fr","19":"tag-france","20":"tag-indices-devises","21":"tag-investir","22":"tag-investissement","23":"tag-marche-boursier","24":"tag-news","25":"tag-news-paris","26":"tag-paris","27":"tag-paris-news","28":"tag-republique-francaise","29":"tag-sicav","30":"tag-trackers","31":"tag-warrants"},"share_on_mastodon":{"url":"https:\/\/pubeurope.com\/@fr\/115105254826429223","error":""},"_links":{"self":[{"href":"https:\/\/www.europesays.com\/fr\/wp-json\/wp\/v2\/posts\/349495","targetHints":{"allow":["GET"]}}],"collection":[{"href":"https:\/\/www.europesays.com\/fr\/wp-json\/wp\/v2\/posts"}],"about":[{"href":"https:\/\/www.europesays.com\/fr\/wp-json\/wp\/v2\/types\/post"}],"author":[{"embeddable":true,"href":"https:\/\/www.europesays.com\/fr\/wp-json\/wp\/v2\/users\/2"}],"replies":[{"embeddable":true,"href":"https:\/\/www.europesays.com\/fr\/wp-json\/wp\/v2\/comments?post=349495"}],"version-history":[{"count":0,"href":"https:\/\/www.europesays.com\/fr\/wp-json\/wp\/v2\/posts\/349495\/revisions"}],"wp:featuredmedia":[{"embeddable":true,"href":"https:\/\/www.europesays.com\/fr\/wp-json\/wp\/v2\/media\/64038"}],"wp:attachment":[{"href":"https:\/\/www.europesays.com\/fr\/wp-json\/wp\/v2\/media?parent=349495"}],"wp:term":[{"taxonomy":"category","embeddable":true,"href":"https:\/\/www.europesays.com\/fr\/wp-json\/wp\/v2\/categories?post=349495"},{"taxonomy":"post_tag","embeddable":true,"href":"https:\/\/www.europesays.com\/fr\/wp-json\/wp\/v2\/tags?post=349495"}],"curies":[{"name":"wp","href":"https:\/\/api.w.org\/{rel}","templated":true}]}}