{"id":349499,"date":"2025-08-28T07:41:14","date_gmt":"2025-08-28T07:41:14","guid":{"rendered":"https:\/\/www.europesays.com\/fr\/349499\/"},"modified":"2025-08-28T07:41:14","modified_gmt":"2025-08-28T07:41:14","slug":"les-ecologistes-soutiendront-la-candidate-ps-frederique-bredin","status":"publish","type":"post","link":"https:\/\/www.europesays.com\/fr\/349499\/","title":{"rendered":"les \u00e9cologistes soutiendront la candidate PS Fr\u00e9d\u00e9rique Bredin"},"content":{"rendered":"<p>L\u2019\u00e9lection partielle concerne la deuxi\u00e8me circonscription de Paris. Le scrutin se tiendra les 21 et 28 septembre prochains.<\/p>\n<p class=\"fig-paragraph\">Les \u00e9lus\u00a0<a href=\"http:\/\/www.lefigaro.fr\/politique\/municipales-2026-le-drole-de-jeu-des-ecologistes-20250720\" target=\"_blank\" data-fig-type=\"Article\" rel=\"noopener nofollow\" data-gtm-custom-categorie=\"navigation\" data-gtm-custom-action=\"crossclick\" data-gtm-custom-label=\"Contextuel\" data-gtm-event=\"customEventSPE\" data-fig-domain=\"LEFIGARO\">\u00e9cologistes<\/a>\u00a0ont d\u00e9cid\u00e9 mercredi d\u2019apporter leur soutien \u00e0 la socialiste\u00a0<a href=\"http:\/\/www.lefigaro.fr\/politique\/legislative-partielle-de-paris-la-socialiste-frederique-bredin-candidate-face-a-dati-et-barnier-20250806\" target=\"_blank\" data-fig-type=\"NewsFlash\" rel=\"noopener nofollow\" data-gtm-custom-categorie=\"navigation\" data-gtm-custom-action=\"crossclick\" data-gtm-custom-label=\"Contextuel\" data-gtm-event=\"customEventSPE\" data-fig-domain=\"LEFIGARO\">Fr\u00e9d\u00e9rique Bredin<\/a>\u00a0\u00e0 l\u2019<a href=\"http:\/\/www.lefigaro.fr\/elections\/municipales\/legislative-partielle-municipales-2026-a-paris-les-republicains-a-l-heure-du-choix-pour-eviter-la-guerre-des-chefs-entre-barnier-et-dati-20250727\" target=\"_blank\" data-fig-type=\"Article\" rel=\"noopener nofollow\" data-gtm-custom-categorie=\"navigation\" data-gtm-custom-action=\"crossclick\" data-gtm-custom-label=\"Contextuel\" data-gtm-event=\"customEventSPE\" data-fig-domain=\"LEFIGARO\">\u00e9lection l\u00e9gislative partielle de la 2e circonscription de Paris<\/a>, dont le scrutin est pr\u00e9vu les 21 et 28 septembre, a indiqu\u00e9 \u00e0 l\u2019AFP le candidat \u00e9cologiste \u00e0 la mairie David Belliard, confirmant une information du Parisien.<\/p>\n<p class=\"fig-paragraph\">\u00abNous faisons un choix, qui est celui de la responsabilit\u00e9\u00bb, a d\u00e9clar\u00e9 le responsable \u00e9cologiste \u00e0 l\u2019AFP, ajoutant rester dans \u00abla ligne du Nouveau Front populaire\u00bb, comme aux l\u00e9gislatives de 2024.<\/p>\n<p>                                    <a class=\"fig-a11y-skip a11y-hidden\" href=\"#fig-a11y-skip-main-inarticle\"><br \/>\n        Passer la publicit\u00e9<br \/>\n    <\/a><\/p>\n<p>Le parti \u00e9cologiste pr\u00f4ne \u00abl\u2019union\u00bb<\/p>\n<p class=\"fig-paragraph\">Une r\u00e9union du conseil f\u00e9d\u00e9ral des \u00e9lus \u00e9cologistes s\u2019est tenue mercredi soir pour ent\u00e9riner cette d\u00e9cision, qui doit encore \u00eatre confirm\u00e9e par \u00ables instances nationales\u00bb du parti, selon David Belliard. \u00abNous sortons des bisbilles entre le PS et LFI\u00bb, a soutenu l\u2019adjoint \u00e0 la mairie de Paris, se disant \u00abatterr\u00e9\u00bb par \u00abdes postures d\u2019irresponsabilit\u00e9\u00bb.<\/p>\n<p class=\"fig-paragraph\">\u00abNous sommes dans un contexte politique catastrophique, nous avons un vote de confiance le 8, une mobilisation sociale le 10, nous sommes, s\u2019il y a dissolution, au bord d\u2019une possible victoire du Rassemblement national, nous ne devons pas trahir nos \u00e9lecteurs. Et nos \u00e9lecteurs, ils nous demandent l\u2019union\u00bb, a-t-il estim\u00e9.<\/p>\n<p class=\"fig-paragraph\">Fr\u00e9d\u00e9rique Bredin, ex-ministre de Fran\u00e7ois Mitterrand, est candidate au si\u00e8ge de d\u00e9put\u00e9 de la 2e circonscription, \u00e0 cheval sur les Ve, VIe et VIIe arrondissements, o\u00f9 l\u2019\u00e9lection du macroniste Jean Laussucq a \u00e9t\u00e9 invalid\u00e9e le 11 juillet par le Conseil constitutionnel pour irr\u00e9gularit\u00e9s dans ses comptes de campagne.<\/p>\n<p class=\"fig-paragraph\">\u00c0 ce jour, plusieurs autres personnalit\u00e9s sont en lice: l\u2019ex-Premier ministre\u00a0<a href=\"http:\/\/www.lefigaro.fr\/politique\/legislatives-a-paris-les-republicains-investissent-michel-barnier-rachida-dati-maintient-sa-candidature-20250728\" target=\"_blank\" data-fig-type=\"Article\" rel=\"noopener nofollow\" data-gtm-custom-categorie=\"navigation\" data-gtm-custom-action=\"crossclick\" data-gtm-custom-label=\"Contextuel\" data-gtm-event=\"customEventSPE\" data-fig-domain=\"LEFIGARO\">Michel Barnier<\/a>, investi par Les R\u00e9publicains, l\u2019actuelle ministre de la Culture\u00a0<a href=\"http:\/\/www.lefigaro.fr\/elections\/legislatives\/legislatives-rachida-dati-appelle-la-droite-a-soutenir-une-coalition-afin-d-eviter-le-chaos-au-pays-20240712\" target=\"_blank\" data-fig-type=\"NewsFlash\" rel=\"noopener nofollow\" data-gtm-custom-categorie=\"navigation\" data-gtm-custom-action=\"crossclick\" data-gtm-custom-label=\"Contextuel\" data-gtm-event=\"customEventSPE\" data-fig-domain=\"LEFIGARO\">Rachida Dati<\/a>\u00a0et le RN Thierry Mariani. Toutefois,\u00a0<a href=\"https:\/\/www.lefigaro.fr\/politique\/legislative-partielle-a-paris-les-republicains-sur-le-point-de-finaliser-un-accord-entre-dati-et-barnier-20250826?msockid=1b8fb00c576d69c92d53a6105648680e\" target=\"_blank\" data-fig-type=\"NewsFlash\" rel=\"noopener nofollow\" data-gtm-custom-categorie=\"navigation\" data-gtm-custom-action=\"crossclick\" data-gtm-custom-label=\"Contextuel\" data-gtm-event=\"customEventSPE\" data-fig-domain=\"LEFIGARO\">le duel fratricide \u00e0 droite n\u2019aura probablement pas lieu<\/a>, Rachida Dati ayant obtenu que le parti la d\u00e9signe officiellement comme sa candidate \u00e0 la mairie en 2026 lors d\u2019une commission nationale d\u2019investiture pr\u00e9vue jeudi soir, selon un dirigeant LR. Elle laisserait alors le champ libre \u00e0 Michel Barnier \u00e0 la l\u00e9gislative partielle.<\/p>\n<p class=\"fig-paragraph\">De son c\u00f4t\u00e9, Fr\u00e9d\u00e9rique Bredin a \u00e9crit le 18 ao\u00fbt au Premier ministre Fran\u00e7ois Bayrou pour lui demander un report du scrutin \u00e0 d\u00e9but octobre, en \u00e9voquant des d\u00e9lais trop serr\u00e9s et un t\u00e9lescopage avec les Journ\u00e9es du patrimoine et le\u00a0<a href=\"http:\/\/www.lefigaro.fr\/actualite-france\/rachida-dati-et-carlos-ghosn-renvoyes-en-proces-pour-corruption-et-trafic-d-influence-20250722\" target=\"_blank\" data-fig-type=\"NewsFlash\" rel=\"noopener nofollow\" data-gtm-custom-categorie=\"navigation\" data-gtm-custom-action=\"crossclick\" data-gtm-custom-label=\"Contextuel\" data-gtm-event=\"customEventSPE\" data-fig-domain=\"LEFIGARO\">calendrier judiciaire de Rachida Dati<\/a>. La date du proc\u00e8s de cette derni\u00e8re, renvoy\u00e9e pour corruption et trafic d\u2019influence, devrait \u00eatre connue le 29 septembre, soit le lendemain du second tour.<\/p>\n","protected":false},"excerpt":{"rendered":"L\u2019\u00e9lection partielle concerne la deuxi\u00e8me circonscription de Paris. Le scrutin se tiendra les 21 et 28 septembre prochains.&hellip;\n","protected":false},"author":2,"featured_media":349500,"comment_status":"","ping_status":"","sticky":false,"template":"","format":"standard","meta":{"footnotes":""},"categories":[1888],"tags":[11,2339,8513,1777,674,1011,27,12,626,3541,25],"class_list":{"0":"post-349499","1":"post","2":"type-post","3":"status-publish","4":"format-standard","5":"has-post-thumbnail","7":"category-paris","8":"tag-actualites","9":"tag-ecologistes","10":"tag-elections-legislatives","11":"tag-eu","12":"tag-europe","13":"tag-fr","14":"tag-france","15":"tag-news","16":"tag-paris","17":"tag-parti-socialiste","18":"tag-republique-francaise"},"share_on_mastodon":{"url":"https:\/\/pubeurope.com\/@fr\/115105266728551023","error":""},"_links":{"self":[{"href":"https:\/\/www.europesays.com\/fr\/wp-json\/wp\/v2\/posts\/349499","targetHints":{"allow":["GET"]}}],"collection":[{"href":"https:\/\/www.europesays.com\/fr\/wp-json\/wp\/v2\/posts"}],"about":[{"href":"https:\/\/www.europesays.com\/fr\/wp-json\/wp\/v2\/types\/post"}],"author":[{"embeddable":true,"href":"https:\/\/www.europesays.com\/fr\/wp-json\/wp\/v2\/users\/2"}],"replies":[{"embeddable":true,"href":"https:\/\/www.europesays.com\/fr\/wp-json\/wp\/v2\/comments?post=349499"}],"version-history":[{"count":0,"href":"https:\/\/www.europesays.com\/fr\/wp-json\/wp\/v2\/posts\/349499\/revisions"}],"wp:featuredmedia":[{"embeddable":true,"href":"https:\/\/www.europesays.com\/fr\/wp-json\/wp\/v2\/media\/349500"}],"wp:attachment":[{"href":"https:\/\/www.europesays.com\/fr\/wp-json\/wp\/v2\/media?parent=349499"}],"wp:term":[{"taxonomy":"category","embeddable":true,"href":"https:\/\/www.europesays.com\/fr\/wp-json\/wp\/v2\/categories?post=349499"},{"taxonomy":"post_tag","embeddable":true,"href":"https:\/\/www.europesays.com\/fr\/wp-json\/wp\/v2\/tags?post=349499"}],"curies":[{"name":"wp","href":"https:\/\/api.w.org\/{rel}","templated":true}]}}