{"id":349501,"date":"2025-08-28T07:42:09","date_gmt":"2025-08-28T07:42:09","guid":{"rendered":"https:\/\/www.europesays.com\/fr\/349501\/"},"modified":"2025-08-28T07:42:09","modified_gmt":"2025-08-28T07:42:09","slug":"des-frappes-russes-endommagent-la-delegation-de-lue-en-ukraine","status":"publish","type":"post","link":"https:\/\/www.europesays.com\/fr\/349501\/","title":{"rendered":"Des frappes russes endommagent la d\u00e9l\u00e9gation de l&rsquo;UE en Ukraine"},"content":{"rendered":"<p>La d\u00e9l\u00e9gation de l\u2019UE en Ukraine \u00e0 Kiev a \u00e9t\u00e9 \u00ab\u2009gravement endommag\u00e9e\u2009\u00bb par les frappes a\u00e9riennes russes jeudi 28 ao\u00fbt, selon de hauts fonctionnaires de l\u2019UE.<\/p>\n<p>\u00ab\u2009La d\u00e9l\u00e9gation de l\u2019UE \u00e0 Kiev a \u00e9t\u00e9 endommag\u00e9e par les frappes russes d\u2019aujourd\u2019hui sur des zones civiles\u2009\u00bb, <a href=\"https:\/\/x.com\/MartaKosEU\/status\/1960950920784617979?t=PLuX-hiibWzs-DWvghT63A&amp;s=09\" target=\"_blank\" rel=\"noopener nofollow\">a \u00e9crit<\/a> la commissaire europ\u00e9enne charg\u00e9e de l\u2019\u00c9largissement, Marta Kos, sur X.<\/p>\n<p>\u00ab\u2009Je condamne fermement ces attaques brutales, qui montrent clairement que la Russie rejette la paix et choisit la terreur\u2009\u00bb, a poursuivi Marta Kos. \u00ab\u2009Notre enti\u00e8re solidarit\u00e9 va au personnel de l\u2019UE, \u00e0 leurs familles et \u00e0 tous les Ukrainiens qui subissent cette agression. \u00bb\u00a0<\/p>\n<p>Katarina Mathernova, ambassadrice de l\u2019UE \u00e0 Kiev, a ajout\u00e9 que la d\u00e9l\u00e9gation \u00ab\u2009a \u00e9t\u00e9 gravement endommag\u00e9e par l\u2019onde de choc\u2009\u00bb g\u00e9n\u00e9r\u00e9e par un tir de missile direct sur un b\u00e2timent civil situ\u00e9 \u00e0 proximit\u00e9.<\/p>\n<p>\u00ab\u2009La \u201cpaix\u201d de la Russie hier soir\u00a0: une attaque massive sur Kiev avec des drones et des missiles balistiques. Au moins 10\u00a0morts, 30\u00a0bless\u00e9s, de nombreux b\u00e2timents d\u00e9truits\u2009\u00bb, <a href=\"https:\/\/x.com\/kmathernova\/status\/1960955497248387267\" rel=\"nofollow\">a-t-elle \u00e9crit<\/a>. \u00ab\u2009C\u2019est la v\u00e9ritable r\u00e9ponse de Moscou aux efforts de paix.\u2009\u00bb<\/p>\n<p>Le ministre ukrainien des Affaires \u00e9trang\u00e8res, Andrii Sybiha, a, lui aussi, r\u00e9agi sur X, en accompagnant <a href=\"https:\/\/x.com\/andrii_sybiha\/status\/1960945870553145415?t=sdzD3e_G8mU9l_pSQSgEBg&amp;s=09\" target=\"_blank\" rel=\"noopener nofollow\">sa publication<\/a> de photographies t\u00e9moignant de la violence de l\u2019attaque : \u00ab\u2009 Lors de cette frappe nocturne, la Russie a \u00e9galement cibl\u00e9 des diplomates, en violation flagrante de la Convention de Vienne. La mission de l\u2019UE en Ukraine a \u00e9t\u00e9 endommag\u00e9e. Cette situation exige une condamnation non seulement de l\u2019UE, mais aussi de la communaut\u00e9 internationale. Nous exprimons notre solidarit\u00e9 avec nos coll\u00e8gues de l\u2019UE et sommes pr\u00eats \u00e0 leur apporter notre aide. \u00bb<\/p>\n<p>Aucun employ\u00e9 de la d\u00e9l\u00e9gation n\u2019aurait trouv\u00e9 la mort, malgr\u00e9 les d\u00e9g\u00e2ts consid\u00e9rables subis \u00e0 plusieurs \u00e9tages du b\u00e2timent.<\/p>\n<p>Ce n\u2019est pas la premi\u00e8re fois que la Russie s\u2019en prend \u00e0 des infrastructures civiles autour de la d\u00e9l\u00e9gation, situ\u00e9e au c\u0153ur de la capitale ukrainienne. En juin, un drone Shahed a <a href=\"https:\/\/x.com\/kmathernova\/status\/1932343024383627716\" rel=\"nofollow\">gravement endommag\u00e9 <\/a>un immeuble de bureaux situ\u00e9 \u00e0 proximit\u00e9 des b\u00e2timents.<\/p>\n<p>La Russie a intensifi\u00e9 ses frappes a\u00e9riennes en Ukraine au cours des derniers mois, malgr\u00e9 les efforts croissants de l\u2019Occident pour parvenir \u00e0 un r\u00e8glement diplomatique de la guerre.<\/p>\n<p>Les ministres de la D\u00e9fense de l\u2019Union europ\u00e9enne se r\u00e9unissent aujourd\u2019hui \u00e0 Copenhague pour discuter du soutien \u00e0 apporter \u00e0 l\u2019Ukraine et du maintien de la pression sur la Russie afin qu\u2019elle mette fin \u00e0 son invasion massive, qui a d\u00e9but\u00e9 en f\u00e9vrier 2022.<\/p>\n<p>Cet article est susceptible d\u2019\u00eatre mis \u00e0 jour \u00e0 mesure que de nouvelles informations nous parviennent.<\/p>\n","protected":false},"excerpt":{"rendered":"La d\u00e9l\u00e9gation de l\u2019UE en Ukraine \u00e0 Kiev a \u00e9t\u00e9 \u00ab\u2009gravement endommag\u00e9e\u2009\u00bb par les frappes a\u00e9riennes russes jeudi&hellip;\n","protected":false},"author":2,"featured_media":349502,"comment_status":"","ping_status":"","sticky":false,"template":"","format":"standard","meta":{"footnotes":""},"categories":[1591],"tags":[11,1887,12,1885,1886,132],"class_list":{"0":"post-349501","1":"post","2":"type-post","3":"status-publish","4":"format-standard","5":"has-post-thumbnail","7":"category-russie","8":"tag-actualites","9":"tag-federation-de-russie","10":"tag-news","11":"tag-russia","12":"tag-russian-federation","13":"tag-russie"},"share_on_mastodon":{"url":"https:\/\/pubeurope.com\/@fr\/115105270587487254","error":""},"_links":{"self":[{"href":"https:\/\/www.europesays.com\/fr\/wp-json\/wp\/v2\/posts\/349501","targetHints":{"allow":["GET"]}}],"collection":[{"href":"https:\/\/www.europesays.com\/fr\/wp-json\/wp\/v2\/posts"}],"about":[{"href":"https:\/\/www.europesays.com\/fr\/wp-json\/wp\/v2\/types\/post"}],"author":[{"embeddable":true,"href":"https:\/\/www.europesays.com\/fr\/wp-json\/wp\/v2\/users\/2"}],"replies":[{"embeddable":true,"href":"https:\/\/www.europesays.com\/fr\/wp-json\/wp\/v2\/comments?post=349501"}],"version-history":[{"count":0,"href":"https:\/\/www.europesays.com\/fr\/wp-json\/wp\/v2\/posts\/349501\/revisions"}],"wp:featuredmedia":[{"embeddable":true,"href":"https:\/\/www.europesays.com\/fr\/wp-json\/wp\/v2\/media\/349502"}],"wp:attachment":[{"href":"https:\/\/www.europesays.com\/fr\/wp-json\/wp\/v2\/media?parent=349501"}],"wp:term":[{"taxonomy":"category","embeddable":true,"href":"https:\/\/www.europesays.com\/fr\/wp-json\/wp\/v2\/categories?post=349501"},{"taxonomy":"post_tag","embeddable":true,"href":"https:\/\/www.europesays.com\/fr\/wp-json\/wp\/v2\/tags?post=349501"}],"curies":[{"name":"wp","href":"https:\/\/api.w.org\/{rel}","templated":true}]}}