{"id":349503,"date":"2025-08-28T07:43:18","date_gmt":"2025-08-28T07:43:18","guid":{"rendered":"https:\/\/www.europesays.com\/fr\/349503\/"},"modified":"2025-08-28T07:43:18","modified_gmt":"2025-08-28T07:43:18","slug":"lafrique-du-sud-reclame-une-rencontre-en-urgence-entre-kiev-et-moscou-apres-un-appel-avec-zelensky","status":"publish","type":"post","link":"https:\/\/www.europesays.com\/fr\/349503\/","title":{"rendered":"L\u2019Afrique du sud r\u00e9clame une rencontre en \u00aburgence\u00bb entre Kiev et Moscou apr\u00e8s un appel avec Zelensky"},"content":{"rendered":"<p><strong>Le pr\u00e9sident sud-africain Cyril Ramaphosa a \u00absoulign\u00e9 l&rsquo;urgence\u00bb samedi d&rsquo;organiser des rencontres entre Kiev et Moscou lors d&rsquo;un appel avec son homologue ukrainien Volodymyr Zelensky, puis avec les chefs d&rsquo;\u00c9tat fran\u00e7ais et finlandais, selon un communiqu\u00e9 de Pretoria.<\/strong><\/p>\n<p class=\"toreadalso-fromEMP\"><strong>\u2022 \u00c0 lire aussi: <\/strong><a href=\"https:\/\/www.tvanouvelles.ca\/2025\/08\/22\/zelensky-accuse-poutine-de-vouloir-echapper-a-une-rencontre-pour-la-paix\" target=\"c5adf3b7-cde3-4019-ae6e-518951130d7e\" rel=\"noopener\"><strong>Zelensky accuse Poutine de vouloir \u00ab\u00e9chapper\u00bb \u00e0 une rencontre pour la paix<\/strong><\/a><\/p>\n<p class=\"toreadalso-fromEMP\"><strong>\u2022 \u00c0 lire aussi: <\/strong><a href=\"https:\/\/www.journaldemontreal.com\/2025\/08\/22\/trump-dit-que-reunir-poutine-et-zelensky-equivaut-a-melanger-de-lhuile-et-du-vinaigre\" target=\"f12114e3-8683-41f9-b9ab-c290196b133d\" rel=\"noopener\"><strong>Trump dit que r\u00e9unir Poutine et Zelensky \u00e9quivaut \u00e0 m\u00e9langer \u00abde l\u2019huile et du vinaigre\u00bb<\/strong><\/a><\/p>\n<p class=\"toreadalso-fromEMP\"><strong>\u2022 \u00c0 lire aussi: <\/strong><a href=\"https:\/\/www.journaldemontreal.com\/2025\/08\/21\/ukraine-trump-en-saura-plus-dans-les-deux-prochaines-semaines-sur-les-chances-de-paix\" target=\"a3ad666d-ccbe-43c4-8081-46f68b672889\" rel=\"noopener\"><strong>Ukraine: Trump en saura plus \u00abdans les deux prochaines semaines\u00bb sur les chances de paix<\/strong><\/a><\/p>\n<p>Malgr\u00e9 des entretiens du pr\u00e9sident am\u00e9ricain Donald Trump avec les deux camps en une semaine, la perspective d&rsquo;une rencontre entre Volodymyr Zelensky et Vladimir Poutine semble s&rsquo;\u00e9loigner, Kiev et Moscou s&rsquo;en rejetant la faute.<\/p>\n<p>Lors de son appel avec Cyril Ramaphosa, le pr\u00e9sident ukrainien a r\u00e9affirm\u00e9, selon un message sur les r\u00e9seaux sociaux, sa \u00abdisponibilit\u00e9 pour toute forme de rencontre avec le chef de l&rsquo;\u00c9tat russe\u00bb.<\/p>\n<p>Il a aussi accus\u00e9 Moscou de \u00abfaire encore tra\u00eener les choses\u00bb et appel\u00e9 le Sud global \u00e0 \u00abenvoyer les signaux appropri\u00e9s et pousser la Russie vers la paix\u00bb.<\/p>\n<p>\u00abLe pr\u00e9sident Ramaphosa a soulign\u00e9 l&rsquo;urgence d&rsquo;organiser des rencontres bilat\u00e9rales et trilat\u00e9rales entre les dirigeants de la Russie, de l&rsquo;Ukraine et des \u00c9tats-Unis, indispensables pour d\u00e9montrer l&rsquo;engagement ferme de chacun \u00e0 mettre fin \u00e0 la guerre\u00bb, indique un communiqu\u00e9 de la pr\u00e9sidence sud-africaine.<\/p>\n<p>Il doit \u00e9galement s&rsquo;entretenir avec d&rsquo;\u00abautres dirigeants europ\u00e9ens\u00bb dans les \u00abjours et semaines \u00e0 venir\u00bb, apr\u00e8s des appels samedi avec le Fran\u00e7ais Emmanuel Macron et le Finlandais Alexander Stubb.<\/p>\n<p>Actuellement \u00e0 la t\u00eate du G20, Cyril Ramaphosa a \u00e9chang\u00e9 lundi avec Vladimir Poutine, qu&rsquo;il avait qualifi\u00e9 d&rsquo;\u00aballi\u00e9 cher\u00bb et d&rsquo;\u00abami pr\u00e9cieux\u00bb en octobre lors du sommet des Brics.<\/p>\n<p>Mais pour la premi\u00e8re fois depuis l&rsquo;attaque russe de l&rsquo;Ukraine, l&rsquo;Afrique du Sud a vot\u00e9 en d\u00e9but d&rsquo;ann\u00e9e une r\u00e9solution de l&rsquo;ONU qualifiant la guerre \u00abd&rsquo;invasion totale de l&rsquo;Ukraine\u00bb par la Russie et \u00abr\u00e9affirmant son attachement\u00bb \u00e0 l&rsquo;\u00abint\u00e9grit\u00e9 territoriale\u00bb du pays.<\/p>\n","protected":false},"excerpt":{"rendered":"Le pr\u00e9sident sud-africain Cyril Ramaphosa a \u00absoulign\u00e9 l&rsquo;urgence\u00bb samedi d&rsquo;organiser des rencontres entre Kiev et Moscou lors d&rsquo;un&hellip;\n","protected":false},"author":2,"featured_media":349504,"comment_status":"","ping_status":"","sticky":false,"template":"","format":"standard","meta":{"footnotes":""},"categories":[1590],"tags":[11,1777,674,12,220],"class_list":{"0":"post-349503","1":"post","2":"type-post","3":"status-publish","4":"format-standard","5":"has-post-thumbnail","7":"category-ukraine","8":"tag-actualites","9":"tag-eu","10":"tag-europe","11":"tag-news","12":"tag-ukraine"},"share_on_mastodon":{"url":"https:\/\/pubeurope.com\/@fr\/115105274484611197","error":""},"_links":{"self":[{"href":"https:\/\/www.europesays.com\/fr\/wp-json\/wp\/v2\/posts\/349503","targetHints":{"allow":["GET"]}}],"collection":[{"href":"https:\/\/www.europesays.com\/fr\/wp-json\/wp\/v2\/posts"}],"about":[{"href":"https:\/\/www.europesays.com\/fr\/wp-json\/wp\/v2\/types\/post"}],"author":[{"embeddable":true,"href":"https:\/\/www.europesays.com\/fr\/wp-json\/wp\/v2\/users\/2"}],"replies":[{"embeddable":true,"href":"https:\/\/www.europesays.com\/fr\/wp-json\/wp\/v2\/comments?post=349503"}],"version-history":[{"count":0,"href":"https:\/\/www.europesays.com\/fr\/wp-json\/wp\/v2\/posts\/349503\/revisions"}],"wp:featuredmedia":[{"embeddable":true,"href":"https:\/\/www.europesays.com\/fr\/wp-json\/wp\/v2\/media\/349504"}],"wp:attachment":[{"href":"https:\/\/www.europesays.com\/fr\/wp-json\/wp\/v2\/media?parent=349503"}],"wp:term":[{"taxonomy":"category","embeddable":true,"href":"https:\/\/www.europesays.com\/fr\/wp-json\/wp\/v2\/categories?post=349503"},{"taxonomy":"post_tag","embeddable":true,"href":"https:\/\/www.europesays.com\/fr\/wp-json\/wp\/v2\/tags?post=349503"}],"curies":[{"name":"wp","href":"https:\/\/api.w.org\/{rel}","templated":true}]}}