{"id":349509,"date":"2025-08-28T07:46:10","date_gmt":"2025-08-28T07:46:10","guid":{"rendered":"https:\/\/www.europesays.com\/fr\/349509\/"},"modified":"2025-08-28T07:46:10","modified_gmt":"2025-08-28T07:46:10","slug":"allemagne-les-premiers-pas-compliques-du-chancelier-merz","status":"publish","type":"post","link":"https:\/\/www.europesays.com\/fr\/349509\/","title":{"rendered":"Allemagne : les premiers pas compliqu\u00e9s du chancelier Merz"},"content":{"rendered":"<p class=\"PopSlotParagraph qg-tx2 qg-xtra-lh svelte-1r0pyek\">Les chanceliers allemands ne sont pas nombreux \u00e0 avoir \u00e9t\u00e9 re\u00e7us au Fort de Br\u00e9gan\u00e7on, la r\u00e9sidence d&rsquo;\u00e9t\u00e9 du pr\u00e9sident de la R\u00e9publique fran\u00e7aise. C&rsquo;est le cas de Friedrich Merz, accueilli sur place ce jeudi 28 ao\u00fbt 2025 par Emmanuel Macron, avant de participer \u00e0 un Conseil des ministres franco-allemand vendredi \u00e0 Toulon.<\/p>\n<p class=\"PopSlotParagraph qg-tx2 qg-xtra-lh svelte-1r0pyek\">L&rsquo;objectif est de conforter, voire relancer, le couple franco-allemand, apr\u00e8s des relations plus fra\u00eeches avec le pr\u00e9c\u00e9dent chancelier Olaf Scholz.<\/p>\n<p class=\"PopSlotParagraph qg-tx2 qg-xtra-lh svelte-1r0pyek\">Mais si la relation entre les deux hommes semble plut\u00f4t au beau fixe, celle que Merz entretient avec les Allemands n&rsquo;est pas au diapason.<\/p>\n<p class=\"PopSlotParagraph qg-tx2 qg-xtra-lh svelte-1r0pyek\">Un peu plus de 100 jours apr\u00e8s son arriv\u00e9e au pouvoir, le nouvel homme fort de la premi\u00e8re puissance \u00e9conomique europ\u00e9enne est impopulaire : \u00e0 peine un tiers des \u00e9lecteurs se disent satisfaits de son action, selon un sondage Forsa pour la cha\u00eene de t\u00e9l\u00e9vision N-TV.<\/p>\n<p> La rupture de confiance s&rsquo;est op\u00e9r\u00e9e assez vite.<\/p>\n<p class=\"PopSlotParagraph qg-tx2 qg-xtra-lh svelte-1r0pyek\">Pour une majorit\u00e9 d&rsquo;Allemands, le chancelier a manqu\u00e9 \u00e0 ses engagements.\u00a0Pendant sa campagne, Friedrich Merz avait assur\u00e9 qu&rsquo;il poursuivrait la politique d&rsquo;orthodoxie budg\u00e9taire ch\u00e8re \u00e0 l&rsquo;Allemagne. Or, l&rsquo;une de ses premi\u00e8res annonces a \u00e9t\u00e9 la lev\u00e9e d&rsquo;un tabou : le recours \u00e0 l&rsquo;endettement, pour redonner du souffle \u00e0 la croissance et r\u00e9armer le pays.<\/p>\n<p class=\"PopSlotParagraph qg-tx2 qg-xtra-lh svelte-1r0pyek\">Et puis il y a eu des promesses d\u00e9\u00e7ues : celle d&rsquo;all\u00e9ger la facture d&rsquo;\u00e9lectricit\u00e9 pour tous. \u00c0 l&rsquo;arriv\u00e9e, la mesure ne concernera que les secteurs de l&rsquo;industrie et de l&rsquo;agriculture. Les m\u00e9nages en sont pour leurs frais.<\/p>\n<p> \u00ab\u00a0Chancelier de l&rsquo;\u00e9tranger\u00a0\u00bb<\/p>\n<p class=\"PopSlotParagraph qg-tx2 qg-xtra-lh svelte-1r0pyek\">Les Allemands lui reprochent de s&rsquo;int\u00e9resser plus aux grandes affaires de ce monde qu&rsquo;\u00e0 leurs probl\u00e8mes. Un d\u00e9sint\u00e9r\u00eat suppos\u00e9 qui lui a d&rsquo;ailleurs valu un surnom : \u00ab\u00a0Aussenkanzler\u00a0\u00bb, chancelier de l&rsquo;\u00e9tranger. Il est vrai que depuis son entr\u00e9e en fonction, il multiplie les d\u00e9placements : neuf\u00a0capitales europ\u00e9ennes visit\u00e9es le premier mois de son mandat. Mais l\u00e0 aussi certaines prises de position ou ambigu\u00eft\u00e9s ne sont pas pass\u00e9es inaper\u00e7ues.<\/p>\n<p class=\"PopSlotParagraph qg-tx2 qg-xtra-lh svelte-1r0pyek\">Il y a 10 jours, il n&rsquo;excluait pas d&rsquo;envoyer des troupes allemandes en Ukraine, ce qui a d\u00e9clench\u00e9 une vive pol\u00e9mique outre-Rhin. Quelques jours plus t\u00f4t, le chancelier allemand avait d\u00fb interrompre ses vacances pour justifier sa d\u00e9cision de suspendre les livraisons d&rsquo;armes vers Isra\u00ebl. Une d\u00e9cision qui n&rsquo;avait pas \u00e9t\u00e9 comprise dans son propre camp.<\/p>\n<p> La coalition avec le SPD semble bien fragile<\/p>\n<p class=\"PopSlotParagraph qg-tx2 qg-xtra-lh svelte-1r0pyek\">Les d\u00e9buts de la coalition CDU \/CSU et SPD ont connu des d\u00e9buts difficiles. En juillet, les partis de droite ont refus\u00e9 de valider la candidature pr\u00e9sent\u00e9e par le parti social-d\u00e9mocrate, en vue du renouvellement des si\u00e8ges de la Cour constitutionnelle. Ils reprochaient \u00e0 la candidate Frauke Brosius-Gersdorf ses positions jug\u00e9es trop lib\u00e9rales sur l&rsquo;avortement, ainsi que son soutien \u00e0 une interdiction du parti d&rsquo;extr\u00eame droite AfD. Cette juriste et universitaire a fini par jeter l&rsquo;\u00e9ponge.<\/p>\n<p class=\"PopSlotParagraph qg-tx2 qg-xtra-lh svelte-1r0pyek\">Un deuxi\u00e8me sujet risque de cr\u00e9er des dissensions entre les deux partenaires : celui de la r\u00e9forme des aides sociales. Samedi 23 ao\u00fbt 2025, lors d&rsquo;un congr\u00e8s r\u00e9gional du CDU de Basse-Saxe, Friedrich Merz a demand\u00e9 \u00e0 son partenaire social-d\u00e9mocrate de soutenir ce projet. \u00ab\u00a0L&rsquo;\u00c9tat providence tel que nous le connaissons aujourd&rsquo;hui n&rsquo;est plus financi\u00e8rement viable\u00a0\u00bb, a-t-il ass\u00e9n\u00e9, reconnaissant ne \u00ab\u00a0pas faciliter la t\u00e2che\u00a0\u00bb au SPD avec cette mesure.<\/p>\n<p class=\"PopSlotParagraph qg-tx2 qg-xtra-lh svelte-1r0pyek\">Merz divise donc, mais il garde quand m\u00eame un soutien : celui du monde \u00e9conomique plut\u00f4t satisfait de sa volont\u00e9 r\u00e9formatrice et qui attend aujourd&rsquo;hui des r\u00e9sultats.<\/p>\n","protected":false},"excerpt":{"rendered":"Les chanceliers allemands ne sont pas nombreux \u00e0 avoir \u00e9t\u00e9 re\u00e7us au Fort de Br\u00e9gan\u00e7on, la r\u00e9sidence d&rsquo;\u00e9t\u00e9&hellip;\n","protected":false},"author":2,"featured_media":349510,"comment_status":"","ping_status":"","sticky":false,"template":"","format":"standard","meta":{"footnotes":""},"categories":[1587],"tags":[11,672,1804,1805,1803,1777,674,1801,12,1802],"class_list":{"0":"post-349509","1":"post","2":"type-post","3":"status-publish","4":"format-standard","5":"has-post-thumbnail","7":"category-allemagne","8":"tag-actualites","9":"tag-allemagne","10":"tag-bundesrepublik-deutschland","11":"tag-de","12":"tag-deutschland","13":"tag-eu","14":"tag-europe","15":"tag-germany","16":"tag-news","17":"tag-republique-federale-dallemagne"},"share_on_mastodon":{"url":"https:\/\/pubeurope.com\/@fr\/115105286307638053","error":""},"_links":{"self":[{"href":"https:\/\/www.europesays.com\/fr\/wp-json\/wp\/v2\/posts\/349509","targetHints":{"allow":["GET"]}}],"collection":[{"href":"https:\/\/www.europesays.com\/fr\/wp-json\/wp\/v2\/posts"}],"about":[{"href":"https:\/\/www.europesays.com\/fr\/wp-json\/wp\/v2\/types\/post"}],"author":[{"embeddable":true,"href":"https:\/\/www.europesays.com\/fr\/wp-json\/wp\/v2\/users\/2"}],"replies":[{"embeddable":true,"href":"https:\/\/www.europesays.com\/fr\/wp-json\/wp\/v2\/comments?post=349509"}],"version-history":[{"count":0,"href":"https:\/\/www.europesays.com\/fr\/wp-json\/wp\/v2\/posts\/349509\/revisions"}],"wp:featuredmedia":[{"embeddable":true,"href":"https:\/\/www.europesays.com\/fr\/wp-json\/wp\/v2\/media\/349510"}],"wp:attachment":[{"href":"https:\/\/www.europesays.com\/fr\/wp-json\/wp\/v2\/media?parent=349509"}],"wp:term":[{"taxonomy":"category","embeddable":true,"href":"https:\/\/www.europesays.com\/fr\/wp-json\/wp\/v2\/categories?post=349509"},{"taxonomy":"post_tag","embeddable":true,"href":"https:\/\/www.europesays.com\/fr\/wp-json\/wp\/v2\/tags?post=349509"}],"curies":[{"name":"wp","href":"https:\/\/api.w.org\/{rel}","templated":true}]}}