{"id":349513,"date":"2025-08-28T07:48:13","date_gmt":"2025-08-28T07:48:13","guid":{"rendered":"https:\/\/www.europesays.com\/fr\/349513\/"},"modified":"2025-08-28T07:48:13","modified_gmt":"2025-08-28T07:48:13","slug":"vih-lunion-europeenne-valide-la-commercialisation-dun-traitement-prometteur-linfo-re","status":"publish","type":"post","link":"https:\/\/www.europesays.com\/fr\/349513\/","title":{"rendered":"VIH : l\u2019Union Europ\u00e9enne valide la commercialisation d\u2019un traitement prometteur &#8211; LINFO.re"},"content":{"rendered":"<p>Un nouveau traitement pr\u00e9ventif contre le VIH arrivera prochainement sur le march\u00e9 europ\u00e9en. La Commission europ\u00e9enne a autoris\u00e9 la commercialisation du Yeytuo, un rem\u00e8de qui ne requiert que deux injections par an.<\/p>\n<p>Les personnes porteuses de VIH pourraient dire adieu \u00e0 leurs comprim\u00e9s quotidiens. Apr\u00e8s les \u00c9tats-Unis en juin, c\u2019est au tour de la Commission europ\u00e9enne d\u2019autoriser\u00a0la commercialisation d\u2019un nouveau traitement pr\u00e9ventif contre le sida.<\/p>\n<p>C\u2019est ce qu\u2019a annonc\u00e9 l\u2019entreprise am\u00e9ricaine Gilead\u00a0dans un communiqu\u00e9 de presse, qui travaille sur ce rem\u00e8de. Baptis\u00e9 Yeytuo en Europe (Yeztugo aux Etats-Unis), ce traitement ne requiert que deux injections par an, alors que la grande majorit\u00e9 de ses concurrents, eux requi\u00e8rent la prise quotidienne d\u2019un comprim\u00e9.\u00a0<\/p>\n<p><strong>Un traitement contre le VIH oui\u00a0! Mais \u00e0 quel prix\u00a0?\u00a0<\/strong><\/p>\n<p>M\u00eame si ce rem\u00e8de semble prometteur, un probl\u00e8me persiste. Gilead avait d\u00e9clar\u00e9 en juin \u00e0 l\u2019AFP (Agence France-Presse) que le Yeztugo co\u00fbterait plus de 28 000 dollars, soit 24 euros par an et par patient. Un probl\u00e8me qui pourrait d\u00e9j\u00e0 \u00eatre r\u00e9solu.\u00a0<\/p>\n<p>En 2024, Gilead a pass\u00e9 un accord avec des fabricants pour produire et vendre son rem\u00e8de anti-VIH \u00e0 bas co\u00fbt (et en quantit\u00e9) dans plus de cent pays en d\u00e9veloppement. Pour les pays \u00e0 revenus faibles ou interm\u00e9diaires, l\u2019entreprise am\u00e9ricaine a pass\u00e9 un accord avec le Fond Mondial, pour leur fournir des traitements.\u00a0<\/p>\n","protected":false},"excerpt":{"rendered":"Un nouveau traitement pr\u00e9ventif contre le VIH arrivera prochainement sur le march\u00e9 europ\u00e9en. La Commission europ\u00e9enne a autoris\u00e9&hellip;\n","protected":false},"author":2,"featured_media":349514,"comment_status":"","ping_status":"","sticky":false,"template":"","format":"standard","meta":{"footnotes":""},"categories":[1586],"tags":[47,11,1777,674,1779,1011,27,6335,1922,48601,74,12,7224,25,71,20167,1778,364],"class_list":{"0":"post-349513","1":"post","2":"type-post","3":"status-publish","4":"format-standard","5":"has-post-thumbnail","7":"category-europe","8":"tag-actualite","9":"tag-actualites","10":"tag-eu","11":"tag-europe","12":"tag-european-union","13":"tag-fr","14":"tag-france","15":"tag-home-page","16":"tag-info","17":"tag-lutte-contre-le-sida","18":"tag-monde","19":"tag-news","20":"tag-newsletter-soir","21":"tag-republique-francaise","22":"tag-sante","23":"tag-sida","24":"tag-ue","25":"tag-union-europeenne"},"share_on_mastodon":{"url":"https:\/\/pubeurope.com\/@fr\/115105294192517931","error":""},"_links":{"self":[{"href":"https:\/\/www.europesays.com\/fr\/wp-json\/wp\/v2\/posts\/349513","targetHints":{"allow":["GET"]}}],"collection":[{"href":"https:\/\/www.europesays.com\/fr\/wp-json\/wp\/v2\/posts"}],"about":[{"href":"https:\/\/www.europesays.com\/fr\/wp-json\/wp\/v2\/types\/post"}],"author":[{"embeddable":true,"href":"https:\/\/www.europesays.com\/fr\/wp-json\/wp\/v2\/users\/2"}],"replies":[{"embeddable":true,"href":"https:\/\/www.europesays.com\/fr\/wp-json\/wp\/v2\/comments?post=349513"}],"version-history":[{"count":0,"href":"https:\/\/www.europesays.com\/fr\/wp-json\/wp\/v2\/posts\/349513\/revisions"}],"wp:featuredmedia":[{"embeddable":true,"href":"https:\/\/www.europesays.com\/fr\/wp-json\/wp\/v2\/media\/349514"}],"wp:attachment":[{"href":"https:\/\/www.europesays.com\/fr\/wp-json\/wp\/v2\/media?parent=349513"}],"wp:term":[{"taxonomy":"category","embeddable":true,"href":"https:\/\/www.europesays.com\/fr\/wp-json\/wp\/v2\/categories?post=349513"},{"taxonomy":"post_tag","embeddable":true,"href":"https:\/\/www.europesays.com\/fr\/wp-json\/wp\/v2\/tags?post=349513"}],"curies":[{"name":"wp","href":"https:\/\/api.w.org\/{rel}","templated":true}]}}