{"id":349517,"date":"2025-08-28T07:50:14","date_gmt":"2025-08-28T07:50:14","guid":{"rendered":"https:\/\/www.europesays.com\/fr\/349517\/"},"modified":"2025-08-28T07:50:14","modified_gmt":"2025-08-28T07:50:14","slug":"nordahl-lelandais-de-nouveau-face-a-la-justice-pour-des-violences-conjugales-devant-son-fils","status":"publish","type":"post","link":"https:\/\/www.europesays.com\/fr\/349517\/","title":{"rendered":"Nordahl Lelandais de nouveau face \u00e0 la justice pour des \u00abviolences conjugales\u00bb devant son fils"},"content":{"rendered":"<p>Lors d\u2019une visite au parloir, le d\u00e9tenu de 42 ans aurait fermement saisi le cou de sa conjointe, puis lui aurait tir\u00e9 les cheveux.<\/p>\n<p class=\"fig-paragraph\">\u00c0 nouveau devant le tribunal. Condamn\u00e9 \u00e0 la perp\u00e9tuit\u00e9 en 2022 pour les meurtres du caporal Noyer et de\u00a0<a href=\"http:\/\/www.lefigaro.fr\/faits-divers\/c-est-ecoeurant-a-gerber-les-parents-de-maelys-et-d-arthur-noyer-reagissent-a-la-paternite-de-nordahl-lelandais-20240116\" target=\"_blank\" data-fig-type=\"NewsFlash\" rel=\"noopener\" data-gtm-custom-categorie=\"navigation\" data-gtm-custom-action=\"crossclick\" data-gtm-custom-label=\"Contextuel\" data-gtm-event=\"customEventSPE\" data-fig-domain=\"LEFIGARO\">la petite Ma\u00eblys<\/a>, l\u2019ex-militaire\u00a0<a href=\"http:\/\/www.lefigaro.fr\/faits-divers\/nordahl-lelandais-poursuivi-pour-violences-conjugales-devant-son-enfant-lors-d-un-parloir-20250711\" data-fig-type=\"NewsFlash\" data-gtm-custom-categorie=\"navigation\" data-gtm-custom-action=\"crossclick\" data-gtm-custom-label=\"Contextuel\" data-gtm-event=\"customEventSPE\" data-fig-domain=\"LEFIGARO\" target=\"_blank\" rel=\"noopener\">Nordahl Lelandais<\/a>\u00a0compara\u00eet ce jeudi 28 ao\u00fbt devant le tribunal correctionnel de Colmar (Haut-Rhin) pour \u00abviolences conjugales sur conjoint en pr\u00e9sence d\u2019un mineur\u00bb. Le r\u00e9cidiviste encourt dix ans de prison.<\/p>\n<p class=\"fig-paragraph\">Les faits se sont produits durant une visite au parloir. Le 9 juin dernier \u00e0 la maison d\u2019Ensisheim, le d\u00e9tenu de 42 ans aurait fermement saisi le cou de sa conjointe, puis lui aurait tir\u00e9 les cheveux, en pr\u00e9sence de leur fils de 19 mois. Film\u00e9e par les cam\u00e9ras de surveillance, la sc\u00e8ne de plusieurs minutes s\u2019est d\u00e9roul\u00e9e non loin des surveillants p\u00e9nitentiaires, qui sont intervenus rapidement apr\u00e8s avoir \u00e9t\u00e9 alert\u00e9s par des \u00e9clats de voix.<\/p>\n<p>                                    <a class=\"fig-a11y-skip a11y-hidden\" href=\"#fig-a11y-skip-main-inarticle\"><br \/>\n        Passer la publicit\u00e9<br \/>\n    <\/a><\/p>\n<p class=\"fig-paragraph\">Plac\u00e9 en garde \u00e0 vue, l\u2019ancien militaire, qui a adopt\u00e9 le nom de sa m\u00e8re Perinet, devait \u00eatre jug\u00e9 en comparution imm\u00e9diate le mois dernier, mais a demand\u00e9 un d\u00e9lai pour pr\u00e9parer sa d\u00e9fense, ce qui lui a \u00e9t\u00e9 accord\u00e9. Sa compagne, absente \u00e0 l\u2019audience, ne s\u2019est pas constitu\u00e9e partie civile.<\/p>\n<p>\u00abTr\u00e8s grosse b\u00eatise pour eux\u00bb<\/p>\n<p class=\"fig-paragraph\">\u00abJ\u2019ai l\u2019impression d\u2019avoir \u00e9t\u00e9 jug\u00e9 aujourd\u2019hui. Ma compagne, et mon fils qui demande tous les jours \u00e0 m\u2019avoir au t\u00e9l\u00e9phone, ont besoin de moi. Les parloirs sont suspendus pour le moment, je trouve qu\u2019interdire tout moyen de communication serait une tr\u00e8s grosse b\u00eatise pour eux\u00bb, avait d\u00e9clar\u00e9 en juin Nordahl Lelandais, qui conteste les faits. Malgr\u00e9 ses demandes, le pr\u00e9venu avait interdiction, jusqu\u2019au proc\u00e8s ce 28 ao\u00fbt, d\u2019entrer en contact avec sa compagne et son fils y compris au parloir ou par t\u00e9l\u00e9phone. \u00abLa dangerosit\u00e9 de cette personne est paroxystique: malgr\u00e9 ses lourdes condamnations, le caract\u00e8re cadrant de la maison centrale et la surveillance des agents p\u00e9nitentiaires, il parvient \u00e0 exercer de tels faits\u00bb, a soulign\u00e9 le procureur de Colmar Jean Richert. L\u2019enfant du couple est repr\u00e9sent\u00e9 par l\u2019association Themis, mandat\u00e9e en tant qu\u2019administrateur ad hoc. \u00abJe suis particuli\u00e8rement inquiet pour l\u2019enfant commun du couple\u00bb, a d\u00e9clar\u00e9 son avocat, Julien Demarche.<\/p>\n<p class=\"fig-paragraph\">Nordhal Lelandais est incarc\u00e9r\u00e9 \u00e0 Ensisheim depuis septembre 2022, o\u00f9 il purge une peine de r\u00e9clusion criminelle \u00e0 perp\u00e9tuit\u00e9, assortie d\u2019une mesure de s\u00fbret\u00e9 de 22 ans, pour l\u2019enl\u00e8vement et le meurtre de Ma\u00eblys, huit ans, lors d\u2019une soir\u00e9e de mariage en Is\u00e8re en ao\u00fbt 2017. Il avait \u00e9t\u00e9 \u00e9galement jug\u00e9 pour des agressions sexuelles sur deux petites-cousines de quatre et six ans au cours du m\u00eame \u00e9t\u00e9. En 2021, il a aussi \u00e9t\u00e9 condamn\u00e9 \u00e0 20 ans de prison pour le meurtre du jeune caporal\u00a0<a href=\"http:\/\/www.lefigaro.fr\/faits-divers\/vos-mensonges-finissent-par-vous-etouffer-au-proces-maelys-la-charge-des-parents-d-arthur-noyer-20220216\" data-fig-type=\"Article\" data-gtm-custom-categorie=\"navigation\" data-gtm-custom-action=\"crossclick\" data-gtm-custom-label=\"Contextuel\" data-gtm-event=\"customEventSPE\" data-fig-domain=\"LEFIGARO\" target=\"_blank\" rel=\"noopener\">Arthur Noyer<\/a>, qu\u2019il avait pris en stop en avril 2017.<\/p>\n","protected":false},"excerpt":{"rendered":"Lors d\u2019une visite au parloir, le d\u00e9tenu de 42 ans aurait fermement saisi le cou de sa conjointe,&hellip;\n","protected":false},"author":2,"featured_media":349518,"comment_status":"","ping_status":"","sticky":false,"template":"","format":"standard","meta":{"footnotes":""},"categories":[2],"tags":[11,5065,1011,27,12,38394,25],"class_list":{"0":"post-349517","1":"post","2":"type-post","3":"status-publish","4":"format-standard","5":"has-post-thumbnail","7":"category-actualites","8":"tag-actualites","9":"tag-colmar","10":"tag-fr","11":"tag-france","12":"tag-news","13":"tag-nordahl-lelandais","14":"tag-republique-francaise"},"share_on_mastodon":{"url":"https:\/\/pubeurope.com\/@fr\/115105302148916674","error":""},"_links":{"self":[{"href":"https:\/\/www.europesays.com\/fr\/wp-json\/wp\/v2\/posts\/349517","targetHints":{"allow":["GET"]}}],"collection":[{"href":"https:\/\/www.europesays.com\/fr\/wp-json\/wp\/v2\/posts"}],"about":[{"href":"https:\/\/www.europesays.com\/fr\/wp-json\/wp\/v2\/types\/post"}],"author":[{"embeddable":true,"href":"https:\/\/www.europesays.com\/fr\/wp-json\/wp\/v2\/users\/2"}],"replies":[{"embeddable":true,"href":"https:\/\/www.europesays.com\/fr\/wp-json\/wp\/v2\/comments?post=349517"}],"version-history":[{"count":0,"href":"https:\/\/www.europesays.com\/fr\/wp-json\/wp\/v2\/posts\/349517\/revisions"}],"wp:featuredmedia":[{"embeddable":true,"href":"https:\/\/www.europesays.com\/fr\/wp-json\/wp\/v2\/media\/349518"}],"wp:attachment":[{"href":"https:\/\/www.europesays.com\/fr\/wp-json\/wp\/v2\/media?parent=349517"}],"wp:term":[{"taxonomy":"category","embeddable":true,"href":"https:\/\/www.europesays.com\/fr\/wp-json\/wp\/v2\/categories?post=349517"},{"taxonomy":"post_tag","embeddable":true,"href":"https:\/\/www.europesays.com\/fr\/wp-json\/wp\/v2\/tags?post=349517"}],"curies":[{"name":"wp","href":"https:\/\/api.w.org\/{rel}","templated":true}]}}