{"id":349519,"date":"2025-08-28T07:51:10","date_gmt":"2025-08-28T07:51:10","guid":{"rendered":"https:\/\/www.europesays.com\/fr\/349519\/"},"modified":"2025-08-28T07:51:10","modified_gmt":"2025-08-28T07:51:10","slug":"drag-race-france-all-stars-changements-de-regles-stars-internationales-et-larmes-on-a-assiste-a-la-finale","status":"publish","type":"post","link":"https:\/\/www.europesays.com\/fr\/349519\/","title":{"rendered":"\u00ab\u00a0Drag Race France\u00a0&#8211; All Stars\u00a0\u00bb\u00a0: changements de r\u00e8gles, stars internationales et larmes\u2026 On a assist\u00e9 \u00e0 la finale"},"content":{"rendered":"<p class=\"paragraph text_align_left lp-f-body-02\">Paillettes, maquillages color\u00e9s et talons hauts\u2026 Aucun doute, il s\u2019agit bien,<b> <\/b>en ce jeudi de fin ao\u00fbt,<b> <\/b>de la file d\u2019attente pour la finale de <a href=\"https:\/\/www.leparisien.fr\/culture-loisirs\/tv\/drag-race-france-sur-france-2-decouvrez-le-casting-de-la-nouvelle-saison-all-stars-11-06-2025-BWYJJ2JHGNHZXH76RFHJTK67JU.php\" target=\"_blank\" rel=\"noreferrer nofollow noopener\">\u00ab Drag Race France \u00bb<\/a>. La devanture de l\u2019Olympia (Paris IXe), o\u00f9 l\u2019enregistrement de la derni\u00e8re du concours se d\u00e9roule pour la premi\u00e8re fois, affiche en lettres capitales rouges le nom de l\u2019\u00e9mission.<\/p>\n<p class=\"paragraph text_align_left lp-f-body-02\">Diffus\u00e9e depuis le 10 juillet tous les jeudis \u00e0 23h10 sur France 2, l\u2019\u00e9dition \u00ab All Stars \u00bb de la comp\u00e9tition de drag-queens a attir\u00e9 jusqu\u2019\u00e0 800 000 t\u00e9l\u00e9spectateurs cette ann\u00e9e. Une saison qui r\u00e9unit les participants embl\u00e9matiques des pr\u00e9c\u00e9dents volets. Pour la grande finale, <a href=\"https:\/\/www.leparisien.fr\/culture-loisirs\/tv\/drag-race-france-paillettes-larmes-et-surprises-on-a-assiste-a-la-finale-de-la-saison-3-13-07-2024-THV5QSBLZRDF7PW3E33EOPNCZI.php\" target=\"_blank\" rel=\"noreferrer nofollow noopener\">auparavant tourn\u00e9e au Grand Rex<\/a>, des places \u00e9taient offertes au public sur la base d\u2019un tirage au sort. Un succ\u00e8s, puisque 40 000 personnes ont postul\u00e9, pour seulement 500 tickets disponibles.<\/p>\n","protected":false},"excerpt":{"rendered":"Paillettes, maquillages color\u00e9s et talons hauts\u2026 Aucun doute, il s\u2019agit bien, en ce jeudi de fin ao\u00fbt, de&hellip;\n","protected":false},"author":2,"featured_media":349520,"comment_status":"","ping_status":"","sticky":false,"template":"","format":"standard","meta":{"footnotes":""},"categories":[4],"tags":[11,872,1011,27,12,25,2205],"class_list":{"0":"post-349519","1":"post","2":"type-post","3":"status-publish","4":"format-standard","5":"has-post-thumbnail","7":"category-france","8":"tag-actualites","9":"tag-culture-et-loisirs","10":"tag-fr","11":"tag-france","12":"tag-news","13":"tag-republique-francaise","14":"tag-television-medias"},"share_on_mastodon":{"url":"https:\/\/pubeurope.com\/@fr\/115105306033734042","error":""},"_links":{"self":[{"href":"https:\/\/www.europesays.com\/fr\/wp-json\/wp\/v2\/posts\/349519","targetHints":{"allow":["GET"]}}],"collection":[{"href":"https:\/\/www.europesays.com\/fr\/wp-json\/wp\/v2\/posts"}],"about":[{"href":"https:\/\/www.europesays.com\/fr\/wp-json\/wp\/v2\/types\/post"}],"author":[{"embeddable":true,"href":"https:\/\/www.europesays.com\/fr\/wp-json\/wp\/v2\/users\/2"}],"replies":[{"embeddable":true,"href":"https:\/\/www.europesays.com\/fr\/wp-json\/wp\/v2\/comments?post=349519"}],"version-history":[{"count":0,"href":"https:\/\/www.europesays.com\/fr\/wp-json\/wp\/v2\/posts\/349519\/revisions"}],"wp:featuredmedia":[{"embeddable":true,"href":"https:\/\/www.europesays.com\/fr\/wp-json\/wp\/v2\/media\/349520"}],"wp:attachment":[{"href":"https:\/\/www.europesays.com\/fr\/wp-json\/wp\/v2\/media?parent=349519"}],"wp:term":[{"taxonomy":"category","embeddable":true,"href":"https:\/\/www.europesays.com\/fr\/wp-json\/wp\/v2\/categories?post=349519"},{"taxonomy":"post_tag","embeddable":true,"href":"https:\/\/www.europesays.com\/fr\/wp-json\/wp\/v2\/tags?post=349519"}],"curies":[{"name":"wp","href":"https:\/\/api.w.org\/{rel}","templated":true}]}}