{"id":349521,"date":"2025-08-28T07:52:15","date_gmt":"2025-08-28T07:52:15","guid":{"rendered":"https:\/\/www.europesays.com\/fr\/349521\/"},"modified":"2025-08-28T07:52:15","modified_gmt":"2025-08-28T07:52:15","slug":"matt-wallace-rattrape-par-la-pression-de-la-ryder-cup","status":"publish","type":"post","link":"https:\/\/www.europesays.com\/fr\/349521\/","title":{"rendered":"Matt Wallace rattrap\u00e9 par la pression de la Ryder Cup"},"content":{"rendered":"<p>\t\t\t\t\t\t<img width=\"770\" height=\"556\" src=\"https:\/\/www.europesays.com\/fr\/wp-content\/uploads\/2025\/08\/afp__20250824__2231831451__v1__highres__betfredbritishmastershostedbysirnickfaldo202-770x556.jpg\" class=\"img-responsive wp-post-image\" alt=\"\" decoding=\"async\" fetchpriority=\"high\"  \/>\t\t\t\t\t<\/p>\n<p>\t\t\t\t\t\t Partager cet article <\/p>\n<p class=\"screen-reader-text juiz_sps_maybe_hidden_text\">Partager la publication \u00ab\u00a0Matt Wallace rattrap\u00e9 par la pression de la Ryder Cup\u00a0\u00bb<\/p>\n<p><strong>Sous pression ses derni\u00e8res semaines, l\u2019Anglais Matt Wallace d\u00e9fend son titre cette semaine \u00e0 Crans-Montana (Suisse) mais ne croit plus vraiment \u00e0 une s\u00e9lection pour la Ryder Cup. Verdict le 1er septembre.<\/strong><\/p>\n<p>\t\t\t\t\t<a id=\"172238\" href=\"https:\/\/www.proambiarritz.com\/\" target=\"_blank\" rel=\"sponsorised nofollow noopener\"><img decoding=\"async\" src=\"data:image\/svg+xml,%3Csvg%20xmlns=\" http:=\"\" class=\"img-responsive\" alt=\"\" data-lazy-src=\"https:\/\/www.europesays.com\/fr\/wp-content\/uploads\/2025\/05\/golffirst_e03-proam-biarritz-1170x275-1.gif\"\/><\/a><\/p>\n<p><strong>Nathan CARDET, \u00e0 Crans-Montana<\/strong><\/p>\n<p>Il y a un an, <strong>Matt Wallace<\/strong> savourait l\u2019un de ses plus beaux succ\u00e8s en carri\u00e8re en s\u2019imposant \u00e0 l\u2019<strong>Omega European Masters<\/strong> de Crans-Montana. Un triomphe qui l\u2019avait confort\u00e9 parmi les valeurs s\u00fbres du circuit europ\u00e9en. Douze mois plus tard, le d\u00e9cor est tout autre : rattrap\u00e9 par la pression de la <strong>Ryder Cup<\/strong>, l\u2019Anglais traverse une p\u00e9riode d\u2019incertitude et doute plus que jamais d\u00e9sormais de ses chances d\u2019int\u00e9grer l\u2019\u00e9quipe de <strong>Luke Donald<\/strong>.<\/p>\n<p>\u00ab Ces derni\u00e8res semaines ont \u00e9t\u00e9 difficiles, sans doute plus sur le plan \u00e9motionnel que physique, avoue-t-il. J\u2019avais tellement envie de me montrer et d\u2019essayer d\u2019int\u00e9grer l\u2019\u00e9quipe de Ryder Cup, parce que \u00e7a compte \u00e9norm\u00e9ment pour moi. Je donne tout, mais je n\u2019ai pas r\u00e9ussi \u00e0 trouver ce petit plus.\u00a0\u00bb<\/p>\n<blockquote><p>\nLa pression au golf, c\u2019est comme un fant\u00f4me\n<\/p><\/blockquote>\n<p>Au <strong>Danish Golf Championship<\/strong> comme au <strong>Belfry<\/strong>, le golfeur \u00e2g\u00e9 de 35 ans n\u2019a jamais r\u00e9ussi \u00e0 exprimer pleinement son jeu, encha\u00eenant des dimanches compliqu\u00e9s pour finir loin du compte (64e puis 33e). Il pointe m\u00eame quelques d\u00e9fauts techniques et estime n\u2019avoir montr\u00e9 que son \u00ab <strong>jeu C ou D<\/strong> \u00bb lors de ses derni\u00e8res sorties.<\/p>\n<p>Surtout, le joueur insiste sur le poids psychologique : \u00ab La pression au golf, c\u2019est comme un fant\u00f4me. On ne la voit pas mais on la ressent. Et parfois, elle affecte vraiment votre swing. \u00bb<\/p>\n<p>\t\t\t\t<img loading=\"lazy\" decoding=\"async\" src=\"data:image\/svg+xml,%3Csvg%20xmlns=\" http:=\"\" attributionsrc=\"\" border=\"0\" height=\"1\" width=\"1\" alt=\"Advertisement\" data-lazy-src=\"https:\/\/www.europesays.com\/fr\/wp-content\/uploads\/2025\/07\/B33047934.424844126;dc_trk_aid=615928068;dc_trk_cid=236605808;ord=[timestamp];dc_lat=;dc_rdid=;tag_f.gif\"\/><\/p>\n<p>\t\t\t\t\t<a id=\"179412\" href=\"https:\/\/ad.doubleclick.net\/ddm\/trackclk\/N1153799.3770024GOLFPLANATE\/B33047934.424844126;dc_trk_aid=615928068;dc_trk_cid=236605808;dc_lat=;dc_rdid=;tag_for_child_directed_treatment=;tfua=;gdpr=${GDPR};gdpr_consent=${GDPR_CONSENT_755};ltd=;dc_tdv=1\" target=\"_blank\" rel=\"sponsorised nofollow noopener\"><img decoding=\"async\" src=\"data:image\/svg+xml,%3Csvg%20xmlns=\" http:=\"\" class=\"img-responsive\" alt=\"\" data-lazy-src=\"https:\/\/www.europesays.com\/fr\/wp-content\/uploads\/2025\/07\/callaway-e01-apex-v1-1170x275-1.jpg\"\/><\/a><br \/>\nUne derni\u00e8re chance en forme de mirage ?<\/p>\n<p>Tenant du titre cette semaine dans la Valais, <strong>Wallace<\/strong> assure qu\u2019il \u00ab ne l\u00e2chera rien \u00bb pour tenter de convaincre le capitaine europ\u00e9en. Mais il ne se fait plus vraiment d\u2019illusions : \u00ab Je ne pense pas obtenir une s\u00e9lection. Ce n\u2019est plus entre mes mains, c\u2019est \u00e0 Luke de d\u00e9cider. \u00bb<\/p>\n<p><strong>Luke Donald<\/strong> annoncera ses six choix de capitaine lundi 1er septembre. Pour l\u2019Anglais, qui avait fait de la Ryder Cup son grand objectif de l\u2019ann\u00e9e, la d\u00e9fense de son titre en Suisse pourrait bien sonner comme un chant du cygne avant de se tourner vers d\u2019autres ambitions.<\/p>\n<p>\u00a0<\/p>\n<p>\u00a0<\/p>\n<p>\u00a9ROSS KINNAIRD \/ GETTY IMAGES EUROPE \/ Getty Images via AFP<\/p>\n","protected":false},"excerpt":{"rendered":"Partager cet article Partager la publication \u00ab\u00a0Matt Wallace rattrap\u00e9 par la pression de la Ryder Cup\u00a0\u00bb Sous pression&hellip;\n","protected":false},"author":2,"featured_media":349522,"comment_status":"","ping_status":"","sticky":false,"template":"","format":"standard","meta":{"footnotes":""},"categories":[1418],"tags":[1011,27,1472,60],"class_list":{"0":"post-349521","1":"post","2":"type-post","3":"status-publish","4":"format-standard","5":"has-post-thumbnail","7":"category-golf","8":"tag-fr","9":"tag-france","10":"tag-golf","11":"tag-sports"},"share_on_mastodon":{"url":"https:\/\/pubeurope.com\/@fr\/115105310147021949","error":""},"_links":{"self":[{"href":"https:\/\/www.europesays.com\/fr\/wp-json\/wp\/v2\/posts\/349521","targetHints":{"allow":["GET"]}}],"collection":[{"href":"https:\/\/www.europesays.com\/fr\/wp-json\/wp\/v2\/posts"}],"about":[{"href":"https:\/\/www.europesays.com\/fr\/wp-json\/wp\/v2\/types\/post"}],"author":[{"embeddable":true,"href":"https:\/\/www.europesays.com\/fr\/wp-json\/wp\/v2\/users\/2"}],"replies":[{"embeddable":true,"href":"https:\/\/www.europesays.com\/fr\/wp-json\/wp\/v2\/comments?post=349521"}],"version-history":[{"count":0,"href":"https:\/\/www.europesays.com\/fr\/wp-json\/wp\/v2\/posts\/349521\/revisions"}],"wp:featuredmedia":[{"embeddable":true,"href":"https:\/\/www.europesays.com\/fr\/wp-json\/wp\/v2\/media\/349522"}],"wp:attachment":[{"href":"https:\/\/www.europesays.com\/fr\/wp-json\/wp\/v2\/media?parent=349521"}],"wp:term":[{"taxonomy":"category","embeddable":true,"href":"https:\/\/www.europesays.com\/fr\/wp-json\/wp\/v2\/categories?post=349521"},{"taxonomy":"post_tag","embeddable":true,"href":"https:\/\/www.europesays.com\/fr\/wp-json\/wp\/v2\/tags?post=349521"}],"curies":[{"name":"wp","href":"https:\/\/api.w.org\/{rel}","templated":true}]}}