{"id":349523,"date":"2025-08-28T07:54:11","date_gmt":"2025-08-28T07:54:11","guid":{"rendered":"https:\/\/www.europesays.com\/fr\/349523\/"},"modified":"2025-08-28T07:54:11","modified_gmt":"2025-08-28T07:54:11","slug":"accuse-doutrage-sexiste-par-une-influenceuse-lex-joueur-du-xv-de-france-richard-dourthe-va-deposer-plainte","status":"publish","type":"post","link":"https:\/\/www.europesays.com\/fr\/349523\/","title":{"rendered":"accus\u00e9 \u00abd\u2019outrage sexiste\u00bb par une influenceuse, l\u2019ex-joueur du XV de France Richard Dourthe va d\u00e9poser plainte"},"content":{"rendered":"<p>Mis en cause par une influenceuse toulousaine, l\u2019ex-arri\u00e8re du XV de France va d\u00e9poser plainte pour d\u00e9nonciation calomnieuse.<\/p>\n<p class=\"fig-paragraph\">Le bras de fer devant la justice entre l\u2019influenceuse Charline Pradeau et l\u2019ancien joueur du XV de France Richard Dourthe a commenc\u00e9. La jeune femme toulousaine, suivie par 130.000 personnes sur les r\u00e9seaux sociaux\u00a0<a href=\"http:\/\/www.lefigaro.fr\/sports\/rugby\/rugby-l-influenceuse-charline-pradeau-victime-d-outrage-sexiste-porte-plainte-contre-l-ex-international-richard-dourthe-20250826\" data-fig-type=\"NewsFlash\" data-gtm-custom-categorie=\"navigation\" data-gtm-custom-action=\"crossclick\" data-gtm-custom-label=\"Contextuel\" data-gtm-event=\"customEventSPE\" data-fig-domain=\"LEFIGARO\" target=\"_blank\" rel=\"noopener\">a port\u00e9 plainte le lundi 25 ao\u00fbt<\/a>\u00a0contre \u00abun individu qu\u2019elle identifie comme Richard Dourthe\u00bb, l\u2019ex-rugbyman d\u00e9sormais consultant pour Canal+.<\/p>\n<p class=\"fig-paragraph\">Une vid\u00e9o enregistr\u00e9e lors des ferias de Dax cet \u00e9t\u00e9 dans un bar montre un homme assis soulevant la jupe de la jeune femme dansant une table. Celle derni\u00e8re a aussit\u00f4t r\u00e9agi en donnant une petite tape \u00e0 l\u2019individu avant de reprendre ses pas de danse un verre \u00e0 la main. La s\u00e9quence a \u00e9t\u00e9 vue plus de deux millions de fois.<\/p>\n<p>                                    <a class=\"fig-a11y-skip a11y-hidden\" href=\"#fig-a11y-skip-main-inarticle\"><br \/>\n        Passer la publicit\u00e9<br \/>\n    <\/a><\/p>\n<p class=\"fig-paragraph\">Charline Pradeau a d\u00e9pos\u00e9 plainte pour \u00aboutrage sexiste\u00bb contre\u00a0<a href=\"https:\/\/www.lefigaro.fr\/sports\/rugby\/6-nations\/actualites\/richard-dourthe-au-figaro-on-ecarte-les-joueurs-qui-ont-du-caractere-944027\" data-fig-type=\"Article\" data-gtm-custom-categorie=\"navigation\" data-gtm-custom-action=\"crossclick\" data-gtm-custom-label=\"Contextuel\" data-gtm-event=\"customEventSPE\" data-fig-domain=\"LEFIGARO\" target=\"_blank\" rel=\"noopener\">l\u2019ancien international (31 matches)<\/a>\u00a0\u00e2g\u00e9 de 50 ans. L\u2019infraction est passible de 1500 euros d\u2019amende. L\u2019influenceuse a toutefois confi\u00e9 aux enqu\u00eateurs que Dourthe lui a pr\u00e9sent\u00e9 ses excuses via un message.<\/p>\n<p class=\"fig-paragraph\">Mais l\u2019affaire n\u2019en est pas rest\u00e9e l\u00e0 puisque l\u2019ex-joueur de Dax a d\u00e9cid\u00e9 de contre-attaquer.\u00a0<a href=\"https:\/\/www.sudouest.fr\/landes\/info-sud-ouest-affaire-richard-dourthe-l-ex-rugbyman-depose-plainte-pour-denonciation-calomnieuse-25684175.php?fbclid=IwQ0xDSwMcPm1leHRuA2FlbQIxMQABHoZBEwkxH9lXWUirPvgADOpM-phZDAbopM3PCReLtmC-aeIuiMGNi88zhj0l_aem_5sNjr5H8ruexJOGSOUkLFA\" target=\"_blank\" rel=\"sponsored noopener\" data-gtm-custom-categorie=\"navigation\" data-gtm-custom-action=\"crossclick\" data-gtm-custom-label=\"Contextuel\" data-gtm-event=\"customEventSPE\">Sud-Ouest r\u00e9v\u00e8le<\/a>\u00a0que l\u2019ancien joueur pass\u00e9 notamment par B\u00e8gles-Bordeaux, Castres et l\u2019Aviron Bayonnais, allait d\u00e9poser plainte pour d\u00e9nonciation calomnieuse. \u00abCette affaire va prendre une tournure judiciaire. On ne peut pas constamment jouer. Au bout d\u2019un moment, il faut rappeler qu\u2019il y a des r\u00e8gles et qu\u2019on ne peut pas faire de d\u00e9nonciation calomnieuse\u00a0\u00bb, a r\u00e9agi Me Arnaud Dupin aupr\u00e8s du quotidien.<\/p>\n","protected":false},"excerpt":{"rendered":"Mis en cause par une influenceuse toulousaine, l\u2019ex-arri\u00e8re du XV de France va d\u00e9poser plainte pour d\u00e9nonciation calomnieuse.&hellip;\n","protected":false},"author":2,"featured_media":349524,"comment_status":"","ping_status":"","sticky":false,"template":"","format":"standard","meta":{"footnotes":""},"categories":[1416],"tags":[10474,1011,27,479,1468,60],"class_list":{"0":"post-349523","1":"post","2":"type-post","3":"status-publish","4":"format-standard","5":"has-post-thumbnail","7":"category-rugby","8":"tag-canal","9":"tag-fr","10":"tag-france","11":"tag-rugby","12":"tag-rugby-football","13":"tag-sports"},"share_on_mastodon":{"url":"https:\/\/pubeurope.com\/@fr\/115105317708051199","error":""},"_links":{"self":[{"href":"https:\/\/www.europesays.com\/fr\/wp-json\/wp\/v2\/posts\/349523","targetHints":{"allow":["GET"]}}],"collection":[{"href":"https:\/\/www.europesays.com\/fr\/wp-json\/wp\/v2\/posts"}],"about":[{"href":"https:\/\/www.europesays.com\/fr\/wp-json\/wp\/v2\/types\/post"}],"author":[{"embeddable":true,"href":"https:\/\/www.europesays.com\/fr\/wp-json\/wp\/v2\/users\/2"}],"replies":[{"embeddable":true,"href":"https:\/\/www.europesays.com\/fr\/wp-json\/wp\/v2\/comments?post=349523"}],"version-history":[{"count":0,"href":"https:\/\/www.europesays.com\/fr\/wp-json\/wp\/v2\/posts\/349523\/revisions"}],"wp:featuredmedia":[{"embeddable":true,"href":"https:\/\/www.europesays.com\/fr\/wp-json\/wp\/v2\/media\/349524"}],"wp:attachment":[{"href":"https:\/\/www.europesays.com\/fr\/wp-json\/wp\/v2\/media?parent=349523"}],"wp:term":[{"taxonomy":"category","embeddable":true,"href":"https:\/\/www.europesays.com\/fr\/wp-json\/wp\/v2\/categories?post=349523"},{"taxonomy":"post_tag","embeddable":true,"href":"https:\/\/www.europesays.com\/fr\/wp-json\/wp\/v2\/tags?post=349523"}],"curies":[{"name":"wp","href":"https:\/\/api.w.org\/{rel}","templated":true}]}}