{"id":349525,"date":"2025-08-28T07:55:10","date_gmt":"2025-08-28T07:55:10","guid":{"rendered":"https:\/\/www.europesays.com\/fr\/349525\/"},"modified":"2025-08-28T07:55:10","modified_gmt":"2025-08-28T07:55:10","slug":"bonzi-mannarino-rinderknech-et-blanchet-font-le-show-scores-et-resultats-en-direct","status":"publish","type":"post","link":"https:\/\/www.europesays.com\/fr\/349525\/","title":{"rendered":"Bonzi, Mannarino, Rinderknech et Blanchet font le show, scores et r\u00e9sultats en direct"},"content":{"rendered":"<p><a name=\"post1756364108\"\/>08:55 &#8211; Alcaraz, Djokovic et Sabalenka passent<\/p>\n<p>Quelques surprises parmi les favoris, on notera le forfait de Jack Drapper en d\u00e9but de session, ouvrant le tableau \u00e0 Jannik Sinner ou encore les \u00e9liminations de Ruud et Rune. Pour son second match, Carlos Alcaraz a \u00e9t\u00e9 impressionnant.\u00a0D\u00e9j\u00e0 vainqueur en trois sets au premier tour, le num\u00e9ro deux mondial a \u00e9t\u00e9 encore plus rapide face \u00e0 l&rsquo;Italien Mattia Bellucci (65e), domin\u00e9 6-1, 6-0, 6-3 en 1H36. Toujours un peu en d\u00e9licatesse,\u00a0\u00a0Novak Djokovic a gagn\u00e9 de mani\u00e8re laborieuse ace au qualifi\u00e9 am\u00e9ricain Zachary Svajda (145e), 6-7 (7-5), 6-3, 6-1, 6-1.\u00a0Dans le tableau f\u00e9minin, la N.1 mondiale Aryna Sabalenka a eu un peu de mal au d\u00e9marrage avant de s&rsquo;imposer 7-6 (7\/4), 6-2 contre la Russe Polina Kudermetova (67e).\u00a0Jessica Pegula, la Russe Mirra Andreeva ou encore Jasmine Paolini sont \u00e9galement pass\u00e9es. En revanche, c&rsquo;est termin\u00e9 pour la derni\u00e8re fran\u00e7aise, Elsa Jacquemot, \u00e9limin\u00e9e par Fernandez en trois manches.<\/p>\n<p><a name=\"post1756363632\"\/>08:47 &#8211; La folie des Bleus qui passent tous au 3e tour<\/p>\n<p>Quelle nuit magique pour les Fran\u00e7ais \u00e0 l&rsquo;US Open. On commence par Ugo Blanchet qui a r\u00e9alis\u00e9 l&rsquo;exploit de la soir\u00e9e en \u00e9liminant le Tch\u00e8que Mensik\u00a0(6-7 [2], 7-6 [5], 3-6, 6-4, 7-6 [7]) pour obtenir une premi\u00e8re qualification au 3e tour d&rsquo;un Grand Chelem qu&rsquo;il disputera face \u00e0 un autre Tch\u00e8que, Tomas Machac. M\u00eame exploit pour Arthur Rinderknech qui s&rsquo;est pay\u00e9 le scalp du num\u00e9ro 18, Alejandro Davidovich Fokina\u00a0en cinq sets (6-4 \/ 3-6 \/ 2-6 \/ 6-2 \/ 6-3) et de filer au 3e tour de\u00a0l\u2019US Open. Et la bonne nouvelle c&rsquo;est qu&rsquo;il affrontera Benjamin Bonzi au 3e tour, le Fran\u00e7ais, \u00ab\u00a0Marathon man\u00a0\u00bb, s&rsquo;est aussi extirp\u00e9 d&rsquo;un match en cinq sets face \u00e0 Giron dans une grosse ambiance. Et enfin, pour parachever cette soir\u00e9e, que dire du v\u00e9t\u00e9ran Adrian Mannarino qui s&rsquo;est ressaisi ces derni\u00e8res semaines apr\u00e8s avoir perdu des dizaines de matchs cette saison et qui a \u00e9limin\u00e9 Jordan Thompson en quatre manches pour retrouver Ben Shelton.<\/p>\n","protected":false},"excerpt":{"rendered":"08:55 &#8211; Alcaraz, Djokovic et Sabalenka passent Quelques surprises parmi les favoris, on notera le forfait de Jack&hellip;\n","protected":false},"author":2,"featured_media":347869,"comment_status":"","ping_status":"","sticky":false,"template":"","format":"standard","meta":{"footnotes":""},"categories":[1415],"tags":[1011,27,60,1467],"class_list":{"0":"post-349525","1":"post","2":"type-post","3":"status-publish","4":"format-standard","5":"has-post-thumbnail","7":"category-tennis","8":"tag-fr","9":"tag-france","10":"tag-sports","11":"tag-tennis"},"share_on_mastodon":{"url":"https:\/\/pubeurope.com\/@fr\/115105321600216958","error":""},"_links":{"self":[{"href":"https:\/\/www.europesays.com\/fr\/wp-json\/wp\/v2\/posts\/349525","targetHints":{"allow":["GET"]}}],"collection":[{"href":"https:\/\/www.europesays.com\/fr\/wp-json\/wp\/v2\/posts"}],"about":[{"href":"https:\/\/www.europesays.com\/fr\/wp-json\/wp\/v2\/types\/post"}],"author":[{"embeddable":true,"href":"https:\/\/www.europesays.com\/fr\/wp-json\/wp\/v2\/users\/2"}],"replies":[{"embeddable":true,"href":"https:\/\/www.europesays.com\/fr\/wp-json\/wp\/v2\/comments?post=349525"}],"version-history":[{"count":0,"href":"https:\/\/www.europesays.com\/fr\/wp-json\/wp\/v2\/posts\/349525\/revisions"}],"wp:featuredmedia":[{"embeddable":true,"href":"https:\/\/www.europesays.com\/fr\/wp-json\/wp\/v2\/media\/347869"}],"wp:attachment":[{"href":"https:\/\/www.europesays.com\/fr\/wp-json\/wp\/v2\/media?parent=349525"}],"wp:term":[{"taxonomy":"category","embeddable":true,"href":"https:\/\/www.europesays.com\/fr\/wp-json\/wp\/v2\/categories?post=349525"},{"taxonomy":"post_tag","embeddable":true,"href":"https:\/\/www.europesays.com\/fr\/wp-json\/wp\/v2\/tags?post=349525"}],"curies":[{"name":"wp","href":"https:\/\/api.w.org\/{rel}","templated":true}]}}