{"id":349526,"date":"2025-08-28T07:57:12","date_gmt":"2025-08-28T07:57:12","guid":{"rendered":"https:\/\/www.europesays.com\/fr\/349526\/"},"modified":"2025-08-28T07:57:12","modified_gmt":"2025-08-28T07:57:12","slug":"video-motogp-ce-geste-admirable-dacosta-apres-le-crash-de-sa-ktm-sur-un-cameraman","status":"publish","type":"post","link":"https:\/\/www.europesays.com\/fr\/349526\/","title":{"rendered":"Vid\u00e9o. MotoGP Ce geste admirable d&rsquo;Acosta apr\u00e8s le crash de sa KTM sur un cam\u00e9raman !"},"content":{"rendered":"<p>Apr\u00e8s s\u2019\u00eatre assur\u00e9 du bon \u00e9tat de sant\u00e9 du cam\u00e9raman victime de l\u2019accident de sa KTM (seule la cam\u00e9ra avait \u00e9t\u00e9 touch\u00e9e), Pedro Acosta a rencontr\u00e9 la \u201cvictime\u201d afin de l\u2019inviter \u00e0 visiter son stand. Un geste sympathique qui ne fera probablement pas regretter la m\u00e9saventure \u00e0 Joao. Vid\u00e9o.<\/p>\n<blockquote class=\"twitter-tweet\">\n<p dir=\"ltr\" lang=\"en\">Sir, you can\u2019t park there \ud83d\ude05 <a href=\"https:\/\/t.co\/W8Fg2FhT3P\">https:\/\/t.co\/W8Fg2FhT3P<\/a><\/p>\n<p>\u2014 RED BULL KTM FACTORY RACING (@KTM_Racing) <a href=\"https:\/\/twitter.com\/KTM_Racing\/status\/1959326436319482203?ref_src=twsrc%5Etfw\" target=\"_blank\" rel=\"noopener\">August 23, 2025<\/a><\/p>\n<\/blockquote>\n<p>                                            <img loading=\"lazy\" alt=\"\" class=\"avatar avatar-100 photo lazyload\" height=\"100\" width=\"100\" decoding=\"async\" src=\"https:\/\/www.europesays.com\/fr\/wp-content\/uploads\/2025\/08\/1756367832_981_ffbb894c35ea5189d599d4ea062c98b86ffb67cc602fa683ebcbf422a80fc47a\"  data-eio-rwidth=\"100\" data-eio-rheight=\"100\"\/><\/p>\n<p class=\"h2\">\n                                            Julien Barthet\n                                        <\/p>\n<p>R\u00e9dacteur professionnel, titulaire de la carte de presse pendant 3 ans. Fondateur\/Directeur et R\u00e9dacteur en chef Le Mag Sport Auto et LeMagJeuxHighTech.com.&#13;<br \/>\nEx-Pilote automobile : 55 courses (Formule Ford, F.Campus, Coupe 206 Sprint et Relais, Saxo, Ford Fiesta Allemagne, Mitjet) 1 Victoire. Essais F3, Nascar Euro, Caterham, F.Renault, etc.<\/p>\n<p>                                                                                                                            <a href=\"https:\/\/lemagsportauto.ouest-france.fr\/author\/lmsa_adm\/\" title=\"Julien Barthet\" target=\"_blank\" rel=\"noopener\"><br \/>\n                                                Voir les publications de l&rsquo;auteur<br \/>\n                                            <\/a><\/p>\n<p>                                <script async src=\"https:\/\/platform.twitter.com\/widgets.js\" charset=\"utf-8\"><\/script><\/p>\n","protected":false},"excerpt":{"rendered":"Apr\u00e8s s\u2019\u00eatre assur\u00e9 du bon \u00e9tat de sant\u00e9 du cam\u00e9raman victime de l\u2019accident de sa KTM (seule la&hellip;\n","protected":false},"author":2,"featured_media":349527,"comment_status":"","ping_status":"","sticky":false,"template":"","format":"standard","meta":{"footnotes":""},"categories":[1413],"tags":[1011,27,1457,1456,1458,3070,60],"class_list":{"0":"post-349526","1":"post","2":"type-post","3":"status-publish","4":"format-standard","5":"has-post-thumbnail","7":"category-moto","8":"tag-fr","9":"tag-france","10":"tag-moto","11":"tag-motocycle","12":"tag-motogp","13":"tag-pedro-acosta","14":"tag-sports"},"share_on_mastodon":{"url":"https:\/\/pubeurope.com\/@fr\/115105329838775214","error":""},"_links":{"self":[{"href":"https:\/\/www.europesays.com\/fr\/wp-json\/wp\/v2\/posts\/349526","targetHints":{"allow":["GET"]}}],"collection":[{"href":"https:\/\/www.europesays.com\/fr\/wp-json\/wp\/v2\/posts"}],"about":[{"href":"https:\/\/www.europesays.com\/fr\/wp-json\/wp\/v2\/types\/post"}],"author":[{"embeddable":true,"href":"https:\/\/www.europesays.com\/fr\/wp-json\/wp\/v2\/users\/2"}],"replies":[{"embeddable":true,"href":"https:\/\/www.europesays.com\/fr\/wp-json\/wp\/v2\/comments?post=349526"}],"version-history":[{"count":0,"href":"https:\/\/www.europesays.com\/fr\/wp-json\/wp\/v2\/posts\/349526\/revisions"}],"wp:featuredmedia":[{"embeddable":true,"href":"https:\/\/www.europesays.com\/fr\/wp-json\/wp\/v2\/media\/349527"}],"wp:attachment":[{"href":"https:\/\/www.europesays.com\/fr\/wp-json\/wp\/v2\/media?parent=349526"}],"wp:term":[{"taxonomy":"category","embeddable":true,"href":"https:\/\/www.europesays.com\/fr\/wp-json\/wp\/v2\/categories?post=349526"},{"taxonomy":"post_tag","embeddable":true,"href":"https:\/\/www.europesays.com\/fr\/wp-json\/wp\/v2\/tags?post=349526"}],"curies":[{"name":"wp","href":"https:\/\/api.w.org\/{rel}","templated":true}]}}