{"id":349528,"date":"2025-08-28T07:58:12","date_gmt":"2025-08-28T07:58:12","guid":{"rendered":"https:\/\/www.europesays.com\/fr\/349528\/"},"modified":"2025-08-28T07:58:12","modified_gmt":"2025-08-28T07:58:12","slug":"le-divorce-mercedes-hamilton-un-nouveau-depart-pour-tout-le-monde","status":"publish","type":"post","link":"https:\/\/www.europesays.com\/fr\/349528\/","title":{"rendered":"Le divorce Mercedes-Hamilton, \u00ab\u00a0un nouveau d\u00e9part\u00a0\u00bb pour tout le monde"},"content":{"rendered":"<p><a href=\"https:\/\/fr.motorsport.com\/driver\/george-russell\/96626\/\" target=\"_blank\" rel=\"noopener\">George Russell<\/a> estime que le d\u00e9part de <a href=\"https:\/\/fr.motorsport.com\/driver\/lewis-hamilton\/76878\/\" target=\"_blank\" rel=\"noopener\">Lewis Hamilton<\/a> chez <a href=\"https:\/\/fr.motorsport.com\/team\/ferrari\/615\/\" target=\"_blank\" rel=\"noopener\">Ferrari<\/a> a \u00e9t\u00e9 une bonne chose pour toutes les parties, tout en assurant que son rempla\u00e7ant, <a href=\"https:\/\/fr.motorsport.com\/driver\/kimi-antonelli\/947765\/\" target=\"_blank\" rel=\"noopener\">Kimi Antonelli<\/a>, saura rebondir apr\u00e8s quelques courses compliqu\u00e9es.<\/p>\n<p>Durant ses 12 saisons chez <a href=\"https:\/\/fr.motorsport.com\/team\/mercedes\/611\/\" target=\"_blank\" rel=\"noopener\">Mercedes<\/a>, Hamilton a remport\u00e9 six de ses sept titres mondiaux. Il a choisi de rejoindre Ferrari l&rsquo;hiver dernier, \u00e0 la recherche d&rsquo;un nouveau d\u00e9fi en fin de carri\u00e8re avec l&rsquo;illustre \u00e9curie italienne. Pour le remplacer, l&rsquo;\u00e9quipe britannique a mis\u00e9 sur son jeune prodige Antonelli, promu \u00e0 18 ans seulement, apr\u00e8s avoir gravi les \u00e9chelons des formules de promotion\u00a0en acc\u00e9l\u00e9r\u00e9 pour faire \u00e9quipe avec Russell en 2025. Suite au vide laiss\u00e9 par Hamilton \u00e0 Brackley, c&rsquo;est Russell qui a de fait repris le r\u00f4le de leader, tandis qu&rsquo;Antonelli a d\u00e9couvert la discipline aux c\u00f4t\u00e9s du Britannique exp\u00e9riment\u00e9.<\/p>\n<p>Lire aussi :<\/p>\n<p>S&rsquo;exprimant en exclusivit\u00e9 pour <strong>Motorsport.com<\/strong>, Russell est revenu sur les changements observ\u00e9s en interne depuis le d\u00e9part de son ex-co\u00e9quipier : \u00ab\u00a0C&rsquo;est s\u00fbr, l&rsquo;atmosph\u00e8re est diff\u00e9rente dans l&rsquo;\u00e9quipe. Mais au final, on se concentre sur une seule chose : la performance. Nous avons \u00e9videmment tr\u00e8s bien commenc\u00e9, puis nous avons travers\u00e9 une mauvaise passe. J&rsquo;esp\u00e8re que nous pourrons redresser la barre, mais dans toute organisation, chaque changement a ses avantages et ses inconv\u00e9nients.\u00a0\u00bb<\/p>\n<p>\u00ab\u00a0Mais je pense que ce changement, avec Lewis, \u00e9tait le bon. C&rsquo;est bien pour lui. C&rsquo;est vraiment bien pour nous en tant qu&rsquo;\u00e9quipe : un nouveau d\u00e9part. Parfois, il faut casser le moule pour retrouver le bon chemin.\u00a0\u00bb<\/p>\n<p>Le d\u00e9but d&rsquo;aventure de Hamilton chez Ferrari a toutefois \u00e9t\u00e9 plus compliqu\u00e9 que pr\u00e9vu pour le quadrag\u00e9naire, avec une victoire lors de la course sprint en Chine comme rare \u00e9claircie. Toujours en difficult\u00e9 \u00e0 l&rsquo;heure actuelle, le septuple champion du monde a d\u00e9j\u00e0 le regard tourn\u00e9 vers 2026.<\/p>\n<p>Russell prend la d\u00e9fense d&rsquo;Antonelli<br \/>\n   <img decoding=\"async\" draggable=\"false\" src=\"https:\/\/www.europesays.com\/fr\/wp-content\/uploads\/2025\/08\/george-russell-mercedes-andrea.jpg\" alt=\"George Russell est persuad\u00e9 que Kimi Antonelli va revenir apr\u00e8s la pause estivale.\" width=\"1200\" height=\"800\" loading=\"lazy\"\/> <\/p>\n<p class=\"title\">George Russell est persuad\u00e9 que Kimi Antonelli va revenir apr\u00e8s la pause estivale.<\/p>\n<p class=\"photographer\">Photo de: Andy Hone\/ LAT Images via Getty Images<\/p>\n<p>Antonelli a lui aussi connu des hauts et des bas lors de sa saison de rookie, fortement perturb\u00e9e par une modification de suspension arri\u00e8re introduite \u00e0 Imola qui lui a fait perdre confiance dans la voiture sur la plupart des circuits. Mais le retour de Mercedes \u00e0 son ancienne configuration en Hongrie a port\u00e9 ses fruits, comme illustr\u00e9 par la troisi\u00e8me place de George Russell.<\/p>\n<p>Confiant, le Britannique croit qu&rsquo;Antonelli saura pleinement rebondir apr\u00e8s la pause estivale. Il a aussi tenu \u00e0 rappeler que le passage \u00e0 vide du jeune Italien avait \u00e9t\u00e9 exag\u00e9r\u00e9, l&rsquo;ensemble de l&rsquo;\u00e9quipe ayant recul\u00e9 avec la W16.\u00a0<\/p>\n<p>\u00ab\u00a0Le fait est que son delta de rythme avec moi n&rsquo;a pas chang\u00e9. C&rsquo;est ce que les gens ne voient pas\u00a0\u00bb, a-t-il expliqu\u00e9. \u00ab\u00a0Au Canada, j&rsquo;\u00e9tais en pole et il s&rsquo;est qualifi\u00e9 quatri\u00e8me, mais il \u00e9tait \u00e0 six dixi\u00e8mes de moi. En Belgique, il est sorti en Q1 et moi j&rsquo;ai atteint la Q3, mais il n&rsquo;\u00e9tait qu&rsquo;\u00e0 trois dixi\u00e8mes.\u00a0\u00bb<\/p>\n<p>\u00ab\u00a0Les gens regardent le r\u00e9sultat brut, mais la v\u00e9rit\u00e9 c&rsquo;est qu&rsquo;il progresse toujours, m\u00eame si nous avons collectivement recul\u00e9. Mais soudainement, tu te retrouves dans une lutte o\u00f9 un dixi\u00e8me repr\u00e9sente six ou sept places sur la grille, alors qu&rsquo;avant, dans les positions o\u00f9 nous \u00e9tions, un dixi\u00e8me ne changeait qu&rsquo;une place. Kimi et moi avons juste fait un pas en arri\u00e8re \u00e9quivalent sur ces derni\u00e8res courses.\u00a0\u00bb<\/p>\n<p>Lire aussi :<\/p>\n<p>Russell a reconnu que si cette erreur de d\u00e9veloppement de Mercedes n&rsquo;\u00e9tait \u00ab\u00a0pas id\u00e9ale\u00a0\u00bb, il ne s&rsquo;attendait pas \u00e0 ce qu&rsquo;elle impacte la monoplace de 2026, puisque la grande majorit\u00e9 de l&rsquo;\u00e9quipe de Brackley avait d\u00e9j\u00e0 bascul\u00e9 sur ce projet \u00e0 ce moment-l\u00e0.<\/p>\n<p>\u00ab\u00a0\u00c9videmment, ce sera un concept totalement diff\u00e9rent l&rsquo;an prochain, mais il faut quand m\u00eame que les gens se sentent cr\u00e9atifs, qu&rsquo;ils aient confiance en eux, et que les simulations et outils fonctionnent correctement\u00a0\u00bb, a-t-il ajout\u00e9. \u00ab\u00a0Au final, ce sport repose sur des d\u00e9cisions et sur les personnes, car ce sont elles qui cr\u00e9ent les simulations et tout ce qui va avec. Nous devons donc les placer dans les meilleures conditions possibles.\u00a0\u00bb<\/p>\n<p>\u00ab\u00a0Bien s\u00fbr, ce manque de performance r\u00e9cent n&rsquo;est pas id\u00e9al, mais la v\u00e9rit\u00e9 est que 95% des effectifs travaillent d\u00e9j\u00e0 sur 2026. Donc ce groupe de personnes n&rsquo;est pas dans le cycle \u00e9motionnel habituel que vous auriez autrement.\u00a0\u00bb<\/p>\n<p>Dans cet article<\/p>\n<p>Soyez le premier inform\u00e9 et souscrivez aux alertes mails pour recevoir les infos en temps r\u00e9el<\/p>\n<p>    S&rsquo;abonner aux alertes de news<\/p>\n","protected":false},"excerpt":{"rendered":"George Russell estime que le d\u00e9part de Lewis Hamilton chez Ferrari a \u00e9t\u00e9 une bonne chose pour toutes&hellip;\n","protected":false},"author":2,"featured_media":349529,"comment_status":"","ping_status":"","sticky":false,"template":"","format":"standard","meta":{"footnotes":""},"categories":[1412],"tags":[1451,1452,1453,1454,1455,1011,27,9124,21746,1975,4320,48602,60,48603],"class_list":{"0":"post-349528","1":"post","2":"type-post","3":"status-publish","4":"format-standard","5":"has-post-thumbnail","7":"category-f1","8":"tag-f1","9":"tag-formula-1","10":"tag-formula1","11":"tag-formule-1","12":"tag-formule1","13":"tag-fr","14":"tag-france","15":"tag-george-russell","16":"tag-gp-de-hongrie","17":"tag-lewis-hamilton","18":"tag-mercedes","19":"tag-russell-le-divorce-mercedes-hamilton","20":"tag-sports","21":"tag-un-nouveau-du00e9part-pour-tout-le-monde"},"share_on_mastodon":{"url":"https:\/\/pubeurope.com\/@fr\/115105333516646190","error":""},"_links":{"self":[{"href":"https:\/\/www.europesays.com\/fr\/wp-json\/wp\/v2\/posts\/349528","targetHints":{"allow":["GET"]}}],"collection":[{"href":"https:\/\/www.europesays.com\/fr\/wp-json\/wp\/v2\/posts"}],"about":[{"href":"https:\/\/www.europesays.com\/fr\/wp-json\/wp\/v2\/types\/post"}],"author":[{"embeddable":true,"href":"https:\/\/www.europesays.com\/fr\/wp-json\/wp\/v2\/users\/2"}],"replies":[{"embeddable":true,"href":"https:\/\/www.europesays.com\/fr\/wp-json\/wp\/v2\/comments?post=349528"}],"version-history":[{"count":0,"href":"https:\/\/www.europesays.com\/fr\/wp-json\/wp\/v2\/posts\/349528\/revisions"}],"wp:featuredmedia":[{"embeddable":true,"href":"https:\/\/www.europesays.com\/fr\/wp-json\/wp\/v2\/media\/349529"}],"wp:attachment":[{"href":"https:\/\/www.europesays.com\/fr\/wp-json\/wp\/v2\/media?parent=349528"}],"wp:term":[{"taxonomy":"category","embeddable":true,"href":"https:\/\/www.europesays.com\/fr\/wp-json\/wp\/v2\/categories?post=349528"},{"taxonomy":"post_tag","embeddable":true,"href":"https:\/\/www.europesays.com\/fr\/wp-json\/wp\/v2\/tags?post=349528"}],"curies":[{"name":"wp","href":"https:\/\/api.w.org\/{rel}","templated":true}]}}