{"id":349532,"date":"2025-08-28T08:00:12","date_gmt":"2025-08-28T08:00:12","guid":{"rendered":"https:\/\/www.europesays.com\/fr\/349532\/"},"modified":"2025-08-28T08:00:12","modified_gmt":"2025-08-28T08:00:12","slug":"les-phrases-que-vous-allez-entendre-sur-le-twitch-de-rmc-lors-de-brondby-strasbourg-c4-barrages-brondby-strasbourg","status":"publish","type":"post","link":"https:\/\/www.europesays.com\/fr\/349532\/","title":{"rendered":"Les phrases que vous allez entendre sur le Twitch de RMC lors de Br\u00f8ndby-Strasbourg &#8211; C4 &#8211; Barrages &#8211; Br\u00f8ndby-Strasbourg"},"content":{"rendered":"<p>\u00ab\u202fOn a essay\u00e9 de lire la feuille de match, mais avec leurs accents, on n\u2019y comprend rien, donc d\u00e9merdez-vous !\u202f\u00bb<\/p>\n<p>\u00ab\u202fOn esp\u00e8re qu\u2019ils feront mieux que Nice parce que la double confrontation des Aiglons contre Benfica, c\u2019\u00e9tait une belle daube.\u202f\u00bb<\/p>\n<p>\u00ab\u202fY a un mec qui nous dit dans le chat\u2026\u202f\u00bb<\/p>\n<p>\u00ab\u202fProposer <a target=\"_blank\" href=\"https:\/\/www.lequipe.fr\/Football\/Actualites\/Mercato-strasbourg-refuse-une-offre-de-35-m-et-8364-de-nottingham-forest-pour-dilane-bakwa\/1587583\" rel=\"noopener nofollow\">35 millions pour Dilane Bakwa<\/a> alors qu\u2019ils en mettent 80 sur Mbeumo et 90 sur Ekitike\u2026 Ils se foutent de nous, les Anglais ?\u202f\u00bb<\/p>\n<blockquote class=\"twitter-tweet-lazy\">\n<p dir=\"ltr\" lang=\"fr\">\ud83d\udcfa Premier avertissement pour Strasbourg mais c\u2019est heureusement \u00ab\u00a0un contr\u00f4le fiscal\u00a0\u00bb offert par l\u2019attaquant de Br\u00f8ndby.<\/p>\n<p>Du foot europ\u00e9en gratuit et de la bonne humeur, venez passer la soir\u00e9e avec nous sur Twitch \u25ba <a target=\"_blank\" href=\"https:\/\/t.co\/GEsKYLZey2\" rel=\"nofollow\">https:\/\/t.co\/GEsKYLZey2<\/a> <a target=\"_blank\" href=\"https:\/\/t.co\/wjrQ3Rl2vZ\" rel=\"nofollow\">pic.twitter.com\/wjrQ3Rl2vZ<\/a><\/p>\n<p>\u2014 RMC Sport (@RMCsport) <a target=\"_blank\" href=\"https:\/\/twitter.com\/RMCsport\/status\/1958595608710676680?ref_src=twsrc%5Etfw\" rel=\"nofollow noopener\">August 21, 2025<\/a><\/p>\n<\/blockquote>\n<p>\u00ab\u202fJ\u2019ai une pr\u00e9f\u00e9rence pour les Dragibus noirs, je vous avoue.\u00a0\u00bb<\/p>\n<p>\u00ab\u202fValent\u00edn Barco, il a plus une gueule d\u2019Irlandais que d\u2019Argentin. Son p\u00e8re devrait peut-\u00eatre se poser des questions.\u202f\u00bb<\/p>\n<p>\u00ab\u202fOn a eu tr\u00e8s tr\u00e8s peur sur cette frappe, je vais devoir changer de cale\u00e7on \u00e0 la mi-temps, je crois.\u202f\u00bb<\/p>\n<p>\u00ab\u202fIl y a du beau monde \u00e0 tous les \u00e9tages en tout cas \u00e0 Strasbourg, ils n\u2019ont pas int\u00e9r\u00eat \u00e0 choke cette saison !\u202f\u00bb<\/p>\n<p>\u00ab\u202fChelsea voudrait pas leur pr\u00eater Cole Palmer ?\u202f\u00bb<\/p>\n<p>\u00ab\u202fSi vous nous rejoignez, bah vous pouvez repartir parce qu\u2019il se passe vraiment rien ici.\u202f\u00bb<\/p>\n<p>\u00ab\u202fKendry P\u00e1ez, on nous l\u2019a vendu comme le nouveau Messi. On esp\u00e8re celui du Bar\u00e7a, pas celui de Paris.\u202f\u00bb<\/p>\n<p>\u00ab\u202fPour ceux qui ne l\u2019ont pas, je vous redonne mon arobase sur OnlyFans\u2026\u202f\u00bb<\/p>\n<p>\u00ab\u00a0F\u00e9lix Lemar\u00e9chal, il porte mal son nom parce qu\u2019il nous fait un d\u00e9but de saison de mara\u00eecher, justement.\u202f\u00bb<\/p>\n<p>\u00ab\u202fOn dit plus Ligue Europa Conf\u00e9rence ?\u202f\u00bb<\/p>\n<p>\u00ab\u202fLe probl\u00e8me avec Emanuel Emegha, c\u2019est qu\u2019avant de danser, il faut r\u00e9ussir \u00e0 marquer.\u202f\u00bb<\/p>\n<p><img decoding=\"async\" loading=\"lazy\" class=\"\" src=\"https:\/\/www.europesays.com\/fr\/wp-content\/uploads\/2025\/08\/1756368012_129_grande.jpg\" alt=\"\" width=\"2560\" height=\"1707\"\/><\/p>\n<p>\u00ab\u202fAlors moi, je suis plus Ana de Armas que Margot Robbie.\u202f\u00bb<\/p>\n<p>\u00ab\u202fIl a gliss\u00e9 jusqu\u2019au Groenland, l\u00e0.\u202f\u00bb<\/p>\n<p>\u00ab\u202fAttention car Nanasi, \u00e0 une lettre pr\u00e8s, \u00e7a nous ram\u00e8ne quelques ann\u00e9es en arri\u00e8re, un peu plus \u00e0 l\u2019est que Strasbourg\u2026 si vous voyez ce que je veux dire !\u202f\u00bb<\/p>\n<p>\u00ab\u202fC\u2019est quoi son nom \u00e0 lui ?\u202f\u00bb<\/p>\n<p>\u00ab\u202fIl a quand m\u00eame une sacr\u00e9e tronche d\u2019instituteur avec ses petites lunettes, Liam Rosenior.\u202f\u00bb<\/p>\n<p>\u00ab\u202fEt le six m\u00e8\u00e8\u00c8\u00c8\u00c8\u00c8\u00c8\u00c8\u00c8\u00c8\u00c8\u00c8TTTTRRRRREEEES ! Exceptionnel ce que vient de faire Mike Penders.\u202f\u00bb<\/p>\n<p>\u00ab\u202fCe geste technique, on va l\u2019appeler la choucroute. D\u2019ailleurs d\u00e9sol\u00e9 hein, mais surcot\u00e9 de fou, votre truc.\u202f\u00bb<\/p>\n<p>\u00ab\u202fJ\u2019ai d\u00e9j\u00e0 essay\u00e9 de faire \u00e7a au five, je le regrette encore aujourd\u2019hui.\u202f\u00bb<\/p>\n<p>\u00ab\u202fOn est s\u00fbrs qu\u2019il est bien joueur de foot, Filip Bundgaard ?\u202f\u00bb<\/p>\n<p>\u00ab\u202fC\u2019est en Norv\u00e8ge, Br\u00f8ndby ?\u202f\u00bb<\/p>\n<p>\u00ab\u00a0Ce genre d\u2019action, \u00e7a me donne des papillons dans le bas-ventre.\u202f\u00bb<\/p>\n<p>\u00ab\u202fJoaqu\u00edn Panichelli, c\u2019est Olivier Giroud en moins beau gosse.\u202f\u00bb<\/p>\n<p>\u00ab\u202fSept minutes de temps additionnel\u2026 Apparemment, l\u2019arbitre est le seul \u00e0 kiffer ce match.\u202f\u00bb<\/p>\n<p>\u00ab\u202fMats K\u00f6hlert, \u00e7a nous rappelle l\u2019attaquant mon\u00e9gasque Jan Koller, son gros cr\u00e2ne chauve, vous vous souvenez ?\u202f\u00bb<\/p>\n<p>\u00ab\u202fJ\u2019ai re\u00e7u tr\u00e8s peu d\u2019insultes sur Insta et c\u2019est d\u00e9j\u00e0 la 60e minute, vous me d\u00e9cevez un peu.\u202f\u00bb<\/p>\n<p>\u00ab\u202fLemar\u00e9chal, nous voil\u00e0 ! Pardon, celle-l\u00e0 je l\u2019assume moyen.\u202f\u00bb<\/p>\n<p>\u00ab\u202fEt voil\u00e0, une belle qualification pour l\u2019\u00e9quipe r\u00e9serve de Chelsea !\u202f\u00bb<\/p>\n<p>\t\t\t\t\t\t\t\t\t\t<a class=\"lien-connexe\" href=\"https:\/\/www.sofoot.com\/breves\/liam-rosenior-estime-que-strasbourg-aurait-du-battre-brondby-en-barrage-de-ligue-conference\" rel=\"nofollow noopener\" target=\"_blank\">Liam Rosenior : \u00ab On aurait d\u00fb gagner ce match\u202f\u202f\u00bb<\/a>\t\t\t\t\t<script async src=\"https:\/\/platform.twitter.com\/widgets.js\" charset=\"utf-8\"><\/script><\/p>\n","protected":false},"excerpt":{"rendered":"\u00ab\u202fOn a essay\u00e9 de lire la feuille de match, mais avec leurs accents, on n\u2019y comprend rien, donc&hellip;\n","protected":false},"author":2,"featured_media":349533,"comment_status":"","ping_status":"","sticky":false,"template":"","format":"standard","meta":{"footnotes":""},"categories":[1410],"tags":[47,61,69,65,64,63,1011,27,68,66,62,70,67,60],"class_list":{"0":"post-349532","1":"post","2":"type-post","3":"status-publish","4":"format-standard","5":"has-post-thumbnail","7":"category-football","8":"tag-actualite","9":"tag-actus-football","10":"tag-bundesliga","11":"tag-championnats-europeens","12":"tag-equipe-de-france","13":"tag-football","14":"tag-fr","15":"tag-france","16":"tag-ligua","17":"tag-ligue-1","18":"tag-news-foot","19":"tag-premier-league","20":"tag-serie-a","21":"tag-sports"},"share_on_mastodon":{"url":"https:\/\/pubeurope.com\/@fr\/115105341313383460","error":""},"_links":{"self":[{"href":"https:\/\/www.europesays.com\/fr\/wp-json\/wp\/v2\/posts\/349532","targetHints":{"allow":["GET"]}}],"collection":[{"href":"https:\/\/www.europesays.com\/fr\/wp-json\/wp\/v2\/posts"}],"about":[{"href":"https:\/\/www.europesays.com\/fr\/wp-json\/wp\/v2\/types\/post"}],"author":[{"embeddable":true,"href":"https:\/\/www.europesays.com\/fr\/wp-json\/wp\/v2\/users\/2"}],"replies":[{"embeddable":true,"href":"https:\/\/www.europesays.com\/fr\/wp-json\/wp\/v2\/comments?post=349532"}],"version-history":[{"count":0,"href":"https:\/\/www.europesays.com\/fr\/wp-json\/wp\/v2\/posts\/349532\/revisions"}],"wp:featuredmedia":[{"embeddable":true,"href":"https:\/\/www.europesays.com\/fr\/wp-json\/wp\/v2\/media\/349533"}],"wp:attachment":[{"href":"https:\/\/www.europesays.com\/fr\/wp-json\/wp\/v2\/media?parent=349532"}],"wp:term":[{"taxonomy":"category","embeddable":true,"href":"https:\/\/www.europesays.com\/fr\/wp-json\/wp\/v2\/categories?post=349532"},{"taxonomy":"post_tag","embeddable":true,"href":"https:\/\/www.europesays.com\/fr\/wp-json\/wp\/v2\/tags?post=349532"}],"curies":[{"name":"wp","href":"https:\/\/api.w.org\/{rel}","templated":true}]}}