{"id":349534,"date":"2025-08-28T08:01:11","date_gmt":"2025-08-28T08:01:11","guid":{"rendered":"https:\/\/www.europesays.com\/fr\/349534\/"},"modified":"2025-08-28T08:01:11","modified_gmt":"2025-08-28T08:01:11","slug":"nicolas-sarkozy-et-cyril-hanouna-leurs-filles-giulia-et-bianca-tres-amies-nouvelle-video-tiktok-qui-fait-le-buzz","status":"publish","type":"post","link":"https:\/\/www.europesays.com\/fr\/349534\/","title":{"rendered":"Nicolas Sarkozy et Cyril Hanouna : leurs filles Giulia et Bianca tr\u00e8s amies, nouvelle vid\u00e9o TikTok qui fait le buzz"},"content":{"rendered":"<p>      R\u00e9sum\u00e9<\/p>\n<p>Les filles de Nicolas Sarkozy et Cyril Hanouna, Giulia et Bianca, d\u00e9voilent une complicit\u00e9 estivale sur TikTok, captivant les internautes avec leur amiti\u00e9 inattendue et leurs looks tendance.<\/p>\n<p>        Sommaire<\/p>\n<p>Sur TikTok, certaines vid\u00e9os cr\u00e9ent le buzz sans pr\u00e9venir, et c&rsquo;est exactement ce qui vient d&rsquo;arriver \u00e0 <strong><a href=\"https:\/\/www.public.fr\/tag\/giulia-sarkozy\" target=\"_blank\" rel=\"noopener\">Giulia Sarkozy<\/a> et Bianca Hanouna.<\/strong> <\/p>\n<p>Les filles de <a href=\"https:\/\/www.public.fr\/tag\/nicolas-sarkozy\" target=\"_blank\" rel=\"noopener\">Nicolas Sarkozy<\/a> et <a href=\"https:\/\/www.public.fr\/tag\/cyril-hanouna\" target=\"_blank\" rel=\"noopener\">Cyril Hanouna<\/a>, respectivement \u00e2g\u00e9es de 13 et 14 ans, ont partag\u00e9 un moment complice qui a rapidement affol\u00e9 les internautes.<\/p>\n<p>Giulia et Bianca plus complices que jamais<\/p>\n<p>Dans cette nouvelle vid\u00e9o, <strong>les deux adolescentes s&rsquo;affichent en tenues estivales<\/strong>, adoptant des looks qui n&rsquo;ont rien \u00e0 envier aux influenceuses d\u00e9j\u00e0 bien install\u00e9es sur la plateforme. Giulia a opt\u00e9 pour un short en jean classique associ\u00e9 \u00e0 un haut de maillot de bain noir, le tout agr\u00e9ment\u00e9 de quelques bijoux subtils qui apportent une touche chic \u00e0 son look d\u00e9contract\u00e9. Un d\u00e9tail a particuli\u00e8rement retenu l&rsquo;attention : sa manucure parfaite, preuve que <strong>la jeune fille soigne son apparence jusqu&rsquo;au bout des ongles<\/strong>.<\/p>\n<p>Bianca, de son c\u00f4t\u00e9, a pr\u00e9f\u00e9r\u00e9 une tenue plus color\u00e9e et audacieuse. Elle porte un maillot de bain violet \u00e0 motifs l\u00e9opard, qu&rsquo;elle a compl\u00e9t\u00e9 avec <strong>un ensemble jupe nou\u00e9e et crop top blanc<\/strong>. Une allure estivale qui refl\u00e8te bien sa personnalit\u00e9 p\u00e9tillante et son go\u00fbt pour les looks tendance.<\/p>\n<p>Un lien inattendu entre Nicolas Sarkozy et Cyril Hanouna<\/p>\n<p>Si Giulia et Bianca ont pris soin de cacher leurs visages sur la photo, leur complicit\u00e9 ne laisse aucun doute. Les deux jeunes filles partagent une grande amiti\u00e9. En quelques heures seulement, la publication a g\u00e9n\u00e9r\u00e9 des milliers de vues et suscit\u00e9 <strong>une vague de commentaires enthousiastes<\/strong>. Beaucoup d&rsquo;internautes ont salu\u00e9 le naturel et la fra\u00eecheur des deux adolescentes, tandis que d&rsquo;autres se sont amus\u00e9s de voir les univers de la politique et du divertissement r\u00e9unis \u00e0 travers cette amiti\u00e9 inattendue.<\/p>\n<p>Il faut dire que cette relation \u00e9tonne et intrigue. Voir la fille d&rsquo;un ancien pr\u00e9sident de la R\u00e9publique fran\u00e7aise s&rsquo;afficher aussi proche de la fille de l&rsquo;animateur le plus populaire du petit \u00e9cran n&rsquo;\u00e9tait pas vraiment pr\u00e9visible. <\/p>\n<p>Et pourtant, <strong>Giulia et Bianca semblent bien d\u00e9cid\u00e9es \u00e0 vivre leur adolescence comme toutes les autres<\/strong>, en profitant des r\u00e9seaux sociaux pour partager des instants de complicit\u00e9.<\/p>\n<p><img loading=\"lazy\" decoding=\"async\" width=\"616\" height=\"1024\" src=\"https:\/\/www.europesays.com\/fr\/wp-content\/uploads\/2025\/08\/Capture-decran-2025-08-28-a-07.56.53-616x1024.png\" alt=\"Nicolas Sarkozy et Cyril Hanouna : leurs filles Giulia et Bianca tr\u00e8s amies, nouvelle vid\u00e9o TikTok qui fait le buzz\"  \/><\/p>\n<p>TikTok : @giulia.srk75<\/p>\n<p>      Mentionn\u00e9s dans cet article<\/p>\n<p>      Sur le m\u00eame sujet<\/p>\n","protected":false},"excerpt":{"rendered":"R\u00e9sum\u00e9 Les filles de Nicolas Sarkozy et Cyril Hanouna, Giulia et Bianca, d\u00e9voilent une complicit\u00e9 estivale sur TikTok,&hellip;\n","protected":false},"author":2,"featured_media":349535,"comment_status":"","ping_status":"","sticky":false,"template":"","format":"standard","meta":{"footnotes":""},"categories":[1359],"tags":[12667,58,59,1011,27,14545,3091,973],"class_list":{"0":"post-349534","1":"post","2":"type-post","3":"status-publish","4":"format-standard","5":"has-post-thumbnail","7":"category-people","8":"tag-carla-bruni","9":"tag-divertissement","10":"tag-entertainment","11":"tag-fr","12":"tag-france","13":"tag-giulia-sarkozy","14":"tag-nicolas-sarkozy","15":"tag-people"},"share_on_mastodon":{"url":"https:\/\/pubeurope.com\/@fr\/115105345278973684","error":""},"_links":{"self":[{"href":"https:\/\/www.europesays.com\/fr\/wp-json\/wp\/v2\/posts\/349534","targetHints":{"allow":["GET"]}}],"collection":[{"href":"https:\/\/www.europesays.com\/fr\/wp-json\/wp\/v2\/posts"}],"about":[{"href":"https:\/\/www.europesays.com\/fr\/wp-json\/wp\/v2\/types\/post"}],"author":[{"embeddable":true,"href":"https:\/\/www.europesays.com\/fr\/wp-json\/wp\/v2\/users\/2"}],"replies":[{"embeddable":true,"href":"https:\/\/www.europesays.com\/fr\/wp-json\/wp\/v2\/comments?post=349534"}],"version-history":[{"count":0,"href":"https:\/\/www.europesays.com\/fr\/wp-json\/wp\/v2\/posts\/349534\/revisions"}],"wp:featuredmedia":[{"embeddable":true,"href":"https:\/\/www.europesays.com\/fr\/wp-json\/wp\/v2\/media\/349535"}],"wp:attachment":[{"href":"https:\/\/www.europesays.com\/fr\/wp-json\/wp\/v2\/media?parent=349534"}],"wp:term":[{"taxonomy":"category","embeddable":true,"href":"https:\/\/www.europesays.com\/fr\/wp-json\/wp\/v2\/categories?post=349534"},{"taxonomy":"post_tag","embeddable":true,"href":"https:\/\/www.europesays.com\/fr\/wp-json\/wp\/v2\/tags?post=349534"}],"curies":[{"name":"wp","href":"https:\/\/api.w.org\/{rel}","templated":true}]}}