{"id":349538,"date":"2025-08-28T08:03:11","date_gmt":"2025-08-28T08:03:11","guid":{"rendered":"https:\/\/www.europesays.com\/fr\/349538\/"},"modified":"2025-08-28T08:03:11","modified_gmt":"2025-08-28T08:03:11","slug":"a-decouvrir-un-beau-livre-sur-larchitecture-et-le-soin","status":"publish","type":"post","link":"https:\/\/www.europesays.com\/fr\/349538\/","title":{"rendered":"A d\u00e9couvrir : un beau livre sur l&rsquo;architecture et le soin"},"content":{"rendered":"<p><strong>Comment les lieux contribuent-ils au soin, \u00e0 l\u2019accueil des personnes en situation de vuln\u00e9rabilit\u00e9s ? Ce bel ouvrage collectif, sous la direction d\u2019architectes et avec la contribution de soignants, explore une \u00ab architecture patiente \u00bb.<\/strong><\/p>\n<p>Trois structures hospitali\u00e8res nich\u00e9es dans un parc, dans un environnement qui raconte la saisonnalit\u00e9 et le vivant, qui rena\u00eet chaque printemps. Trois lieux tourn\u00e9s vers le m\u00eame objet : accueillir, \u00e9couter, interagir, prendre soin, accompagner des personnes fragilis\u00e9es ou install\u00e9es dans des troubles psychiatriques qui emp\u00eachent leur autonomie. Ce beau livre richement illustr\u00e9, qui int\u00e8gre des contributions d\u2019architectes et d\u2019acteurs du soin, montre qu\u2019en architecture, chaque d\u00e9tail compte : les \u00e9paisseurs qui s\u00e9parent sans enfermer, les toitures qui prot\u00e8gent sans \u00e9craser, les espaces qui relient sans se perdre, les couleurs et les textures qui disent l\u2019hospitalit\u00e9, les transparences qui emportent les regards sans les noyer, les seuils qui invitent \u00e0 avancer sans tr\u00e9bucher. Des proportions \u00e0 la juste \u00e9chelle, \u00e0 l\u2019\u00e9chelle de celles et ceux qui habitent les lieux, patients, r\u00e9sidents et soignants. Ces lieux de la r\u00e9paration, bien que n\u00e9cessairement s\u00e9curisants et protecteurs, devraient tout autant ouvrir des possibles vers le parc, vers le monde, pour envisager des relations \u00e0 l\u2019autre que soi. Des permanences existent, mais chaque situation et chaque histoire sont singuli\u00e8res. Les lieux comme les personnes. Les pathologies aussi : l\u2019autisme \u00e0 Chevilly-Larue et \u00e0 Soisy-sur-Seine, les addictions \u00e0 Meulan-en-Yvelines.<\/p>\n<p><strong>\u2022 Architecture patiente. Lieu de soin et soin du lieu, Atelier d\u2019architecture Tolila + Gilliland (dir.), \u00e9ditions 205, coll. \u00ab Savoir faire \u00bb, 2025, <a href=\"https:\/\/www.editions205.fr\/collections\/architecture\/products\/architecture-patiente-lieu-de-soin-et-soin-du-lieu\" rel=\"nofollow noopener\" target=\"_blank\">https:\/\/www.editions205.fr<\/a><\/strong><\/p>\n","protected":false},"excerpt":{"rendered":"Comment les lieux contribuent-ils au soin, \u00e0 l\u2019accueil des personnes en situation de vuln\u00e9rabilit\u00e9s ? Ce bel ouvrage&hellip;\n","protected":false},"author":2,"featured_media":349539,"comment_status":"","ping_status":"","sticky":false,"template":"","format":"standard","meta":{"footnotes":""},"categories":[1357],"tags":[1379,58,59,1011,27,1380],"class_list":{"0":"post-349538","1":"post","2":"type-post","3":"status-publish","4":"format-standard","5":"has-post-thumbnail","7":"category-livres","8":"tag-books","9":"tag-divertissement","10":"tag-entertainment","11":"tag-fr","12":"tag-france","13":"tag-livres"},"share_on_mastodon":{"url":"https:\/\/pubeurope.com\/@fr\/115105353395887497","error":""},"_links":{"self":[{"href":"https:\/\/www.europesays.com\/fr\/wp-json\/wp\/v2\/posts\/349538","targetHints":{"allow":["GET"]}}],"collection":[{"href":"https:\/\/www.europesays.com\/fr\/wp-json\/wp\/v2\/posts"}],"about":[{"href":"https:\/\/www.europesays.com\/fr\/wp-json\/wp\/v2\/types\/post"}],"author":[{"embeddable":true,"href":"https:\/\/www.europesays.com\/fr\/wp-json\/wp\/v2\/users\/2"}],"replies":[{"embeddable":true,"href":"https:\/\/www.europesays.com\/fr\/wp-json\/wp\/v2\/comments?post=349538"}],"version-history":[{"count":0,"href":"https:\/\/www.europesays.com\/fr\/wp-json\/wp\/v2\/posts\/349538\/revisions"}],"wp:featuredmedia":[{"embeddable":true,"href":"https:\/\/www.europesays.com\/fr\/wp-json\/wp\/v2\/media\/349539"}],"wp:attachment":[{"href":"https:\/\/www.europesays.com\/fr\/wp-json\/wp\/v2\/media?parent=349538"}],"wp:term":[{"taxonomy":"category","embeddable":true,"href":"https:\/\/www.europesays.com\/fr\/wp-json\/wp\/v2\/categories?post=349538"},{"taxonomy":"post_tag","embeddable":true,"href":"https:\/\/www.europesays.com\/fr\/wp-json\/wp\/v2\/tags?post=349538"}],"curies":[{"name":"wp","href":"https:\/\/api.w.org\/{rel}","templated":true}]}}