{"id":349540,"date":"2025-08-28T08:04:19","date_gmt":"2025-08-28T08:04:19","guid":{"rendered":"https:\/\/www.europesays.com\/fr\/349540\/"},"modified":"2025-08-28T08:04:19","modified_gmt":"2025-08-28T08:04:19","slug":"audiences-carton-pour-le-lancement-de-tracker-la-nouvelle-serie-de-tf1-avec-justin-hartley-m6-et-zone-interdite-battues-par-arte","status":"publish","type":"post","link":"https:\/\/www.europesays.com\/fr\/349540\/","title":{"rendered":"Audiences : Carton pour le lancement de \u00ab\u00a0Tracker\u00a0\u00bb, la nouvelle s\u00e9rie de TF1 avec Justin Hartley, M6 et \u00ab\u00a0Zone interdite\u00a0\u00bb battues par Arte"},"content":{"rendered":"<p>            <img loading=\"lazy\" decoding=\"async\" src=\"https:\/\/www.europesays.com\/fr\/wp-content\/uploads\/2025\/04\/89-665d8e735540a-35x35-1.jpg\" class=\"author-article-picture\" width=\"35\" height=\"35\"\/><\/p>\n<p>                Par<br \/>\n                                    <a class=\"author-article-bio-link\" href=\"https:\/\/www.ozap.com\/auteur\/lea-stassinet_a89\" rel=\"nofollow noopener\" target=\"_blank\">L\u00e9a Stassinet<\/a><br \/>\n                                                    | Journaliste<\/p>\n<p>\n                Venue du royaume d'\u00a0\u00bbIntervilles\u00a0\u00bb (Mont-de-Marsan), L\u00e9a Stassinet a \u00e9t\u00e9 berc\u00e9e par la \u00ab\u00a0Nouvelle Star\u00a0\u00bb. Elle ne rate jamais les C\u00e9sar ni l\u2019Eurovision, synonymes de soir\u00e9e pronostics entre amis. Passionn\u00e9e de tennis et de politique, elle suit toutes les soir\u00e9es \u00e9lectorales, sauf pendant Roland-Garros.\n            <\/p>\n<p>\n    \u00ab\u00a0Tracker\u00a0\u00bb, \u00ab\u00a0Astrid et Rapha\u00eblle\u00a0\u00bb, \u00ab\u00a0Fabuleuse Provence\u00a0\u00bb, \u00ab\u00a0Zone interdite\u00a0\u00bb&#8230; Les audiences de la soir\u00e9e du mercredi 27 ao\u00fbt 2025.\n<\/p>\n<p>                            <img loading=\"lazy\" decoding=\"async\" class=\"player-thumbnail\" src=\"https:\/\/www.europesays.com\/fr\/wp-content\/uploads\/2025\/08\/94bf84e35923d5d0-580x326-2.jpg\" width=\"580\" height=\"326\"\/><\/p>\n<p>                    Comment sont mesur\u00e9es les audiences t\u00e9l\u00e9 ?<\/p>\n<p>La suite apr\u00e8s la publicit\u00e9<\/p>\n<p>                            <img decoding=\"async\" class=\"article-audience-img\" src=\"https:\/\/www.europesays.com\/fr\/wp-content\/uploads\/2025\/04\/1.jpg\" alt=\"TF1\"\/><\/p>\n<p>\n                    TRACKER \\ L&rsquo;AFFAIRE GIL BROWN &#8211; EPISODE PILOTE<br \/>\n                    SERIE\n                <\/p>\n<p>\n                    4 046 000 t\u00e9l\u00e9spectateurs\n                <\/p>\n<p>                            <img decoding=\"async\" class=\"article-audience-img\" src=\"https:\/\/www.europesays.com\/fr\/wp-content\/uploads\/2025\/04\/2.jpg\" alt=\"France 2\"\/><\/p>\n<p>\n                    ASTRID ET RAPHAELLE \\ LES FLEURS DU MAL<br \/>\n                    SERIE\n                <\/p>\n<p>\n                    2 759 000 t\u00e9l\u00e9spectateurs\n                <\/p>\n<p>                            <img decoding=\"async\" class=\"article-audience-img\" src=\"https:\/\/www.europesays.com\/fr\/wp-content\/uploads\/2025\/04\/3.jpg\" alt=\"France 3\"\/><\/p>\n<p>\n                    FABULEUSE PROVENCE<br \/>\n                    DOCUMENTAIRE\n                <\/p>\n<p>\n                    1 475 000 t\u00e9l\u00e9spectateurs\n                <\/p>\n<p>                            <img decoding=\"async\" class=\"article-audience-img\" src=\"https:\/\/www.europesays.com\/fr\/wp-content\/uploads\/2025\/04\/533.jpg\" alt=\"Arte\"\/><\/p>\n<p>\n                    EVERYBODY&rsquo;S FINE<br \/>\n                    FILM\n                <\/p>\n<p>\n                    1 038 000 t\u00e9l\u00e9spectateurs\n                <\/p>\n<p>                            <img decoding=\"async\" class=\"article-audience-img\" src=\"https:\/\/www.europesays.com\/fr\/wp-content\/uploads\/2025\/04\/6.jpg\" alt=\"M6\"\/><\/p>\n<p>\n                    ZONE INTERDITE \\ ILS LANCENT LEUR COMMERCE AU SOLEIL : UN T POUR  REUSSIR<br \/>\n                    MAGAZINE\n                <\/p>\n<p>\n                    921 000 t\u00e9l\u00e9spectateurs\n                <\/p>\n<p>    M\u00e9diam\u00e9trie &#8211; M\u00e9diamat ; reproduction interdite, tous droits r\u00e9serv\u00e9s par M\u00e9diam\u00e9trie<\/p>\n<p>Les fans de Justin Hartley ont r\u00e9pondu pr\u00e9sent. Ce mercredi 27 ao\u00fbt, les t\u00e9l\u00e9spectateurs ont plac\u00e9 TF1 en t\u00eate avec <a href=\"https:\/\/www.ozap.com\/actu\/tracker-tf1-annonce-la-date-de-lancement-de-sa-nouvelle-serie-americaine-evenement-avec-justin-hartley-this-is-us\/651125\" rel=\"nofollow noopener\" target=\"_blank\">sa nouvelle s\u00e9rie \u00ab\u00a0Tracker\u00a0\u00bb<\/a>, port\u00e9e par la star de \u00ab\u00a0Smallville\u00a0\u00bb et \u00ab\u00a0This Is Us\u00a0\u00bb. Les deux premiers \u00e9pisodes de la fiction polici\u00e8re dans laquelle il interpr\u00e8te le r\u00f4le de Colter Shaw, un loup solitaire charg\u00e9 de retrouver les personnes disparues quand la police n&rsquo;y parvient pas, ont r\u00e9uni en moyenne<strong> 3,75 millions <\/strong>de curieux. Cela repr\u00e9sente<strong> 24,0%<\/strong> du public pr\u00e9sent devant sa t\u00e9l\u00e9vision et <strong>32,0%<\/strong> des Femmes responsables des achats \u00e2g\u00e9es de moins de 50 ans (FRDA-50). Dans le d\u00e9tail, le premier \u00e9pisode a attir\u00e9 <strong>4,05 millions<\/strong> de t\u00e9l\u00e9spectateurs, soit <strong>24,0%<\/strong> des 4 ans et plus et<strong> 32,5%<\/strong> des FRDA-50.<\/p>\n<p>Arte et Robert De Niro devant M6 et \u00ab\u00a0Zone interdite\u00a0\u00bb<\/p>\n<p>France 2 est deuxi\u00e8me avec des rediffusions de sa s\u00e9rie phare \u00ab\u00a0Astrid et Rapha\u00eblle\u00a0\u00bb. Les \u00e9pisodes 7 et 8 de la saison 3 de la fiction polici\u00e8re port\u00e9e par Lola Dewaere et Sara Mortensen ont captiv\u00e9 en moyenne<strong> 2,53 millions<\/strong> de t\u00e9l\u00e9spectateurs entre 21h08 et 22h58. Cela \u00e9quivaut \u00e0 <strong>16,6% <\/strong>du public \u00e2g\u00e9 de 4 ans et plus et <strong>4,3% <\/strong>des FRDA-50. La semaine pass\u00e9e, les \u00e9pisodes 5 et 6 avaient tenu en haleine en moyenne<strong> <\/strong><a href=\"https:\/\/www.ozap.com\/actu\/audiences-la-petite-sirene-diffuse-pour-la-premiere-fois-en-clair-sur-m6-a-t-elle-pu-rivaliser-avec-astrid-et-raphaelle-sur-france-2\/651264\" rel=\"nofollow noopener\" target=\"_blank\">2,81 millions de t\u00e9l\u00e9spectateurs<\/a>, soit 18,6% des 4 ans et plus et 6,3% des FRDA-50.<\/p>\n<p>France 3 proposait de son c\u00f4t\u00e9 un documentaire in\u00e9dit. \u00ab\u00a0Fabuleuse Provence\u00a0\u00bb, r\u00e9alis\u00e9 par Michael Pitiot, retrace l&rsquo;histoire de cette terre, depuis les premiers hommes. Ce film tout en images, sans interview ni archive, racont\u00e9 par Lo\u00efc Corbery de la Com\u00e9die-Fran\u00e7aise, a passionn\u00e9 <strong>1,48 million<\/strong> de t\u00e9l\u00e9spectateurs. Cela correspond \u00e0 <strong>9,2%<\/strong> des individus \u00e2g\u00e9s de 4 ans et plus et <strong>2,1%<\/strong> des FRDA-50. Mercredi dernier, une rediffusion de \u00ab\u00a0Secrets d&rsquo;histoire\u00a0\u00bb sur le th\u00e8me \u00ab\u00a0Napol\u00e9on III, le dernier empereur des Fran\u00e7ais\u00a0\u00bb, avait f\u00e9d\u00e9r\u00e9 1,77 million de f\u00e9rus d&rsquo;histoire, soit 11,8% des individus \u00e2g\u00e9s de 4 ans et plus et 8,8% des \u00a0FRDA-50.<\/p>\n<p>Arte r\u00e9alise une tr\u00e8s belle performance en se classant 4e cha\u00eene de la soir\u00e9e. Elle diffusait le film \u00ab\u00a0Everybody&rsquo;s Fine\u00a0\u00bb (2009), une com\u00e9die dramatique sign\u00e9e Kirk Jones avec un casting de premier choix : Robert De Niro, Drew Barrymore ou encore Kate Beckinsale. Le long-m\u00e9trage a \u00e9mu <strong>1,04 million <\/strong>de t\u00e9l\u00e9spectateurs, soit <strong>6,4%<\/strong> du public \u00e2g\u00e9 de 4 ans et plus et<strong> 3,2%<\/strong> des FRDA-50.<\/p>\n<p>                            <img decoding=\"async\" class=\"article-audience-img\" src=\"https:\/\/www.europesays.com\/fr\/wp-content\/uploads\/2025\/04\/534.jpg\" alt=\"France 5\"\/><\/p>\n<p>\n                    J&rsquo;AI UN COLIS POUR VOUS \\ EN NORVEGE<br \/>\n                    DOCUMENTAIRE\n                <\/p>\n<p>\n                    714 000 t\u00e9l\u00e9spectateurs\n                <\/p>\n<p>                            <img decoding=\"async\" class=\"article-audience-img\" src=\"https:\/\/www.europesays.com\/fr\/wp-content\/uploads\/2025\/04\/13.jpg\" alt=\"TMC\"\/><\/p>\n<p>\n                    L&rsquo;ELEVE DUCOBU<br \/>\n                    FILM\n                <\/p>\n<p>\n                    438 000 t\u00e9l\u00e9spectateurs\n                <\/p>\n<p>                            <img decoding=\"async\" class=\"article-audience-img\" src=\"https:\/\/www.europesays.com\/fr\/wp-content\/uploads\/2025\/04\/336.jpg\" alt=\"W9\"\/><\/p>\n<p>\n                    ERIC ANTOINE GRANDIS UN PEU<br \/>\n                    HUMOUR\n                <\/p>\n<p>\n                    353 000 t\u00e9l\u00e9spectateurs\n                <\/p>\n<p>                            <img decoding=\"async\" class=\"article-audience-img\" src=\"https:\/\/www.europesays.com\/fr\/wp-content\/uploads\/2025\/04\/725.jpg\" alt=\"6ter\"\/><\/p>\n<p>\n                    C&rsquo;EST QUOI CE PAPY<br \/>\n                    FILM\n                <\/p>\n<p>\n                    313 000 t\u00e9l\u00e9spectateurs\n                <\/p>\n<p>                            <img decoding=\"async\" class=\"article-audience-img\" src=\"https:\/\/www.europesays.com\/fr\/wp-content\/uploads\/2025\/04\/723.jpg\" alt=\"TF1 Series Film\"\/><\/p>\n<p>\n                    SECTION DE RECHERCHES \\ WHITE PARTY<br \/>\n                    SERIE\n                <\/p>\n<p>\n                    290 000 t\u00e9l\u00e9spectateurs\n                <\/p>\n<p>                            <img decoding=\"async\" class=\"article-audience-img\" src=\"https:\/\/www.europesays.com\/fr\/wp-content\/uploads\/2025\/04\/532.jpg\" alt=\"Gulli\"\/><\/p>\n<p>\n                    LES ROIS DE LA GLISSE 2<br \/>\n                    TELEFILM\n                <\/p>\n<p>\n                    252 000 t\u00e9l\u00e9spectateurs\n                <\/p>\n<p>                            <img decoding=\"async\" class=\"article-audience-img\" src=\"https:\/\/www.europesays.com\/fr\/wp-content\/uploads\/2025\/04\/43.jpg\" alt=\"TFX\"\/><\/p>\n<p>\n                    INCROYABLES MARIAGES GITANS \\ 3 FETES ET UNE LUNE DE MIEL<br \/>\n                    DOCUMENTAIRE\n                <\/p>\n<p>\n                    229 000 t\u00e9l\u00e9spectateurs\n                <\/p>\n<p>                            <img decoding=\"async\" class=\"article-audience-img\" src=\"https:\/\/www.europesays.com\/fr\/wp-content\/uploads\/2025\/04\/727.jpg\" alt=\"RMC D\u00e9couverte\"\/><\/p>\n<p>\n                    FLIC STORY \\ POLICE MUNICIPALE D&rsquo;ARGELES-SUR-MER<br \/>\n                    DOCUMENTAIRE\n                <\/p>\n<p>\n                    250 000 t\u00e9l\u00e9spectateurs\n                <\/p>\n<p>                            <img decoding=\"async\" class=\"article-audience-img\" src=\"https:\/\/www.europesays.com\/fr\/wp-content\/uploads\/2025\/04\/499.jpg\" alt=\"CSTAR\"\/><\/p>\n<p>\n                    LE GRAND BETISIER \\ EDITION 2025<br \/>\n                    HUMOUR\n                <\/p>\n<p>\n                    187 000 t\u00e9l\u00e9spectateurs\n                <\/p>\n<p>                            <img decoding=\"async\" class=\"article-audience-img\" src=\"https:\/\/www.europesays.com\/fr\/wp-content\/uploads\/2025\/04\/726.jpg\" alt=\"RMC Story\"\/><\/p>\n<p>\n                    EUROPA-PARK RULANTICA : PLONGEON DANS LE PARC AQUATIQUE XXL<br \/>\n                    DOCUMENTAIRE\n                <\/p>\n<p>\n                    177 000 t\u00e9l\u00e9spectateurs\n                <\/p>\n<p>                            <img decoding=\"async\" class=\"article-audience-img\" src=\"https:\/\/www.europesays.com\/fr\/wp-content\/uploads\/2025\/04\/728.jpg\" alt=\"Ch\u00e9rie 25\"\/><\/p>\n<p>\n                    THE CLOSER : L.A. ENQUETES PRIORITAIRES \\ LA PART DES COYOTES<br \/>\n                    SERIE\n                <\/p>\n<p>\n                    188 000 t\u00e9l\u00e9spectateurs\n                <\/p>\n<p>                            <img decoding=\"async\" class=\"article-audience-img\" src=\"https:\/\/www.europesays.com\/fr\/wp-content\/uploads\/2025\/04\/4.jpg\" alt=\"Canal+\"\/><\/p>\n<p>\n                    AU MICRO<br \/>\n                    MAGAZINE SPORTIF\n                <\/p>\n<p>\n                    36 000 t\u00e9l\u00e9spectateurs\n                <\/p>\n<p>    M\u00e9diam\u00e9trie &#8211; M\u00e9diamat ; reproduction interdite, tous droits r\u00e9serv\u00e9s par M\u00e9diam\u00e9trie<\/p>\n<p>M6, 5e de la soir\u00e9e, diffusait un nouveau num\u00e9ro de \u00ab\u00a0Zone interdite\u00a0\u00bb. Le magazine pr\u00e9sent\u00e9 par Oph\u00e9lie Meunier intitul\u00e9 \u00ab\u00a0Ils lancent leur commerce au soleil : un \u00e9t\u00e9 pour r\u00e9ussir\u00a0\u00bb, n&rsquo;a int\u00e9ress\u00e9 que <strong>921.000<\/strong> fid\u00e8les. <strong>6,1% <\/strong>du public \u00e2g\u00e9 de 4 ans et plus et <strong>14,5%<\/strong> des FRDA-50 ont suivi avec curiosit\u00e9 les aventures de ces nouveaux entrepreneurs. Mardi 19 ao\u00fbt, le pr\u00e9c\u00e9dent \u00e9pisode portant sur le th\u00e8me \u00ab\u00a0Maison de famille : ils sont pr\u00eats \u00e0 tout pour sauver leur h\u00e9ritage\u00a0\u00bb, avait capt\u00e9 <a href=\"https:\/\/www.ozap.com\/actu\/audiences-seulement-10000-telespectateurs-decart-entre-le-lancement-de-la-saison-7-de-swat-sur-tf1-et-opj-sur-france-2\/651249\" rel=\"nofollow noopener\" target=\"_blank\">1,32 million<\/a> de t\u00e9l\u00e9spectateurs, soit 8,6% des individus \u00e2g\u00e9s de 4 ans et plus et 19,3% des FRDA-50.<\/p>\n","protected":false},"excerpt":{"rendered":"Par L\u00e9a Stassinet | Journaliste Venue du royaume d&rsquo;\u00a0\u00bbIntervilles\u00a0\u00bb (Mont-de-Marsan), L\u00e9a Stassinet a \u00e9t\u00e9 berc\u00e9e par la \u00ab\u00a0Nouvelle&hellip;\n","protected":false},"author":2,"featured_media":349541,"comment_status":"","ping_status":"","sticky":false,"template":"","format":"standard","meta":{"footnotes":""},"categories":[1356],"tags":[58,59,1011,27,252,1364],"class_list":{"0":"post-349540","1":"post","2":"type-post","3":"status-publish","4":"format-standard","5":"has-post-thumbnail","7":"category-television","8":"tag-divertissement","9":"tag-entertainment","10":"tag-fr","11":"tag-france","12":"tag-television","13":"tag-tv"},"share_on_mastodon":{"url":"https:\/\/pubeurope.com\/@fr\/115105357596997170","error":""},"_links":{"self":[{"href":"https:\/\/www.europesays.com\/fr\/wp-json\/wp\/v2\/posts\/349540","targetHints":{"allow":["GET"]}}],"collection":[{"href":"https:\/\/www.europesays.com\/fr\/wp-json\/wp\/v2\/posts"}],"about":[{"href":"https:\/\/www.europesays.com\/fr\/wp-json\/wp\/v2\/types\/post"}],"author":[{"embeddable":true,"href":"https:\/\/www.europesays.com\/fr\/wp-json\/wp\/v2\/users\/2"}],"replies":[{"embeddable":true,"href":"https:\/\/www.europesays.com\/fr\/wp-json\/wp\/v2\/comments?post=349540"}],"version-history":[{"count":0,"href":"https:\/\/www.europesays.com\/fr\/wp-json\/wp\/v2\/posts\/349540\/revisions"}],"wp:featuredmedia":[{"embeddable":true,"href":"https:\/\/www.europesays.com\/fr\/wp-json\/wp\/v2\/media\/349541"}],"wp:attachment":[{"href":"https:\/\/www.europesays.com\/fr\/wp-json\/wp\/v2\/media?parent=349540"}],"wp:term":[{"taxonomy":"category","embeddable":true,"href":"https:\/\/www.europesays.com\/fr\/wp-json\/wp\/v2\/categories?post=349540"},{"taxonomy":"post_tag","embeddable":true,"href":"https:\/\/www.europesays.com\/fr\/wp-json\/wp\/v2\/tags?post=349540"}],"curies":[{"name":"wp","href":"https:\/\/api.w.org\/{rel}","templated":true}]}}