{"id":349542,"date":"2025-08-28T08:05:12","date_gmt":"2025-08-28T08:05:12","guid":{"rendered":"https:\/\/www.europesays.com\/fr\/349542\/"},"modified":"2025-08-28T08:05:12","modified_gmt":"2025-08-28T08:05:12","slug":"salut-a-ozzy-osbourne-et-a-lage-dor-de-black-sabbath","status":"publish","type":"post","link":"https:\/\/www.europesays.com\/fr\/349542\/","title":{"rendered":"Salut \u00e0 Ozzy Osbourne et \u00e0 l\u2019\u00e2ge d\u2019or de Black Sabbath"},"content":{"rendered":"<p class=\"PopSlotParagraph qg-tx2 qg-xtra-lh svelte-1r0pyek\">Comment pouviez-vous ne pas avoir la m\u00e2choire pendante et les yeux exorbit\u00e9s quand vous entendiez \u00e7a pour la premi\u00e8re fois de votre vie \u00e0 l\u2019\u00e2ge de onze ans\u00a0? Celui que j\u2019avais quand mon grand fr\u00e8re a rapport\u00e9 chez nous, en import anglais, au carton bien plus \u00e9pais que les \u00e9ditions fran\u00e7aises, le premier album de Black Sabbath\u00a0? Qui venait de sortir, au d\u00e9but de l\u2019ann\u00e9e 1970. Un titre qui s\u2019appelait, lui aussi, \u00ab\u00a0Black Sabbath\u00a0\u00bb et par lequel j\u2019ai choisi de d\u00e9marrer l\u2019\u00e9mission de ce soir. Afin de rendre hommage \u00e0 celui qui nous a quitt\u00e9s voici d\u00e9j\u00e0 un mois, Ozzy Osbourne, le chanteur de ce groupe qui ne ressemblait \u00e0 aucun autre. \u00ab\u00a0Sans Black Sabbath, il n\u2019y aurait jamais eu de Metallica.\u00a0\u00bb C\u2019est ce qu\u2019a d\u00e9clar\u00e9 Lars Ulrich, le batteur du c\u00e9l\u00e8bre groupe de metal californien. Et Kurt Cobain, lors d\u2019une de ses premi\u00e8res interviews, avait d\u00e9crit la musique de Nirvana, comme un croisement entre les Beatles et Black Sabbath.<\/p>\n<p class=\"qg-sr-only\" role=\"heading\" aria-level=\"3\">Pour voir ce contenu, acceptez les cookies.<\/p>\n<p class=\"ConsentNotice-description qg-tx3 svelte-m9wmt1\">Pour afficher ce contenu Youtube, vous devez accepter les cookies <b>Publicit\u00e9<\/b>.<br \/>Ces cookies permettent \u00e0 nos partenaires de vous proposer des publicit\u00e9s et des contenus personnalis\u00e9s en fonction de votre navigation, de votre profil et de vos centres d&rsquo;int\u00e9r\u00eat. <\/p>\n<p>  G\u00e9rer mes choix     J&rsquo;autorise  <\/p>\n<p class=\"PopSlotParagraph qg-tx2 qg-xtra-lh svelte-1r0pyek\">Je reviens \u00e0 cette pochette du premier album, que j\u2019avais donc d\u00e9couvert \u00e0 sa sortie, une photo aux couleurs satur\u00e9es, c\u2019\u00e9tait, je viens de l\u2019apprendre en m\u2019informant, une photo prise par le photographe Keith McMillan sur un film Kodak dit Aerochrome, soit une pellicule infrarouge unique qu\u2019on utilisait pour les photos de reconnaissance a\u00e9rienne. On voyait une femme myst\u00e9rieuse, v\u00eatue d\u2019une cape noire, au visage bl\u00eame, \u00e0 l\u2019expression hagarde, plant\u00e9e au bord d\u2019un d\u00e9cor d\u2019aube ou de cr\u00e9puscule. Un sombre \u00e9tang au bord d\u2019un moulin \u00e0 eau abandonn\u00e9. Le nom inscrit sur la pochette\u00a0: Black Sabbath. Sabbat noir. Qui \u00e9taient-ils\u00a0? D\u2019o\u00f9 venaient-ils\u00a0? \u00c0 quoi ressemblaient-ils\u00a0? Impossible d\u2019en avoir la moindre id\u00e9e. En ce temps-l\u00e0, les visages des musiciens restaient souvent invisibles. Quand j\u2019ouvrais cette pochette dont la vision m\u2019impressionnait, il y avait, sur un fond noir uniforme, une croix renvers\u00e9e. Je n\u2019avais jamais vu \u00e7a de ma vie. Mais, c\u2019est dr\u00f4le, le plus impressionnant pour moi, c\u2019\u00e9tait la rondelle du vinyle qui tournait sur la platine\u00a0: un motif en spirale noir et blanc, \u00e0 la Vasarely, qui cr\u00e9ait un effet d\u2019optique, le sigle de la marque de disques Vertigo, comme Vertige. Je le fixais, comme hypnotis\u00e9, pendant que j\u2019\u00e9coutais le premier titre de l\u2019album, sign\u00e9 Black Sabbath, un titre qui s\u2019appelait lui aussi Black Sabbath.<\/p>\n<p class=\"qg-sr-only\" role=\"heading\" aria-level=\"3\">Pour voir ce contenu, acceptez les cookies.<\/p>\n<p class=\"ConsentNotice-description qg-tx3 svelte-m9wmt1\">Pour afficher ce contenu Youtube, vous devez accepter les cookies <b>Publicit\u00e9<\/b>.<br \/>Ces cookies permettent \u00e0 nos partenaires de vous proposer des publicit\u00e9s et des contenus personnalis\u00e9s en fonction de votre navigation, de votre profil et de vos centres d&rsquo;int\u00e9r\u00eat. <\/p>\n<p>  G\u00e9rer mes choix     J&rsquo;autorise  <\/p>\n<p class=\"PopSlotParagraph qg-tx2 qg-xtra-lh svelte-1r0pyek\">Le d\u00e9but, vous l\u2019avez entendu, \u00e9tait comme celui d\u2019un film\u00a0: le son d\u2019un clocher perdu dans le lointain, un puissant coup de tonnerre et la pluie qui se met \u00e0 tomber mollement puis de fa\u00e7on de plus en plus drue. J\u2019imaginais que je m\u2019\u00e9tais perdu pr\u00e8s de l\u2019\u00e9tang de la pochette, que la sorci\u00e8re plant\u00e9e allait m\u2019entra\u00eener dans cette ruine mal\u00e9fique et que \u00e7a allait \u00eatre atroce. Inutile de vous dire que l\u00e0 o\u00f9 j\u2019habitais, \u00e0 l\u2019\u00e2ge de onze ans, je n\u2019avais jamais entendu parler de hard rock et encore moins de heavy metal. Je connaissais les Beatles, les Stones, Bob Dylan et d\u2019autres, mais enfin, mon d\u00e9cor sonore, c\u2019\u00e9tait Brassens et \u00e0 la t\u00e9l\u00e9vision, Hugues Aufray, voire les Compagnons de la chanson et Sacha Distel. Vous imaginez la violence du contraste. Alors, ce soir, je vais me concentrer sur ce que je consid\u00e8re, et je ne suis pas le seul, l\u2019\u00e2ge d\u2019or de Black Sabbath, soit les six premiers albums du groupe, avec Ozzy Osbourne, parus entre 1970 et 1975. Alors \u00e7a, forc\u00e9ment, vous connaissez.<\/p>\n<p class=\"PopSlotParagraph qg-tx2 qg-xtra-lh svelte-1r0pyek\">Pour en savoir plus, \u00e9coutez l&rsquo;\u00e9mission&#8230;<\/p>\n<p> Playlist\u00a0:<\/p>\n<p class=\"PopSlotParagraph qg-tx2 qg-xtra-lh svelte-1r0pyek\"><strong>Black Sabbath\u00a0:<\/strong><\/p>\n<ul>\n<li>\u00ab\u00a0Black Sabbath\u00a0\u00bb album \u00ab\u00a0Black Sabbath &#8211; 2009 Remaster\u00a0\u00bb<\/li>\n<li>\u00ab\u00a0Paranoid\u00a0\u00bb album \u00ab\u00a0Paranoid &#8211; 2012 Remaster\u00a0\u00bb<\/li>\n<li>\u00ab\u00a0Jack the Stripper\/ Fairies Wear Boots\u00a0\u00bb album \u00ab\u00a0Paranoid &#8211; 2012 Remaster\u00a0\u00bb<\/li>\n<li>\u00ab\u00a0Children of the Grave\u00a0\u00bb album \u00ab\u00a0Master of Reality &#8211; 2009 Remaster\u00a0\u00bb<\/li>\n<li>\u00ab\u00a0Sweet Leaf\u00a0\u00bb album \u00ab\u00a0Master of Reality &#8211; 2009 Remaster\u00a0\u00bb<\/li>\n<li>\u00ab\u00a0Supernaut\u00a0\u00bb album \u00ab\u00a0Vol. 4\u00a0&#8211; 2009 Remaster\u00a0\u00bb<\/li>\n<li>\u00ab\u00a0Snowblind\u00a0\u00bb album \u00ab\u00a0Vol. 4\u00a0&#8211; 2009 Remaster\u00a0\u00bb<\/li>\n<li>\u00ab\u00a0Symptom of the Universe\u00a0\u00bb album \u00ab\u00a0Sabotage &#8211; 2021 Remaster\u00a0\u00bb<\/li>\n<\/ul>\n","protected":false},"excerpt":{"rendered":"Comment pouviez-vous ne pas avoir la m\u00e2choire pendante et les yeux exorbit\u00e9s quand vous entendiez \u00e7a pour la&hellip;\n","protected":false},"author":2,"featured_media":349543,"comment_status":"","ping_status":"","sticky":false,"template":"","format":"standard","meta":{"footnotes":""},"categories":[1355],"tags":[58,59,1011,27,1361,873],"class_list":{"0":"post-349542","1":"post","2":"type-post","3":"status-publish","4":"format-standard","5":"has-post-thumbnail","7":"category-musique","8":"tag-divertissement","9":"tag-entertainment","10":"tag-fr","11":"tag-france","12":"tag-music","13":"tag-musique"},"share_on_mastodon":{"url":"https:\/\/pubeurope.com\/@fr\/115105361080759718","error":""},"_links":{"self":[{"href":"https:\/\/www.europesays.com\/fr\/wp-json\/wp\/v2\/posts\/349542","targetHints":{"allow":["GET"]}}],"collection":[{"href":"https:\/\/www.europesays.com\/fr\/wp-json\/wp\/v2\/posts"}],"about":[{"href":"https:\/\/www.europesays.com\/fr\/wp-json\/wp\/v2\/types\/post"}],"author":[{"embeddable":true,"href":"https:\/\/www.europesays.com\/fr\/wp-json\/wp\/v2\/users\/2"}],"replies":[{"embeddable":true,"href":"https:\/\/www.europesays.com\/fr\/wp-json\/wp\/v2\/comments?post=349542"}],"version-history":[{"count":0,"href":"https:\/\/www.europesays.com\/fr\/wp-json\/wp\/v2\/posts\/349542\/revisions"}],"wp:featuredmedia":[{"embeddable":true,"href":"https:\/\/www.europesays.com\/fr\/wp-json\/wp\/v2\/media\/349543"}],"wp:attachment":[{"href":"https:\/\/www.europesays.com\/fr\/wp-json\/wp\/v2\/media?parent=349542"}],"wp:term":[{"taxonomy":"category","embeddable":true,"href":"https:\/\/www.europesays.com\/fr\/wp-json\/wp\/v2\/categories?post=349542"},{"taxonomy":"post_tag","embeddable":true,"href":"https:\/\/www.europesays.com\/fr\/wp-json\/wp\/v2\/tags?post=349542"}],"curies":[{"name":"wp","href":"https:\/\/api.w.org\/{rel}","templated":true}]}}