{"id":349546,"date":"2025-08-28T08:07:10","date_gmt":"2025-08-28T08:07:10","guid":{"rendered":"https:\/\/www.europesays.com\/fr\/349546\/"},"modified":"2025-08-28T08:07:10","modified_gmt":"2025-08-28T08:07:10","slug":"bientot-un-vaccin-contre-la-perte-de-memoire-ce-quen-dit-une-etude-etonnante","status":"publish","type":"post","link":"https:\/\/www.europesays.com\/fr\/349546\/","title":{"rendered":"Bient\u00f4t un vaccin contre la perte de m\u00e9moire ? Ce qu&rsquo;en dit une \u00e9tude \u00e9tonnante"},"content":{"rendered":"<p>Imaginez un monde o\u00f9 un simple vaccin pourrait pr\u00e9server le fil<br \/>\n<a href=\"https:\/\/sciencepost.fr\/genome-humain-stocke-cristal-memoire-5d\/\" target=\"_blank\" rel=\"noopener nofollow\">pr\u00e9cieux de nos souvenirs<\/a>,<br \/>\nralentir la progression de la d\u00e9mence, et permettre \u00e0 chacun de<br \/>\ngarder vivace l\u2019histoire de sa vie. En France, o\u00f9 vivre vieux ne<br \/>\nrime pas toujours avec vivre bien, l\u2019annonce d\u2019une <a href=\"https:\/\/sciencepost.fr\/ovules-vieillis-souris-rajeunis-femmes\/\" target=\"_blank\" rel=\"noopener nofollow\">avanc\u00e9e<\/a> sur le front de la<br \/>\npr\u00e9vention des pertes de m\u00e9moire fait na\u00eetre un nouvel espoir.<br \/>\nR\u00e9cemment, <a href=\"https:\/\/sciencepost.fr\/8-medicaments-perimes-sur-10-encore-efficaces\/\" target=\"_blank\" rel=\"noopener nofollow\">une \u00e9tude intrigante<\/a> a agit\u00e9 la<br \/>\ncommunaut\u00e9 scientifique : un vaccin, sans pr\u00e9tendre gu\u00e9rir,<br \/>\npourrait-il vraiment freiner cette spirale qui inqui\u00e8te tant de<br \/>\nfamilles ? Levons le voile sur ce sujet <strong>br\u00fblant qui suscite<br \/>\nautant de curiosit\u00e9 que de prudence<\/strong>.<\/p>\n<p>La m\u00e9moire, ce tr\u00e9sor vuln\u00e9rable :<br \/>\ncomprendre les enjeux de la d\u00e9menceQuand le quotidien s\u2019effrite :<br \/>\nchiffres alarmants<\/p>\n<p>En France, plus d\u2019un million de personnes sont aujourd\u2019hui<br \/>\nconcern\u00e9es par la d\u00e9mence. \u00c0 travers ce chiffre r\u00e9sonne l\u2019histoire<br \/>\nde familles enti\u00e8res, confront\u00e9es au lent effacement de souvenirs<br \/>\net de rep\u00e8res familiers. La maladie d\u2019Alzheimer, la forme la plus<br \/>\nconnue, provoque une perte progressive des capacit\u00e9s cognitives,<br \/>\nsouvent v\u00e9cue comme un <strong>v\u00e9ritable coup de tonnerre dans le<br \/>\nquotidien<\/strong>. Les cons\u00e9quences touchent \u00e0 la fois la personne<br \/>\nelle-m\u00eame, d\u00e9stabilis\u00e9e dans sa routine, et ses proches, qui<br \/>\ndoivent s\u2019adapter et accompagner sur un chemin sem\u00e9<br \/>\nd\u2019incertitudes.<\/p>\n<p>La course aux solutions pour prot\u00e9ger<br \/>\nle cerveau<\/p>\n<p>Face \u00e0 l\u2019augmentation pr\u00e9visible du nombre de cas \u2014 les<br \/>\nprojections \u00e9voquent pr\u00e8s de <strong>2 millions de personnes<br \/>\natteintes d\u2019ici 2050<\/strong> en France \u2014 la recherche s\u2019intensifie<br \/>\npour trouver de nouvelles approches. Outre la prise en charge<br \/>\nm\u00e9dicale et sociale, les scientifiques se penchent sur des pistes<br \/>\ninnovantes : nutrition, activit\u00e9 physique, stimulation cognitive,<br \/>\nmais aussi protection immunitaire. C\u2019est dans cette qu\u00eate que<br \/>\nl\u2019id\u00e9e d\u2019un vaccin pr\u00e9ventif refait surface et suscite de vifs<br \/>\nd\u00e9bats.<\/p>\n<p>Vaccins et cerveau : une connexion<br \/>\ninattendueLes d\u00e9couvertes surprenantes des<br \/>\nchercheurs<\/p>\n<p>Depuis quelques ann\u00e9es, une id\u00e9e pour le moins surprenante fait<br \/>\nson chemin : certains vaccins, connus et utilis\u00e9s depuis des<br \/>\nd\u00e9cennies, pourraient avoir un effet b\u00e9n\u00e9fique inattendu sur la<br \/>\nsant\u00e9 c\u00e9r\u00e9brale. Derri\u00e8re cette hypoth\u00e8se : l\u2019observation que, chez<br \/>\ncertains sujets vaccin\u00e9s contre la grippe ou la pneumonie, le<br \/>\n<strong>risque de d\u00e9velopper une d\u00e9mence semblait l\u00e9g\u00e8rement<br \/>\ndiminu\u00e9<\/strong> par rapport \u00e0 d\u2019autres groupes comparables. De<br \/>\nquoi \u00e9branler quelques certitudes \u00e9tablies dans le domaine<br \/>\nm\u00e9dical.<\/p>\n<p>Immunit\u00e9 et neuroprotection : ce que<br \/>\nla science commence \u00e0 r\u00e9v\u00e9ler<\/p>\n<p>Le <a href=\"https:\/\/sciencepost.fr\/origine-voix-personnes-schizophrenes-identifiee\/\" target=\"_blank\" rel=\"noopener nofollow\">fonctionnement du cerveau<\/a> et du<br \/>\nsyst\u00e8me immunitaire n\u2019a jamais \u00e9t\u00e9 aussi scrut\u00e9 \u00e0 la loupe. Des<br \/>\npistes \u00e9mergent autour de l\u2019id\u00e9e que <strong>stimuler l\u2019immunit\u00e9<br \/>\npourrait indirectement prot\u00e9ger le cerveau<\/strong> contre<br \/>\ncertaines agressions. Cette interaction entre vaccination et<br \/>\nneuroprotection s\u00e8me l\u2019espoir, m\u00eame si de nombreuses questions<br \/>\ndemeurent en suspens pour la communaut\u00e9 scientifique.<\/p>\n<p>Une \u00e9tude qui secoue les id\u00e9es re\u00e7ues<br \/>\n: zoom sur les derni\u00e8res avanc\u00e9esM\u00e9thodologie et r\u00e9sultats en bref : ce<br \/>\nque dit r\u00e9ellement la recherche<\/p>\n<p>Dans la r\u00e9cente \u00e9tude qui a fait couler beaucoup d\u2019encre, les<br \/>\nchercheurs se sont pench\u00e9s sur le lien entre vaccination \u2014<br \/>\nnotamment contre la grippe et la pneumonie \u2014 et risque de<br \/>\nd\u00e9veloppement d\u2019une d\u00e9mence chez les personnes \u00e2g\u00e9es. En passant au<br \/>\ncrible un large \u00e9chantillon de dossiers m\u00e9dicaux suivis sur<br \/>\nplusieurs ann\u00e9es, ils ont constat\u00e9 que ceux ayant re\u00e7u certains<br \/>\nvaccins pr\u00e9sentaient, toutes proportions gard\u00e9es, un <strong>risque<br \/>\nde d\u00e9mence diminu\u00e9 d\u2019environ 10 \u00e0 15%<\/strong>. Ce chiffre, bien<br \/>\nqu\u2019encourageant, n\u00e9cessite encore d\u2019\u00eatre \u00e9tudi\u00e9, car il ne prouve<br \/>\npas un effet direct du vaccin sur la m\u00e9moire.<\/p>\n<p>Au-del\u00e0 des chiffres : les limites et<br \/>\nd\u00e9bats<\/p>\n<p>Si ces r\u00e9sultats ravivent l\u2019espoir d\u2019une pr\u00e9vention nouvelle,<br \/>\nils doivent \u00eatre interpr\u00e9t\u00e9s avec prudence. De nombreux facteurs<br \/>\npeuvent influencer l\u2019apparition de la d\u00e9mence : hygi\u00e8ne de vie,<br \/>\nniveau d\u2019activit\u00e9 physique, environnement social\u2026 <strong>Difficile<br \/>\ndonc de conclure \u00e0 l\u2019efficacit\u00e9 d\u2019un vaccin<\/strong> sans des<br \/>\n\u00e9tudes plus approfondies. Ce d\u00e9bat anime la sph\u00e8re scientifique,<br \/>\nentre enthousiasme mesur\u00e9 et appel \u00e0 la rigueur m\u00e9thodologique.<\/p>\n<p>De la piq\u00fbre au ralentissement<br \/>\ncognitif ? Sc\u00e9narios explor\u00e9sPourquoi certains vaccins pourraient<br \/>\nagir sur la m\u00e9moire<\/p>\n<p>La vaccination pourrait-elle freiner le d\u00e9clin cognitif ?<br \/>\nPlusieurs hypoth\u00e8ses \u00e9mergent : une meilleure protection contre des<br \/>\ninfections connues pour affaiblir le cerveau, mais aussi la<br \/>\npossibilit\u00e9 que la stimulation du syst\u00e8me immunitaire joue un r\u00f4le<br \/>\nprotecteur. Certaines infections, comme la grippe s\u00e9v\u00e8re ou la<br \/>\npneumonie, ont d\u00e9j\u00e0 prouv\u00e9 leur capacit\u00e9 \u00e0 <strong>fragiliser les<br \/>\nfonctions c\u00e9r\u00e9brales \u00e0 long terme<\/strong>. Pr\u00e9venir ces maladies,<br \/>\nc\u2019est peut-\u00eatre indirectement pr\u00e9server sa m\u00e9moire.<\/p>\n<p>Les pistes explicatives envisag\u00e9es par<br \/>\nles sp\u00e9cialistes<\/p>\n<p>Les chercheurs avancent diverses explications : le vaccin<br \/>\nagirait en limitant l\u2019inflammation chronique, souvent point\u00e9e du<br \/>\ndoigt dans les maladies neurod\u00e9g\u00e9n\u00e9ratives, ou il stimulerait<br \/>\ncertains <strong>m\u00e9canismes de r\u00e9paration naturelle du<br \/>\ncerveau<\/strong>. Il pourrait aussi tout simplement s\u2019agir d\u2019un<br \/>\nmarqueur indirect : ceux qui se font vacciner auraient globalement<br \/>\nune meilleure sant\u00e9 et un suivi m\u00e9dical plus r\u00e9gulier. Autant de<br \/>\npistes qui devront \u00eatre clarifi\u00e9es lors d\u2019\u00e9tudes \u00e0 venir.<\/p>\n<p>Le r\u00eave d\u2019un vaccin anti-d\u00e9mence :<br \/>\npromesse ou mirage ?Les attentes des patients et des<br \/>\nfamilles<\/p>\n<p>L\u2019id\u00e9e d\u2019un vaccin qui prot\u00e9gerait les souvenirs fait r\u00eaver bien<br \/>\nau-del\u00e0 du cercle m\u00e9dical : pour les patients comme pour leurs<br \/>\nproches, ce serait retrouver une <strong>certaine s\u00e9r\u00e9nit\u00e9 face \u00e0<br \/>\nl\u2019avenir<\/strong>. Les associations font remonter l\u2019impatience,<br \/>\nmais aussi l\u2019espoir que la science continue \u00e0 avancer pour offrir<br \/>\nenfin des outils pr\u00e9ventifs efficaces.<\/p>\n<p>Les \u00e9tapes encore \u00e0 franchir avant une<br \/>\n\u00e9ventuelle perc\u00e9e<\/p>\n<p>Transformer cette piste en solution concr\u00e8te n\u00e9cessitera du<br \/>\ntemps, des essais cliniques plus longs et la d\u00e9monstration d\u2019une<br \/>\nefficacit\u00e9 r\u00e9elle et durable. Beaucoup de questions restent<br \/>\nouvertes : ce \u00ab vaccin \u00bb serait-il universel ou r\u00e9serv\u00e9 \u00e0 certains<br \/>\nprofils ? Quels effets secondaires potentiels ? Et surtout,<br \/>\n<strong>comment accompagner au mieux<\/strong> ceux qui vivront plus<br \/>\nlongtemps gr\u00e2ce \u00e0 une m\u00e9moire pr\u00e9serv\u00e9e ?<\/p>\n<p>Se vacciner pour prot\u00e9ger sa m\u00e9moire :<br \/>\nune future r\u00e9volution dans la pr\u00e9vention ?Ce que pourraient changer les<br \/>\nrecommandations de sant\u00e9 publique<\/p>\n<p>Si les \u00e9tudes futures confirment l\u2019int\u00e9r\u00eat de certains vaccins<br \/>\ndans la pr\u00e9vention de la perte de m\u00e9moire, cela bouleverserait<br \/>\npeut-\u00eatre la strat\u00e9gie de sant\u00e9 publique. La vaccination, d\u00e9j\u00e0<br \/>\nencourag\u00e9e pour se pr\u00e9munir des complications graves li\u00e9es \u00e0 l\u2019\u00e2ge,<br \/>\npourrait devenir un <strong>geste pr\u00e9ventif doublement<br \/>\nessentiel<\/strong>. Les campagnes d\u2019information changeraient de<br \/>\nton, en insistant sur l\u2019impact global d\u2019une bonne couverture<br \/>\nvaccinale.<\/p>\n<p>Pr\u00e9cautions, espoirs et conseils en<br \/>\nattendant la suite<\/p>\n<p>En attendant d\u2019y voir plus clair, mieux vaut s\u2019en tenir \u00e0 des<br \/>\nrecommandations valid\u00e9es : poursuivre la vaccination recommand\u00e9e,<br \/>\nadopter une alimentation \u00e9quilibr\u00e9e, rester actif physiquement,<br \/>\nentretenir sa curiosit\u00e9 et son r\u00e9seau social. <strong>L\u2019espoir est<br \/>\npr\u00e9sent<\/strong>, mais la prudence reste de mise tant que la<br \/>\nscience n\u2019aura pas confirm\u00e9 ces r\u00e9sultats prometteurs.<\/p>\n<p>Synth\u00e8se et regards vers l\u2019avenir :<br \/>\nentre avanc\u00e9es, prudence et espoir<\/p>\n<p>La recherche sur le lien entre certains vaccins et la pr\u00e9vention<br \/>\nde la d\u00e9mence ouvre une porte fascinante, pleine de promesses mais<br \/>\naussi d\u2019interrogations. Retenons ce message essentiel :<br \/>\n<strong>chaque geste de pr\u00e9vention compte<\/strong>, et la<br \/>\ncompr\u00e9hension du cerveau ne cesse de progresser. Ce domaine, \u00e0 la<br \/>\nfronti\u00e8re entre d\u00e9couverte scientifique et prudence m\u00e9dicale,<br \/>\nm\u00e9rite d\u2019\u00eatre suivi de pr\u00e8s par tous ceux qui aspirent \u00e0 pr\u00e9server<br \/>\nleurs souvenirs le plus longtemps possible. Les prochaines ann\u00e9es<br \/>\npourraient bien r\u00e9v\u00e9ler de nouvelles strat\u00e9gies pour prot\u00e9ger notre<br \/>\nbien le plus pr\u00e9cieux : notre m\u00e9moire.<\/p>\n","protected":false},"excerpt":{"rendered":"Imaginez un monde o\u00f9 un simple vaccin pourrait pr\u00e9server le fil pr\u00e9cieux de nos souvenirs, ralentir la progression&hellip;\n","protected":false},"author":2,"featured_media":349547,"comment_status":"","ping_status":"","sticky":false,"template":"","format":"standard","meta":{"footnotes":""},"categories":[10],"tags":[1011,27,72,71],"class_list":{"0":"post-349546","1":"post","2":"type-post","3":"status-publish","4":"format-standard","5":"has-post-thumbnail","7":"category-sante","8":"tag-fr","9":"tag-france","10":"tag-health","11":"tag-sante"},"share_on_mastodon":{"url":"https:\/\/pubeurope.com\/@fr\/115105368860900039","error":""},"_links":{"self":[{"href":"https:\/\/www.europesays.com\/fr\/wp-json\/wp\/v2\/posts\/349546","targetHints":{"allow":["GET"]}}],"collection":[{"href":"https:\/\/www.europesays.com\/fr\/wp-json\/wp\/v2\/posts"}],"about":[{"href":"https:\/\/www.europesays.com\/fr\/wp-json\/wp\/v2\/types\/post"}],"author":[{"embeddable":true,"href":"https:\/\/www.europesays.com\/fr\/wp-json\/wp\/v2\/users\/2"}],"replies":[{"embeddable":true,"href":"https:\/\/www.europesays.com\/fr\/wp-json\/wp\/v2\/comments?post=349546"}],"version-history":[{"count":0,"href":"https:\/\/www.europesays.com\/fr\/wp-json\/wp\/v2\/posts\/349546\/revisions"}],"wp:featuredmedia":[{"embeddable":true,"href":"https:\/\/www.europesays.com\/fr\/wp-json\/wp\/v2\/media\/349547"}],"wp:attachment":[{"href":"https:\/\/www.europesays.com\/fr\/wp-json\/wp\/v2\/media?parent=349546"}],"wp:term":[{"taxonomy":"category","embeddable":true,"href":"https:\/\/www.europesays.com\/fr\/wp-json\/wp\/v2\/categories?post=349546"},{"taxonomy":"post_tag","embeddable":true,"href":"https:\/\/www.europesays.com\/fr\/wp-json\/wp\/v2\/tags?post=349546"}],"curies":[{"name":"wp","href":"https:\/\/api.w.org\/{rel}","templated":true}]}}