{"id":349550,"date":"2025-08-28T08:09:10","date_gmt":"2025-08-28T08:09:10","guid":{"rendered":"https:\/\/www.europesays.com\/fr\/349550\/"},"modified":"2025-08-28T08:09:10","modified_gmt":"2025-08-28T08:09:10","slug":"rentree-litteraire-2025-les-meilleurs-livres-francais-critiques-par-telerama-telerama","status":"publish","type":"post","link":"https:\/\/www.europesays.com\/fr\/349550\/","title":{"rendered":"Rentr\u00e9e litt\u00e9raire 2025 : les meilleurs livres fran\u00e7ais critiqu\u00e9s par \u201cT\u00e9l\u00e9rama\u201d &#8211; T\u00e9l\u00e9rama"},"content":{"rendered":"<ol>\n<li><a href=\"https:\/\/news.google.com\/rss\/articles\/CBMiwAFBVV95cUxQdVNFMERCMExXSXhBSUdoTmNiNEh0VEpUN3hvX0QzZnVibDJWR1g4NmxoVzR3QmZfV1haS24zTi0yeEtPRFJ2X0UybS1yYmhTYnFrTzlZYnU0NWVxQmdjT3RFeFlDVUVIZlpNckZySGJndXBjTFdwZ0VQaGtSOXlHS2lKSXk5a25NVmd1eGluOWdKMzBMUlFvUmpibmhYU3lwOGJSM1k4Y2FPZzlsV1RMY2Y3RDhzMk1fUkRHWUd1NkQ?oc=5\" target=\"_blank\" rel=\"nofollow noopener\">Rentr\u00e9e litt\u00e9raire 2025 : les meilleurs livres fran\u00e7ais critiqu\u00e9s par \u201cT\u00e9l\u00e9rama\u201d<\/a>&nbsp;&nbsp;T\u00e9l\u00e9rama<\/li>\n<li><a href=\"https:\/\/news.google.com\/rss\/articles\/CBMiowFBVV95cUxPeUgyeUxPeXA0Rko0ZjdpZjlzb2JxQ05QUFJLNjNBc2tWbHFOWm1BT0tPTWpmUmFWS0NRdXlYT3RuZnpvR2pSTFNnZHEtRy03ODhDZjRhYjQ1Rm9ubDRZclJwVTJ5Yk5wYm42LXVFVU5ncndMbTBKYjNOc3dGT09rWDVzSGQ4aUlRejdHSHhXMUx6X0R0dDVIMVRRbzRYV1lrVHY4?oc=5\" target=\"_blank\" rel=\"nofollow noopener\">Rentr\u00e9e litt\u00e9raire 2025 : les dix romans coups de c\u0153ur de France Inter<\/a>&nbsp;&nbsp;Radio France<\/li>\n<li><a href=\"https:\/\/news.google.com\/rss\/articles\/CBMi4gFBVV95cUxNSmFuWTdha0puUUhrN1NOTEU5THlqdE5tcS1JaUhzQ25HVXZESHFGWWdId3R6R0d1ZnNYSVVSWXY3bHJyNHRWc3lGei16VE1YV0V6LV9kcms5WVJPOXZ0UHg2bHhEbTNNbnFrZTZjT3ZSWkl5V1pycmdvNGc3ZElpdl9YUWdhWHJjMDl2UVZIT2hudzU1NDFvNUNsTW11R0Z5VFZ2U0VYZDlpZGwyR0dTYktxU2RENV9XWDJrbndDc3ptX2hxd2tBT2JxWHhUemZEU1lCa1V4M3l3eG1hU3VUNXRR?oc=5\" target=\"_blank\" rel=\"nofollow noopener\">De Fabrice Caro \u00e0 Catherine Millet : nos dix coups de coeur de la rentr\u00e9e litt\u00e9raire<\/a>&nbsp;&nbsp;L&rsquo;Express<\/li>\n<li><a href=\"https:\/\/news.google.com\/rss\/articles\/CBMirwFBVV95cUxQY1BmOW9XYk1UTzI3Q2tTNzBfdGZyeVI3MER1SXA2MnRBaG1pd3ByWEgwWjl5anpSWHVQc3E3RVhVVlliTHZXellRbFduX1VZcDJETVBab081X3dfaTQyNEpvcUtoejY5aDZyNE9zb0xrdG4zcDZ6WnJMSkd4UEJVdVdjeW9raGkwWUNRMGNnYVZWN0FTdHFtR0xrR2twTlk5VmhxRXF0MXF2RzZ3LURB?oc=5\" target=\"_blank\" rel=\"nofollow noopener\">Rentr\u00e9e litt\u00e9raire 2025 : les livres \u00e0 ne pas manquer<\/a>&nbsp;&nbsp;Les Echos<\/li>\n<li><a href=\"https:\/\/news.google.com\/rss\/articles\/CBMi3AFBVV95cUxNNDNTRHFHeDlmX0wwc1hGcWdjX2YzcWxMTnRXRlRRenVWYTBXWUMxajJ3eEJXVV9zN0dvR1BDN2lBRThYdGpzTVdvdm9pNjBpdHcxektXaU9yTTdaU0l3eHlkNzdQc0JGT1kyR3hfMm9HSThERmhvTGEtQVJpSUlxZTBSTm9FWmlKcEZjVmdlZzhqRWUzU0Rpem9IMGlPQ2xZdXMwcFJPT3lfWloxZGh3dzV6SWo3M3NUVXVHVWtJTVFrekg5UXBtVXdIM2NObjIzLVdzdElmWTF3MUw1?oc=5\" target=\"_blank\" rel=\"nofollow noopener\">Emmanuel Carr\u00e8re, Laurent Mauvignier, Jakuta Alikavazovic\u2026 Mais pourquoi \u00e9crire sur la famille<\/a>&nbsp;&nbsp;Les Inrocks<\/li>\n<\/ol>\n","protected":false},"excerpt":{"rendered":"Rentr\u00e9e litt\u00e9raire 2025 : les meilleurs livres fran\u00e7ais critiqu\u00e9s par \u201cT\u00e9l\u00e9rama\u201d&nbsp;&nbsp;T\u00e9l\u00e9rama Rentr\u00e9e litt\u00e9raire 2025 : les dix romans&hellip;\n","protected":false},"author":2,"featured_media":349551,"comment_status":"","ping_status":"","sticky":false,"template":"","format":"standard","meta":{"footnotes":""},"categories":[8],"tags":[58,59,1011,27],"class_list":{"0":"post-349550","1":"post","2":"type-post","3":"status-publish","4":"format-standard","5":"has-post-thumbnail","7":"category-divertissement","8":"tag-divertissement","9":"tag-entertainment","10":"tag-fr","11":"tag-france"},"share_on_mastodon":{"url":"https:\/\/pubeurope.com\/@fr\/115105376778332316","error":""},"_links":{"self":[{"href":"https:\/\/www.europesays.com\/fr\/wp-json\/wp\/v2\/posts\/349550","targetHints":{"allow":["GET"]}}],"collection":[{"href":"https:\/\/www.europesays.com\/fr\/wp-json\/wp\/v2\/posts"}],"about":[{"href":"https:\/\/www.europesays.com\/fr\/wp-json\/wp\/v2\/types\/post"}],"author":[{"embeddable":true,"href":"https:\/\/www.europesays.com\/fr\/wp-json\/wp\/v2\/users\/2"}],"replies":[{"embeddable":true,"href":"https:\/\/www.europesays.com\/fr\/wp-json\/wp\/v2\/comments?post=349550"}],"version-history":[{"count":0,"href":"https:\/\/www.europesays.com\/fr\/wp-json\/wp\/v2\/posts\/349550\/revisions"}],"wp:featuredmedia":[{"embeddable":true,"href":"https:\/\/www.europesays.com\/fr\/wp-json\/wp\/v2\/media\/349551"}],"wp:attachment":[{"href":"https:\/\/www.europesays.com\/fr\/wp-json\/wp\/v2\/media?parent=349550"}],"wp:term":[{"taxonomy":"category","embeddable":true,"href":"https:\/\/www.europesays.com\/fr\/wp-json\/wp\/v2\/categories?post=349550"},{"taxonomy":"post_tag","embeddable":true,"href":"https:\/\/www.europesays.com\/fr\/wp-json\/wp\/v2\/tags?post=349550"}],"curies":[{"name":"wp","href":"https:\/\/api.w.org\/{rel}","templated":true}]}}