{"id":349567,"date":"2025-08-28T08:17:05","date_gmt":"2025-08-28T08:17:05","guid":{"rendered":"https:\/\/www.europesays.com\/fr\/349567\/"},"modified":"2025-08-28T08:17:05","modified_gmt":"2025-08-28T08:17:05","slug":"offrir-de-la-nourriture-a-un-etudiant-dans-le-besoin-cest-ce-que-propose-cette-nouvelle-association-a-nancy","status":"publish","type":"post","link":"https:\/\/www.europesays.com\/fr\/349567\/","title":{"rendered":"Offrir de la nourriture \u00e0 un \u00e9tudiant dans le besoin, c&rsquo;est ce que propose cette nouvelle association\u00a0\u00e0\u00a0Nancy"},"content":{"rendered":"<p>            Par<br \/>\n        <strong><br \/>\n            <a href=\"https:\/\/actu.fr\/auteur\/emil-vautrin\" title=\"Consulter tous les articles de Emil Vautrin\" target=\"_blank\" rel=\"noopener\">Emil Vautrin<\/a><br \/>\n        <\/strong><\/p>\n<p>        Publi\u00e9 le<\/p>\n<p>            28 ao\u00fbt 2025 \u00e0 10h13        <\/p>\n<p>\u00c0 partir du mois de <strong>septembre<\/strong>, le dispositif 1CABASPOUR1ETUDIANT, qui lutte contre la <a href=\"https:\/\/actu.fr\/tag\/precarite-etudiante\" target=\"_blank\" rel=\"noopener\">pr\u00e9carit\u00e9 \u00e9tudiante<\/a>, ouvre une d\u00e9l\u00e9gation locale \u00e0 Nancy.<\/p>\n<p class=\" wall-content\">Cette branche locale s\u2019appuiera sur le <strong>b\u00e9n\u00e9volat<\/strong>, et la recherche de <strong>parrainages<\/strong>.<\/p>\n<p>Une d\u00e9l\u00e9gation b\u00e9n\u00e9vole<\/p>\n<p class=\" wall-content\">Dans un communiqu\u00e9 de presse, l\u2019association explique que \u00ab\u2009ne pouvant pas ouvrir d\u2019antennes locales dans toutes les villes \u00e9tudiantes fran\u00e7aises\u2009\u00bb, cette derni\u00e8re lance un nouveau mode de fonctionnement, notamment \u00e0 <a href=\"https:\/\/actu.fr\/grand-est\/nancy_54395\" target=\"_blank\" rel=\"noopener\">Nancy<\/a>\u2009: la d\u00e9l\u00e9gation.<\/p>\n<p class=\" wall-content\">Contrairement \u00e0 l\u2019antenne, cette derni\u00e8re s\u2019appuie sur le <strong>travail de b\u00e9n\u00e9voles<\/strong> venus apporter volontairement leur aide.<\/p>\n<p>Des parrains et marraines recherch\u00e9s<\/p>\n<p class=\" wall-content\">L\u2019association explique qu\u2019elle a d\u00e9j\u00e0 r\u00e9ussi \u00e0 trouver 55 parrainages sur l\u2019acad\u00e9mie nanc\u00e9ienne, mais <strong>en cherche d\u2019autres<\/strong>.<\/p>\n<p class=\" wall-content\">Concr\u00e8tement, le parrain ou marraine, des particuliers, <strong>fournissent une aide alimentaire \u00e0 un jeune dans le besoin<\/strong>\u00a0par le biais de \u00ab\u2009cabas\u2009\u00bb, et tente de l\u2019accompagner en cr\u00e9ant un lien avec lui.<\/p>\n<p class=\" wall-content\">\u201c<strong>Aucune fr\u00e9quence ni quantit\u00e9 d\u2019aide alimentaire ne sont impos\u00e9es<\/strong>\u2009: chacun aide \u00e0 son rythme et selon ses moyens, mais <strong>la r\u00e9gularit\u00e9 est n\u00e9cessaire<\/strong>\u201d pr\u00e9cise Marion Dolis Galzy, pr\u00e9sidente fondatrice.<\/p>\n<p class=\" wall-content\">Personnalisez votre actualit\u00e9 en ajoutant vos villes et m\u00e9dias en favori avec <a href=\"https:\/\/moncompte.actu.fr\" title=\"D\u00e9couvez Mon Actu\" rel=\"nofollow noopener\" data-trk=\"{&quot;cta&quot;:{&quot;action&quot;:&quot;https:\\\/\\\/moncompte.actu.fr&quot;,&quot;category&quot;:&quot;mon compte&quot;,&quot;from&quot;:&quot;article footer&quot;,&quot;name&quot;:&quot;Mon actu&quot;,&quot;type&quot;:&quot;cta&quot;}}\" target=\"_blank\">Mon Actu<\/a>.<\/p>\n","protected":false},"excerpt":{"rendered":"Par Emil Vautrin Publi\u00e9 le 28 ao\u00fbt 2025 \u00e0 10h13 \u00c0 partir du mois de septembre, le dispositif&hellip;\n","protected":false},"author":2,"featured_media":349568,"comment_status":"","ping_status":"","sticky":false,"template":"","format":"standard","meta":{"footnotes":""},"categories":[9635],"tags":[1111,11,258,10263,1777,674,1011,27,775,1702,12,11090,25,104],"class_list":{"0":"post-349567","1":"post","2":"type-post","3":"status-publish","4":"format-standard","5":"has-post-thumbnail","7":"category-nancy","8":"tag-actu","9":"tag-actualites","10":"tag-alimentation","11":"tag-benevolat","12":"tag-eu","13":"tag-europe","14":"tag-fr","15":"tag-france","16":"tag-grand-est","17":"tag-nancy","18":"tag-news","19":"tag-precarite-etudiante","20":"tag-republique-francaise","21":"tag-societe"},"share_on_mastodon":{"url":"https:\/\/pubeurope.com\/@fr\/115105408343937479","error":""},"_links":{"self":[{"href":"https:\/\/www.europesays.com\/fr\/wp-json\/wp\/v2\/posts\/349567","targetHints":{"allow":["GET"]}}],"collection":[{"href":"https:\/\/www.europesays.com\/fr\/wp-json\/wp\/v2\/posts"}],"about":[{"href":"https:\/\/www.europesays.com\/fr\/wp-json\/wp\/v2\/types\/post"}],"author":[{"embeddable":true,"href":"https:\/\/www.europesays.com\/fr\/wp-json\/wp\/v2\/users\/2"}],"replies":[{"embeddable":true,"href":"https:\/\/www.europesays.com\/fr\/wp-json\/wp\/v2\/comments?post=349567"}],"version-history":[{"count":0,"href":"https:\/\/www.europesays.com\/fr\/wp-json\/wp\/v2\/posts\/349567\/revisions"}],"wp:featuredmedia":[{"embeddable":true,"href":"https:\/\/www.europesays.com\/fr\/wp-json\/wp\/v2\/media\/349568"}],"wp:attachment":[{"href":"https:\/\/www.europesays.com\/fr\/wp-json\/wp\/v2\/media?parent=349567"}],"wp:term":[{"taxonomy":"category","embeddable":true,"href":"https:\/\/www.europesays.com\/fr\/wp-json\/wp\/v2\/categories?post=349567"},{"taxonomy":"post_tag","embeddable":true,"href":"https:\/\/www.europesays.com\/fr\/wp-json\/wp\/v2\/tags?post=349567"}],"curies":[{"name":"wp","href":"https:\/\/api.w.org\/{rel}","templated":true}]}}