{"id":349571,"date":"2025-08-28T08:19:11","date_gmt":"2025-08-28T08:19:11","guid":{"rendered":"https:\/\/www.europesays.com\/fr\/349571\/"},"modified":"2025-08-28T08:19:11","modified_gmt":"2025-08-28T08:19:11","slug":"la-fete-de-la-sorciere-2025-18-10-2025-la-crau","status":"publish","type":"post","link":"https:\/\/www.europesays.com\/fr\/349571\/","title":{"rendered":"La F\u00eate de la Sorci\u00e8re 2025 &#8211; 18\/10\/2025 &#8211; La Crau"},"content":{"rendered":"<p>\t\t\t\tUne journ\u00e9e magique, immersive et 100 % gratuite !<\/p>\n<p data-start=\"375\" data-end=\"631\">La\u00a0F\u00eate de la Sorci\u00e8re\u00a0revient pour sa\u00a06\u1d49 \u00e9dition, encore plus spectaculaire !<\/p>\n<p data-start=\"375\" data-end=\"631\">Plongez dans un univers f\u00e9erique et immersif au c\u0153ur de La Crau !<br \/>Pour cette \u00e9dition, l\u2019\u00e9v\u00e9nement s\u2019agrandit, se renouvelle et vous promet des surprises incroyables.<br \/>Envie de vivre une journ\u00e9e hors du temps, entre\u00a0m\u00e9di\u00e9val, Halloween f\u00e9\u00e9rique et magie \u00e0 la Harry Potter\u00a0\u00a0?<br \/>Le programme bient\u00f4t disponible !<\/p>\n","protected":false},"excerpt":{"rendered":"Une journ\u00e9e magique, immersive et 100 % gratuite ! La\u00a0F\u00eate de la Sorci\u00e8re\u00a0revient pour sa\u00a06\u1d49 \u00e9dition, encore plus&hellip;\n","protected":false},"author":2,"featured_media":349572,"comment_status":"","ping_status":"","sticky":false,"template":"","format":"standard","meta":{"footnotes":""},"categories":[9619],"tags":[1111,11,1777,674,1011,27,12,882,25,2310],"class_list":{"0":"post-349571","1":"post","2":"type-post","3":"status-publish","4":"format-standard","5":"has-post-thumbnail","7":"category-toulon","8":"tag-actu","9":"tag-actualites","10":"tag-eu","11":"tag-europe","12":"tag-fr","13":"tag-france","14":"tag-news","15":"tag-provence-alpes-cote-dazur","16":"tag-republique-francaise","17":"tag-toulon"},"share_on_mastodon":{"url":"https:\/\/pubeurope.com\/@fr\/115105416134840241","error":""},"_links":{"self":[{"href":"https:\/\/www.europesays.com\/fr\/wp-json\/wp\/v2\/posts\/349571","targetHints":{"allow":["GET"]}}],"collection":[{"href":"https:\/\/www.europesays.com\/fr\/wp-json\/wp\/v2\/posts"}],"about":[{"href":"https:\/\/www.europesays.com\/fr\/wp-json\/wp\/v2\/types\/post"}],"author":[{"embeddable":true,"href":"https:\/\/www.europesays.com\/fr\/wp-json\/wp\/v2\/users\/2"}],"replies":[{"embeddable":true,"href":"https:\/\/www.europesays.com\/fr\/wp-json\/wp\/v2\/comments?post=349571"}],"version-history":[{"count":0,"href":"https:\/\/www.europesays.com\/fr\/wp-json\/wp\/v2\/posts\/349571\/revisions"}],"wp:featuredmedia":[{"embeddable":true,"href":"https:\/\/www.europesays.com\/fr\/wp-json\/wp\/v2\/media\/349572"}],"wp:attachment":[{"href":"https:\/\/www.europesays.com\/fr\/wp-json\/wp\/v2\/media?parent=349571"}],"wp:term":[{"taxonomy":"category","embeddable":true,"href":"https:\/\/www.europesays.com\/fr\/wp-json\/wp\/v2\/categories?post=349571"},{"taxonomy":"post_tag","embeddable":true,"href":"https:\/\/www.europesays.com\/fr\/wp-json\/wp\/v2\/tags?post=349571"}],"curies":[{"name":"wp","href":"https:\/\/api.w.org\/{rel}","templated":true}]}}