{"id":349573,"date":"2025-08-28T08:20:13","date_gmt":"2025-08-28T08:20:13","guid":{"rendered":"https:\/\/www.europesays.com\/fr\/349573\/"},"modified":"2025-08-28T08:20:13","modified_gmt":"2025-08-28T08:20:13","slug":"toulon-forever-2025-derniers-jours-pour-decouvrir-lexposition-photo-de-lete-a-la-mairie-dhonneur","status":"publish","type":"post","link":"https:\/\/www.europesays.com\/fr\/349573\/","title":{"rendered":"Toulon Forever 2025 : Derniers jours pour d\u00e9couvrir l\u2019exposition photo de l\u2019\u00e9t\u00e9 \u00e0 la Mairie d\u2019Honneur"},"content":{"rendered":"<p>Plus que quelques jours pour d\u00e9couvrir l\u2019exposition photo \u00ab\u00a0Toulon Forever 2025\u00a0\u00bb et ses 1 500 clich\u00e9s c\u00e9l\u00e9brant la ville.<\/p>\n<p><img fetchpriority=\"high\" decoding=\"async\" width=\"1200\" height=\"800\" alt=\"Exposition photo Toulon Forever 2025\" title=\"toulon forever\" src=\"https:\/\/www.europesays.com\/fr\/wp-content\/uploads\/2025\/08\/toulon-forever.webp.webp\" class=\"img-responsive wp-image-74595\"\/><\/p>\n<p>Exposition photo Toulon Forever 2025 \u2013 CREDIT : Ville de Toulon<\/p>\n<p data-start=\"107\" data-end=\"208\"><strong data-start=\"107\" data-end=\"208\">Plus de 1 500 clich\u00e9s pour c\u00e9l\u00e9brer les paysages, le patrimoine et les instants de vie toulonnais<\/strong><\/p>\n<p data-start=\"210\" data-end=\"535\">Il ne reste plus qu\u2019une semaine pour d\u00e9couvrir l\u2019exposition estivale <strong data-start=\"279\" data-end=\"302\">Toulon Forever 2025<\/strong>, v\u00e9ritable ode \u2026<\/p>\n<p>Lire la suite dans l\u2019article <a href=\"https:\/\/www.varactu.fr\/toulon-forever-2025-derniers-jours-pour-decouvrir-lexposition-photo-de-lete-a-la-mairie-dhonneur\/\" rel=\"nofollow noopener\" target=\"_blank\">Toulon Forever 2025 : Derniers jours pour d\u00e9couvrir l\u2019exposition photo de l\u2019\u00e9t\u00e9 \u00e0 la Mairie d\u2019Honneur<\/a> qui est apparu en premier sur <a href=\"https:\/\/www.varactu.fr\" rel=\"nofollow noopener\" target=\"_blank\">Var Actu<\/a>.<\/p>\n","protected":false},"excerpt":{"rendered":"Plus que quelques jours pour d\u00e9couvrir l\u2019exposition photo \u00ab\u00a0Toulon Forever 2025\u00a0\u00bb et ses 1 500 clich\u00e9s c\u00e9l\u00e9brant la&hellip;\n","protected":false},"author":2,"featured_media":349574,"comment_status":"","ping_status":"","sticky":false,"template":"","format":"standard","meta":{"footnotes":""},"categories":[9619],"tags":[1111,11,1777,674,1011,27,12,882,25,2310],"class_list":{"0":"post-349573","1":"post","2":"type-post","3":"status-publish","4":"format-standard","5":"has-post-thumbnail","7":"category-toulon","8":"tag-actu","9":"tag-actualites","10":"tag-eu","11":"tag-europe","12":"tag-fr","13":"tag-france","14":"tag-news","15":"tag-provence-alpes-cote-dazur","16":"tag-republique-francaise","17":"tag-toulon"},"share_on_mastodon":{"url":"https:\/\/pubeurope.com\/@fr\/115105420616142041","error":""},"_links":{"self":[{"href":"https:\/\/www.europesays.com\/fr\/wp-json\/wp\/v2\/posts\/349573","targetHints":{"allow":["GET"]}}],"collection":[{"href":"https:\/\/www.europesays.com\/fr\/wp-json\/wp\/v2\/posts"}],"about":[{"href":"https:\/\/www.europesays.com\/fr\/wp-json\/wp\/v2\/types\/post"}],"author":[{"embeddable":true,"href":"https:\/\/www.europesays.com\/fr\/wp-json\/wp\/v2\/users\/2"}],"replies":[{"embeddable":true,"href":"https:\/\/www.europesays.com\/fr\/wp-json\/wp\/v2\/comments?post=349573"}],"version-history":[{"count":0,"href":"https:\/\/www.europesays.com\/fr\/wp-json\/wp\/v2\/posts\/349573\/revisions"}],"wp:featuredmedia":[{"embeddable":true,"href":"https:\/\/www.europesays.com\/fr\/wp-json\/wp\/v2\/media\/349574"}],"wp:attachment":[{"href":"https:\/\/www.europesays.com\/fr\/wp-json\/wp\/v2\/media?parent=349573"}],"wp:term":[{"taxonomy":"category","embeddable":true,"href":"https:\/\/www.europesays.com\/fr\/wp-json\/wp\/v2\/categories?post=349573"},{"taxonomy":"post_tag","embeddable":true,"href":"https:\/\/www.europesays.com\/fr\/wp-json\/wp\/v2\/tags?post=349573"}],"curies":[{"name":"wp","href":"https:\/\/api.w.org\/{rel}","templated":true}]}}