{"id":349575,"date":"2025-08-28T08:21:19","date_gmt":"2025-08-28T08:21:19","guid":{"rendered":"https:\/\/www.europesays.com\/fr\/349575\/"},"modified":"2025-08-28T08:21:19","modified_gmt":"2025-08-28T08:21:19","slug":"sortir-a-montpellier-night-kolorz-soirees-dete-feria-du-revivre-des-idees-pour-ce-vendredi-29-aout","status":"publish","type":"post","link":"https:\/\/www.europesays.com\/fr\/349575\/","title":{"rendered":"Sortir \u00e0 Montpellier\u00a0: Night Kolorz, soir\u00e9es d\u2019\u00e9t\u00e9, feria du Revivre\u2026 des id\u00e9es pour ce vendredi 29\u00a0ao\u00fbt"},"content":{"rendered":"<p>\n                                                                Feria du Revivre \u00e0 P\u00e9rols, inauguration de Boca sur le parvis du mus\u00e9e Fabre, Night Kolorz \u00e0 Castelnau, Soir\u00e9es andalouses \u00e0 Mudaison, Les ap\u00e9ros de la Chouette \u00e0 Cazevieille, \u00ab\u00a0Classe moyenne\u00a0\u00bb en avant-premi\u00e8re au cin\u00e9ma Diagonal ou saga Conjuring aux cin\u00e9mas Path\u00e9.\n                            <\/p>\n<p>D\u00e9couvrez notre s\u00e9lection de sorties pour ce vendredi 29\u00a0ao\u00fbt 2025 du c\u00f4t\u00e9 de <a href=\"https:\/\/www.midilibre.fr\/herault\/montpellier\/\" target=\"_blank\" rel=\"nofollow noopener\">Montpellier<\/a> et faites le plein d\u2019id\u00e9es avec <a href=\"https:\/\/www.midilibre.fr\/agenda\/?path=&amp;q=&amp;where=herault%3Amontpellier&amp;insee=34172&amp;from=2025-08-29&amp;to=2025-08-29&amp;agendapg=14#3992208\" target=\"_blank\" rel=\"nofollow noopener\">notre agenda en ligne<\/a>.<\/p>\n<p>Feria du Revivre<\/p>\n<p><strong>Festivit\u00e9s.<\/strong>\u00a0Les festivit\u00e9s d\u00e9butent ce vendredi avec la finale taureaux-bodega, de 18\u00a0h \u00e0 23\u00a0heures aux ar\u00e8nes. \u00c0 21\u00a0heures, encierro au boulodrome.<\/p>\n<p>&gt;\u00a0<a href=\"https:\/\/www.ville-perols.fr\/agenda\/aout\/\" target=\"_blank\" rel=\"nofollow noopener\">Feria du Revivre<\/a> de ce vendredi\u00a029 au dimanche 31\u00a0ao\u00fbt \u00e0 <a href=\"https:\/\/www.midilibre.fr\/herault\/perols\/\" target=\"_blank\" rel=\"nofollow noopener\">P\u00e9rols<\/a>.<\/p>\n<p>Inauguration de Boca<\/p>\n<blockquote data-instgrm-captioned=\"\" data-instgrm-permalink=\"https:\/\/www.instagram.com\/p\/DNlS8P5sYnE\/?utm_source=ig_embed&amp;utm_campaign=loading\" data-instgrm-version=\"14\" style=\" background:#FFF; border:0; border-radius:3px; box-shadow:0 0 1px 0 rgba(0,0,0,0.5),0 1px 10px 0 rgba(0,0,0,0.15); margin: 1px; max-width:540px; min-width:326px; padding:0; width:99.375%; width:-webkit-calc(100% - 2px); width:calc(100% - 2px);\" data-class=\"instagram-media\"\/>\n<p><strong>F\u00eate.<\/strong>\u00a0Apr\u00e8s quelques semaines de pr\u00e9sence sur le parvis du Mus\u00e9e Fabre, Boca\u00a0c\u00e9l\u00e8bre son\u00a0ouverture. Musique live, DJ set, ateliers sensoriels, exp\u00e9rimentations culinaires, carte des vins \u00e9toff\u00e9e, cocktails\u2026 c\u2019est toute l\u2019ambiance Boca \u00e0 venir humer \u00e0 cette occasion.<\/p>\n<p>&gt;\u00a0Ce\u00a0vendredi 29\u00a0ao\u00fbt \u00e0 partir de 18\u00a0h\u00a030 au<a href=\"https:\/\/www.b-o-c-a.com\/\" target=\"_blank\" rel=\"nofollow noopener\">\u00a0Boca Bistrot<\/a>, 39 boulevard Bonnes-Nouvelles \u00e0 <a href=\"https:\/\/www.midilibre.fr\/herault\/montpellier\/\" target=\"_blank\" rel=\"nofollow noopener\">Montpellier<\/a>. Entr\u00e9e libre.<\/p>\n<p>Night Kolorz<\/p>\n<blockquote data-instgrm-captioned=\"\" data-instgrm-permalink=\"https:\/\/www.instagram.com\/p\/DNVeQZeN3AW\/?utm_source=ig_embed&amp;utm_campaign=loading\" data-instgrm-version=\"14\" style=\" background:#FFF; border:0; border-radius:3px; box-shadow:0 0 1px 0 rgba(0,0,0,0.5),0 1px 10px 0 rgba(0,0,0,0.15); margin: 1px; max-width:540px; min-width:326px; padding:0; width:99.375%; width:-webkit-calc(100% - 2px); width:calc(100% - 2px);\" data-class=\"instagram-media\"\/>\n<p><strong>F\u00eate.<\/strong> Des couleurs phosphorescentes et des musiques\u00a0actuelles avec le DJ Lilian Massart. Des effets sp\u00e9ciaux, un spectacle \u00ab\u00a0light UV\u00a0\u00bb, des performances, des\u00a0goodies, du maquillage gratuit avec des cosm\u00e9tiques sp\u00e9ciaux, r\u00e9v\u00e9l\u00e9s par la\u00a0lumi\u00e8re noire.<\/p>\n<p>&gt;\u00a0Ce\u00a0vendredi 29\u00a0ao\u00fbt\u00a0de 19\u00a0h \u00e0 1 heure, au parc Monplaisir de <a href=\"https:\/\/www.midilibre.fr\/herault\/castelnau-le-lez\/\" target=\"_blank\" rel=\"nofollow noopener\">Castelnau-le-Lez<\/a>. Entr\u00e9e gratuite, dress code phosphorescent recommand\u00e9. Food-trucks et buvette sur place.<\/p>\n<p>Soir\u00e9es andalouses<\/p>\n<p>        <img decoding=\"async\" class=\"std-img__img responsive-img\" src=\"https:\/\/www.europesays.com\/fr\/wp-content\/uploads\/2025\/08\/1756369279_331_image.jpg\" alt=\"Une troisi\u00e8me \u00e9dition qui s\u2019annonce festive.\"\/><\/p>\n<p>                Une troisi\u00e8me \u00e9dition qui s\u2019annonce festive.<br \/>\n                                    Mairie de Mudaison &#8211; D.R.<\/p>\n<p><strong>Festival. <\/strong>Ce vendredi, \u00e0 19\u00a0heures ouverture des festivit\u00e9s et vernissage, \u00e0 20\u00a0h\u00a015 d\u00e9monstration de danses s\u00e9villanes, \u00e0 21\u00a0h\u00a030 ouverture du patio andalou. Repas sur r\u00e9servations au 07\u00a085\u00a064\u00a098\u00a022.<\/p>\n<p>&gt;\u00a0<a href=\"https:\/\/mudaison.fr\/soirees.andalouses.3eme.edition-43-383.php\" target=\"_blank\" rel=\"nofollow noopener\">Soir\u00e9es andalouses<\/a> 3e \u00e9dition, vendredi 29\u00a0ao\u00fbt et samedi 30\u00a0ao\u00fbt \u00e0 <a href=\"https:\/\/www.midilibre.fr\/herault\/mudaison\/\" target=\"_blank\" rel=\"nofollow noopener\">Mudaison.<\/a><\/p>\n<p>Les ap\u00e9ros de la Chouette<\/p>\n<p><strong>Soir\u00e9e festive.<\/strong>\u00a0Dans un cadre champ\u00eatre au pied du Pic Saint-Loup, la Chouette du Chai propose\u00a0des moments uniques et pleins de saveurs en soir\u00e9e, entre vignes et garrigue\u2026 Ce vendredi, ap\u00e9ro Beatles avec\u00a0Th\u00e9s Beatle Juice, food-trucks et buvette.<\/p>\n<p>&gt;\u00a0Ce vendredi 29\u00a0ao\u00fbt \u00e0 partir de 19\u00a0h\u00a030 \u00e0 <a href=\"https:\/\/lachouetteduchai.com\/\" target=\"_blank\" rel=\"nofollow noopener\">la Chouette du Chai<\/a>, lieu-dit la Figar\u00e8de \u00e0\u00a0<a href=\"https:\/\/www.midilibre.fr\/herault\/cazevieille\/\" target=\"_blank\" rel=\"nofollow noopener\">Cazevieille<\/a>.\u00a0Entr\u00e9e gratuite, mais r\u00e9servation indispensable. Contact\u00a0au\u00a004\u00a067\u00a057\u00a034\u00a075 ou \u00e0 contact@lachouetteduchai.com.<\/p>\n<p>Avant-premi\u00e8re\u00a0: \u00ab\u00a0Classe moyenne\u00a0\u00bb<\/p>\n<p><strong>Cin\u00e9ma.<\/strong> En pr\u00e9sence du r\u00e9alisateur Antony Cordier, en partenariat avec Occitanie Films. Com\u00e9die (1h35) avec Laurent Lafitte, \u00c9lodie Bouchez, Ramzy Bedia. Mehdi a pr\u00e9vu de passer un \u00e9t\u00e9 tranquille dans la somptueuse demeure de ses beaux-parents. D\u00e8s son arriv\u00e9e, un conflit \u00e9clate entre la famille de sa fianc\u00e9e et le couple de gardiens de la villa. Comme Mehdi est issu d\u2019un milieu modeste, il pense pouvoir mener les n\u00e9gociations.<\/p>\n<p>&gt;\u00a0Ce\u00a0vendredi 29\u00a0ao\u00fbt \u00e0 20\u00a0heures au <a href=\"https:\/\/www.cinediagonal.com\/\" target=\"_blank\" rel=\"nofollow noopener\">cin\u00e9ma Diagonal<\/a>, 5 rue de Verdun \u00e0 <a href=\"https:\/\/www.midilibre.fr\/herault\/montpellier\/\" target=\"_blank\" rel=\"nofollow noopener\">Montpellier<\/a>. Tarif normal 8\u00a0\u20ac. Contact au 04\u00a067\u00a058\u00a058\u00a010.<\/p>\n<p>Saga \u00ab\u00a0Conjuring\u00a0\u00bb<\/p>\n<p><strong>Cin\u00e9ma. <\/strong>Ce <strong>vendredi<\/strong> \u00e0 22\u00a0h\u00a015 en\u00a0VF au Path\u00e9 Odysseum et en VF au Path\u00e9 Com\u00e9die, \u00ab\u00a0Conjuring\u00a0: Les Dossiers Warren\u00a0\u00bb, fil d\u2019\u00e9pouvante-horreur (1h50, VF, interdit aux moins de 12 ans) de James Wan. <strong>Samedi\u00a0<\/strong>: \u00e0 21\u00a0h\u00a045 (VOST) au Path\u00e9 Com\u00e9die et \u00e0 22\u00a0h\u00a015 (VF) au Path\u00e9 Odysseum, \u00ab\u00a0Conjuring 2\u00a0: Le Cas Enfield\u00a0\u00bb (2h14, interdit aux moins de 12 ans). <strong>Dimanche<\/strong>\u00a0: \u00e0 22\u00a0heures\u00a0en VF au Path\u00e9 Odysseum et en VF au Path\u00e9 Com\u00e9die, \u00ab\u00a0Conjuring\u00a03\u00a0: sous l\u2019emprise du diable\u00a0\u00bb (1h52, interdit aux moins de 12 ans).<\/p>\n<p>&gt;\u00a0De ce vendredi\u00a029 au dimanche 31\u00a0ao\u00fbt au <a href=\"https:\/\/www.pathe.fr\/cinemas\/cinema-pathe-comedie\" target=\"_blank\" rel=\"nofollow noopener\">cin\u00e9ma Path\u00e9 Com\u00e9die<\/a>, 10 place de la Com\u00e9die, et au <a href=\"https:\/\/www.pathe.fr\/cinemas\/cinema-pathe-odysseum\" target=\"_blank\" rel=\"nofollow noopener\">cin\u00e9ma Path\u00e9 Odysseum<\/a>, 235 rue Georges M\u00e9li\u00e8s, \u00e0 Montpellier. Tarif sp\u00e9cial 8\u00a0\u20ac la s\u00e9ance, moins de 14 ans 6\u00a0\u20ac.<\/p>\n<p>                                                                                                                                                                                                        <script async src=\"\/\/www.instagram.com\/embed.js\"><\/script><\/p>\n","protected":false},"excerpt":{"rendered":"Feria du Revivre \u00e0 P\u00e9rols, inauguration de Boca sur le parvis du mus\u00e9e Fabre, Night Kolorz \u00e0 Castelnau,&hellip;\n","protected":false},"author":2,"featured_media":349576,"comment_status":"","ping_status":"","sticky":false,"template":"","format":"standard","meta":{"footnotes":""},"categories":[9599],"tags":[1111,11,1777,674,1011,27,2208,12,2680,25],"class_list":{"0":"post-349575","1":"post","2":"type-post","3":"status-publish","4":"format-standard","5":"has-post-thumbnail","7":"category-montpellier","8":"tag-actu","9":"tag-actualites","10":"tag-eu","11":"tag-europe","12":"tag-fr","13":"tag-france","14":"tag-montpellier","15":"tag-news","16":"tag-occitanie","17":"tag-republique-francaise"},"share_on_mastodon":{"url":"https:\/\/pubeurope.com\/@fr\/115105424016765972","error":""},"_links":{"self":[{"href":"https:\/\/www.europesays.com\/fr\/wp-json\/wp\/v2\/posts\/349575","targetHints":{"allow":["GET"]}}],"collection":[{"href":"https:\/\/www.europesays.com\/fr\/wp-json\/wp\/v2\/posts"}],"about":[{"href":"https:\/\/www.europesays.com\/fr\/wp-json\/wp\/v2\/types\/post"}],"author":[{"embeddable":true,"href":"https:\/\/www.europesays.com\/fr\/wp-json\/wp\/v2\/users\/2"}],"replies":[{"embeddable":true,"href":"https:\/\/www.europesays.com\/fr\/wp-json\/wp\/v2\/comments?post=349575"}],"version-history":[{"count":0,"href":"https:\/\/www.europesays.com\/fr\/wp-json\/wp\/v2\/posts\/349575\/revisions"}],"wp:featuredmedia":[{"embeddable":true,"href":"https:\/\/www.europesays.com\/fr\/wp-json\/wp\/v2\/media\/349576"}],"wp:attachment":[{"href":"https:\/\/www.europesays.com\/fr\/wp-json\/wp\/v2\/media?parent=349575"}],"wp:term":[{"taxonomy":"category","embeddable":true,"href":"https:\/\/www.europesays.com\/fr\/wp-json\/wp\/v2\/categories?post=349575"},{"taxonomy":"post_tag","embeddable":true,"href":"https:\/\/www.europesays.com\/fr\/wp-json\/wp\/v2\/tags?post=349575"}],"curies":[{"name":"wp","href":"https:\/\/api.w.org\/{rel}","templated":true}]}}