{"id":349577,"date":"2025-08-28T08:22:12","date_gmt":"2025-08-28T08:22:12","guid":{"rendered":"https:\/\/www.europesays.com\/fr\/349577\/"},"modified":"2025-08-28T08:22:12","modified_gmt":"2025-08-28T08:22:12","slug":"des-milliers-doiseaux-verts-dans-le-ciel-de-montpellier-comment-la-perruche-a-colliers-simpose-de-plus-en-plus-dans-nos-centres-villes","status":"publish","type":"post","link":"https:\/\/www.europesays.com\/fr\/349577\/","title":{"rendered":"Des milliers d\u2019oiseaux verts dans le ciel de Montpellier\u00a0: comment la perruche \u00e0 colliers s\u2019impose de plus en plus dans nos centres-villes\u00a0?"},"content":{"rendered":"<p>\n                                                                D\u2019un oiseau originaire de l\u2019Afrique subsaharienne et d\u2019Asie, il a maintenant envahi nos centres-villes, et notamment Montpellier. Comment la perruche \u00e0 colliers s\u2019est retrouv\u00e9e dans les plus grandes villes de France et sa population ne cesse d\u2019augmenter jusqu\u2019\u00e0 \u00eatre d\u00e9sormais class\u00e9 comme esp\u00e8ce exotique envahissante.\n                            <\/p>\n<p>Vous l\u2019avez peut-\u00eatre d\u00e9j\u00e0 vue ou entendue, notamment si vous tra\u00eenez autour des rives du Lez. Depuis quelques ann\u00e9es, <a href=\"https:\/\/www.midilibre.fr\/2024\/08\/07\/les-oiseaux-du-gard-la-perruche-a-collier-cette-citadine-qui-ne-passe-pas-inapercue-12121015.php\" target=\"_blank\" rel=\"nofollow noopener\">la perruche \u00e0 collier<\/a> s\u2019impose<a href=\"https:\/\/www.midilibre.fr\/2013\/08\/09\/un-autre-oiseau-invasif,744192.php\" target=\"_blank\" rel=\"nofollow noopener\">\u00a0de plus en plus dans les grandes villes fran\u00e7aises, \u00e0 l\u2019instar de\u00a0Montpellier. <\/a>Cette esp\u00e8ce, originaire d\u2019Afrique subsaharienne et d\u2019Asie, s\u2019est d\u2019abord \u00e9chapp\u00e9e d\u2019une cargaison \u00e0 l\u2019a\u00e9roport d\u2019Orly dans les ann\u00e9es 70, apr\u00e8s avoir \u00e9galement pos\u00e9 ses pattes au Royaume-Uni.<\/p>\n<p>\u00ab\u00a0Elle\u00a0s\u2019est plut\u00f4t bien adapt\u00e9e \u00e9tonnamment \u00e0 notre climat, notamment en ville\u00a0\u00bb, d\u00e9crypte Antoine Adam, charg\u00e9 d\u2019\u00e9tudes biodiversit\u00e9 \u00e0 la Ligue de Protection des Oiseaux (LPO) de l\u2019H\u00e9rault. L\u2019avantage de la ville est qu\u2019elle offre \u00e0 ces oiseaux \u00ab\u00a0assez gros\u00a0\u00bb au plumage \u00ab\u00a0assez isolant\u00a0\u00bb, \u00ab\u00a0des refuges face au gel\u00a0et de la nourriture toute l\u2019ann\u00e9e\u00a0\u00bb.<\/p>\n<p>        <img decoding=\"async\" class=\"std-img__img responsive-img\" src=\"https:\/\/www.europesays.com\/fr\/wp-content\/uploads\/2025\/08\/1756369332_669_image.jpg\" alt=\"La perruche \u00e0 collier s\u2019est impos\u00e9e dans tous nos centres-villes.\"\/><\/p>\n<p>                La perruche \u00e0 collier s\u2019est impos\u00e9e dans tous nos centres-villes.<br \/>\n                                    MAXPPP &#8211; Aurelien Morissard<\/p>\n<p>\u00ab\u00a0Peu de chance que \u00e7a se freine beaucoup dans les prochaines ann\u00e9es\u00a0\u00bb<\/p>\n<p>\u00ab\u00a0Elles se sont r\u00e9pandues\u00a0\u00e0 Paris au d\u00e9but, et apr\u00e8s, elles ont commenc\u00e9 \u00e0 s\u2019essaimer dans d\u2019autres grandes villes d\u2019Europe puis Lyon, Montpellier, Marseille\u2026\u00a0\u00bb, explique Antoine Adam.<\/p>\n<p>Aujourd\u2019hui, l\u2019esp\u00e8ce se trouve dans une phase d\u2019\u00e9tablissement et d\u2019expansion et se reproduit pour augmenter massivement sa population. \u00ab\u00a0On les voit dans tout le pourtour p\u00e9riurbain de Montpellier, \u00e0 B\u00e9ziers, mais aussi dans les villes plus petites qui n\u2019\u00e9taient pas concern\u00e9es il y a quelques ann\u00e9es\u00a0\u00bb, d\u00e9crit Antoine Adam.\u00a0\u00ab\u00a0Il y a peu de chance que \u00e7a se freine beaucoup dans les prochaines ann\u00e9es et \u00e7a risque de devenir une esp\u00e8ce\u00a0finalement commune sur une bonne partie de la France d\u2019ici quelques dizaines d\u2019ann\u00e9es\u00a0\u00bb.<\/p>\n<p>\u00ab\u00a0Elle s\u2019impose tr\u00e8s facilement face \u00e0 nos esp\u00e8ces locales\u00a0\u00bb<\/p>\n<p>Mais son arriv\u00e9e massive n\u2019est pas sans cons\u00e9quence puisque l\u2019oiseau est class\u00e9 comme esp\u00e8ce exotique envahissante (EEE). Pour faire partie de cette liste, il faut r\u00e9unir deux crit\u00e8res\u00a0: avoir \u00e9t\u00e9 introduite par l\u2019homme dans l\u2019environnement et avoir un effet n\u00e9gatif sur l\u2019\u00e9cosyst\u00e8me, la sant\u00e9 humaine ou l\u2019\u00e9conomie.<\/p>\n<p>le principal probl\u00e8me de\u00a0la perruche \u00e0 colliers est qu\u2019elle \u00ab\u00a0s\u2019impose tr\u00e8s facilement face \u00e0 nos esp\u00e8ces locales pour acc\u00e9der \u00e0 de la nourriture.\u00a0Tout ce qui est mang\u00e9 par une perruche n\u2019est pas mang\u00e9 par une m\u00e9sange\u00a0\u00bb, explique le charg\u00e9 d\u2019\u00e9tude.<\/p>\n<p>Mais ce n\u2019est pas la seule cons\u00e9quence\u00a0: \u00ab\u00a0La perruche niche notamment dans les cavit\u00e9s\u00a0des platanes. C\u2019est l\u00e0 aussi o\u00f9 vivent d\u2019autres esp\u00e8ces, o\u00f9 vont se r\u00e9fugier les chauves-souris ou les \u00e9cureuils. Elle va rentrer dedans, s\u2019approprier les lieux, voire manger les occupants. La perruche ne rechigne pas \u00e0 un peu de viande dans son menu\u00a0\u00bb.<\/p>\n<p>Aucun danger pour l\u2019homme, elle\u00a0va avoir tendance \u00e0 les ignorer ou \u00e0 s\u2019envoler. La seule nuisance peut \u00eatre sonore\u00a0car il s\u2019agit d\u2019un oiseau tr\u00e8s bavard, comme on peut le constater dans le centre-ville de Montpellier. \u00ab\u00a0On en voyait une fois de temps en temps et maintenant, \u00e7a crie quasiment en permanence dans les zones pavillonnaires\u00a0\u00bb, d\u00e9crit-il. Les habitants des\u00a0bords du Lez ont d\u00e9j\u00e0 d\u00fb s\u2019en rendre compte.<\/p>\n","protected":false},"excerpt":{"rendered":"D\u2019un oiseau originaire de l\u2019Afrique subsaharienne et d\u2019Asie, il a maintenant envahi nos centres-villes, et notamment Montpellier. Comment&hellip;\n","protected":false},"author":2,"featured_media":349578,"comment_status":"","ping_status":"","sticky":false,"template":"","format":"standard","meta":{"footnotes":""},"categories":[9599],"tags":[1111,11,1777,674,1011,27,2208,12,2680,25],"class_list":{"0":"post-349577","1":"post","2":"type-post","3":"status-publish","4":"format-standard","5":"has-post-thumbnail","7":"category-montpellier","8":"tag-actu","9":"tag-actualites","10":"tag-eu","11":"tag-europe","12":"tag-fr","13":"tag-france","14":"tag-montpellier","15":"tag-news","16":"tag-occitanie","17":"tag-republique-francaise"},"share_on_mastodon":{"url":"https:\/\/pubeurope.com\/@fr\/115105428124932361","error":""},"_links":{"self":[{"href":"https:\/\/www.europesays.com\/fr\/wp-json\/wp\/v2\/posts\/349577","targetHints":{"allow":["GET"]}}],"collection":[{"href":"https:\/\/www.europesays.com\/fr\/wp-json\/wp\/v2\/posts"}],"about":[{"href":"https:\/\/www.europesays.com\/fr\/wp-json\/wp\/v2\/types\/post"}],"author":[{"embeddable":true,"href":"https:\/\/www.europesays.com\/fr\/wp-json\/wp\/v2\/users\/2"}],"replies":[{"embeddable":true,"href":"https:\/\/www.europesays.com\/fr\/wp-json\/wp\/v2\/comments?post=349577"}],"version-history":[{"count":0,"href":"https:\/\/www.europesays.com\/fr\/wp-json\/wp\/v2\/posts\/349577\/revisions"}],"wp:featuredmedia":[{"embeddable":true,"href":"https:\/\/www.europesays.com\/fr\/wp-json\/wp\/v2\/media\/349578"}],"wp:attachment":[{"href":"https:\/\/www.europesays.com\/fr\/wp-json\/wp\/v2\/media?parent=349577"}],"wp:term":[{"taxonomy":"category","embeddable":true,"href":"https:\/\/www.europesays.com\/fr\/wp-json\/wp\/v2\/categories?post=349577"},{"taxonomy":"post_tag","embeddable":true,"href":"https:\/\/www.europesays.com\/fr\/wp-json\/wp\/v2\/tags?post=349577"}],"curies":[{"name":"wp","href":"https:\/\/api.w.org\/{rel}","templated":true}]}}